{"content":"\n\u003Cdiv class=\u0022ajax-loaded\u0022\u003E\n    \u003Cdiv class=\u0022posts\u0022\u003E\n                    \u003Cdiv class=\u0022post-list-item post-list-item-inline\u0022\u003E\n    \u003Ca href=\u0022\/2026\/01\/01\/horoscope-2026-trois-signes-qui-brillent-lumiere-a-un-prix\/\u0022\u003E\n                    \u003Cimg class=\u0022post-cover\u0022 src=\u0022https:\/\/sobusygirls.fr\/media\/cache\/w48\/uploads\/post\/square\/c146f039f3ca71d83a3a21dd70b041f704504321.jpeg\u0022 alt=\u0022Voici les 3 signes qui vont le plus briller en 2026\u2026 mais...\u0022\/\u003E\n                \u003Cdiv class=\u0022post-bottom\u0022\u003E\n            \u003Cspan class=\u0022post-title\u0022\u003EVoici les 3 signes qui vont le plus briller en 2026\u2026 mais attention, la lumi\u00e8re a un prix\u003C\/span\u003E\n            \u003Cspan class=\u0022post-author\u0022\u003ECl\u00e9mence\u003C\/span\u003E\n            \u003Cspan class=\u0022post-date\u0022\u003E29 avril 2026 - 08 : 47\u003C\/span\u003E\n        \u003C\/div\u003E\n    \u003C\/a\u003E\n\u003C\/div\u003E\n                    \u003Cdiv class=\u0022post-list-item post-list-item-inline\u0022\u003E\n    \u003Ca href=\u0022\/2026\/03\/09\/elodie-gossuin-bloquee-dubai-retour-france-famille\/\u0022\u003E\n                    \u003Cimg class=\u0022post-cover\u0022 src=\u0022https:\/\/sobusygirls.fr\/media\/cache\/w48\/uploads\/post\/square\/8b430ce20999df600b12f49a97fd5b181acf5360.jpeg\u0022 alt=\u0022\u0026quot;J\u0026#039;ai le droit d\u0026#039;avoir \u00e9t\u00e9 effray\u00e9e\u0026quot; : Elodie Gossuin enfi...\u0022\/\u003E\n                \u003Cdiv class=\u0022post-bottom\u0022\u003E\n            \u003Cspan class=\u0022post-title\u0022\u003E\u0022J\u0027ai le droit d\u0027avoir \u00e9t\u00e9 effray\u00e9e\u0022\u0026nbsp;: Elodie Gossuin enfin rentr\u00e9e en France apr\u00e8s avoir...\u003C\/span\u003E\n            \u003Cspan class=\u0022post-author\u0022\u003EMyl\u00e8ne\u003C\/span\u003E\n            \u003Cspan class=\u0022post-date\u0022\u003E29 avril 2026 - 08 : 42\u003C\/span\u003E\n        \u003C\/div\u003E\n    \u003C\/a\u003E\n\u003C\/div\u003E\n                    \u003Cdiv class=\u0022post-list-item post-list-item-inline\u0022\u003E\n    \u003Ca href=\u0022\/2026\/04\/20\/notre-victoire-a-la-presidentielle-est-proche-depuis-milan-jordan-bardella-affiche-une-confiance-totale\/\u0022\u003E\n                    \u003Cimg class=\u0022post-cover\u0022 src=\u0022https:\/\/sobusygirls.fr\/media\/cache\/w48\/uploads\/post\/square\/83173da266c53427056e17cd20a4b8df628cc580.jpeg\u0022 alt=\u0022\u00ab Notre victoire \u00e0 la pr\u00e9sidentielle est proche \u00bb : depuis...\u0022\/\u003E\n                \u003Cdiv class=\u0022post-bottom\u0022\u003E\n            \u003Cspan class=\u0022post-title\u0022\u003E\u00ab Notre victoire \u00e0 la pr\u00e9sidentielle est proche \u00bb\u0026nbsp;: depuis Milan, Jordan Bardella affiche...\u003C\/span\u003E\n            \u003Cspan class=\u0022post-author\u0022\u003ELaura\u003C\/span\u003E\n            \u003Cspan class=\u0022post-date\u0022\u003E29 avril 2026 - 08 : 37\u003C\/span\u003E\n        \u003C\/div\u003E\n    \u003C\/a\u003E\n\u003C\/div\u003E\n                    \u003Cdiv class=\u0022post-list-item post-list-item-inline\u0022\u003E\n    \u003Ca href=\u0022\/2026\/04\/29\/charles-iii-recu-par-donald-trump-ce-geste-inattendu-a-la-maison-blanche-qui-enfreint-le-protocole-royal\/\u0022\u003E\n                    \u003Cimg class=\u0022post-cover\u0022 src=\u0022https:\/\/sobusygirls.fr\/media\/cache\/w48\/uploads\/post\/square\/8098d966b6596bbee59f219179c419326ada3bc8.jpeg\u0022 alt=\u0022Charles III re\u00e7u par Donald Trump : ce geste inattendu \u00e0 l...\u0022\/\u003E\n                \u003Cdiv class=\u0022post-bottom\u0022\u003E\n            \u003Cspan class=\u0022post-title\u0022\u003ECharles III re\u00e7u par Donald Trump\u0026nbsp;: ce geste inattendu \u00e0 la Maison-Blanche qui enfreint le...\u003C\/span\u003E\n            \u003Cspan class=\u0022post-author\u0022\u003ELaura\u003C\/span\u003E\n            \u003Cspan class=\u0022post-date\u0022\u003E29 avril 2026 - 08 : 30\u003C\/span\u003E\n        \u003C\/div\u003E\n    \u003C\/a\u003E\n\u003C\/div\u003E\n                    \u003Cdiv class=\u0022post-list-item post-list-item-inline\u0022\u003E\n    \u003Ca href=\u0022\/2026\/02\/23\/laury-thilleman-de-nouveau-amoureuse-ce-celebre-humoriste-qui-a-bouleverse-sa-vie-apres-son-divorce\/\u0022\u003E\n                    \u003Cimg class=\u0022post-cover\u0022 src=\u0022https:\/\/sobusygirls.fr\/media\/cache\/w48\/uploads\/post\/square\/f0d03bb7c04375e72efaadcea36006e92e1b1802.jpeg\u0022 alt=\u0022Laury Thilleman de nouveau amoureuse : ce c\u00e9l\u00e8bre humorist...\u0022\/\u003E\n                \u003Cdiv class=\u0022post-bottom\u0022\u003E\n            \u003Cspan class=\u0022post-title\u0022\u003ELaury Thilleman de nouveau amoureuse\u0026nbsp;: ce c\u00e9l\u00e8bre humoriste qui a boulevers\u00e9 sa vie apr\u00e8s...\u003C\/span\u003E\n            \u003Cspan class=\u0022post-author\u0022\u003EMyl\u00e8ne\u003C\/span\u003E\n            \u003Cspan class=\u0022post-date\u0022\u003E29 avril 2026 - 08 : 30\u003C\/span\u003E\n        \u003C\/div\u003E\n    \u003C\/a\u003E\n\u003C\/div\u003E\n                    \u003Cdiv class=\u0022post-list-item post-list-item-inline\u0022\u003E\n    \u003Ca href=\u0022\/2026\/02\/10\/kate-middleton-pilier-discret-pourquoi-son-role-est-devenu-central-en-plein-scandale-royal\/\u0022\u003E\n                    \u003Cimg class=\u0022post-cover\u0022 src=\u0022https:\/\/sobusygirls.fr\/media\/cache\/w48\/uploads\/post\/square\/48053fcb46e43a4b0597bdec08d3b493df01a527.jpeg\u0022 alt=\u0022Kate Middleton, pilier discret : pourquoi son r\u00f4le est dev...\u0022\/\u003E\n                \u003Cdiv class=\u0022post-bottom\u0022\u003E\n            \u003Cspan class=\u0022post-title\u0022\u003EKate Middleton, pilier discret\u0026nbsp;: pourquoi son r\u00f4le est devenu central en plein scandale ro...\u003C\/span\u003E\n            \u003Cspan class=\u0022post-author\u0022\u003ELaura\u003C\/span\u003E\n            \u003Cspan class=\u0022post-date\u0022\u003E29 avril 2026 - 08 : 25\u003C\/span\u003E\n        \u003C\/div\u003E\n    \u003C\/a\u003E\n\u003C\/div\u003E\n                    \u003Cdiv class=\u0022post-list-item post-list-item-inline\u0022\u003E\n    \u003Ca href=\u0022\/2026\/04\/29\/presidentielle-2027-marine-le-pen-second-tour-bloc-central-strategie\/\u0022\u003E\n                    \u003Cimg class=\u0022post-cover\u0022 src=\u0022https:\/\/sobusygirls.fr\/media\/cache\/w48\/uploads\/post\/square\/aa1b6e7d06f00395ade72d9bcffa4d8a2876dcd8.jpeg\u0022 alt=\u0022Second tour 2027 : Marine Le Pen assume sa strat\u00e9gie face...\u0022\/\u003E\n                \u003Cdiv class=\u0022post-bottom\u0022\u003E\n            \u003Cspan class=\u0022post-title\u0022\u003ESecond tour 2027\u0026nbsp;: Marine Le Pen assume sa strat\u00e9gie face au bloc central et met en garde...\u003C\/span\u003E\n            \u003Cspan class=\u0022post-author\u0022\u003ELaura\u003C\/span\u003E\n            \u003Cspan class=\u0022post-date\u0022\u003E29 avril 2026 - 08 : 20\u003C\/span\u003E\n        \u003C\/div\u003E\n    \u003C\/a\u003E\n\u003C\/div\u003E\n                    \u003Cdiv class=\u0022post-list-item post-list-item-inline\u0022\u003E\n    \u003Ca href=\u0022\/2026\/04\/19\/louis-xiv-philippe-v-naples-comment-cette-dynastie-liee-a-maria-carolina-a-traverse-toute-lhistoire-europeenne\/\u0022\u003E\n                    \u003Cimg class=\u0022post-cover\u0022 src=\u0022https:\/\/sobusygirls.fr\/media\/cache\/w48\/uploads\/post\/square\/af424f89e3060246199283ec300e8aa2e1c3ee5c.jpeg\u0022 alt=\u0022Louis XIV, Philippe V, Naples : comment cette dynastie li\u00e9...\u0022\/\u003E\n                \u003Cdiv class=\u0022post-bottom\u0022\u003E\n            \u003Cspan class=\u0022post-title\u0022\u003ELouis XIV, Philippe V, Naples\u0026nbsp;: comment cette dynastie li\u00e9e \u00e0 Maria Carolina a travers\u00e9 to...\u003C\/span\u003E\n            \u003Cspan class=\u0022post-author\u0022\u003ELaura\u003C\/span\u003E\n            \u003Cspan class=\u0022post-date\u0022\u003E29 avril 2026 - 08 : 20\u003C\/span\u003E\n        \u003C\/div\u003E\n    \u003C\/a\u003E\n\u003C\/div\u003E\n            \u003C\/div\u003E\n            \u003Cdiv class=\u0022posts-load-more-container\u0022\u003E\n            \u003Ca href=\u0022\/ajax\/home\/posts?pp=1777443600\u0026amp;pc=1776627627\u0022 id=\u0022posts-load-more\u0022 class=\u0022posts-load-more\u0022\u003ECharger plus d\u0026#039;articles\u003C\/a\u003E\n        \u003C\/div\u003E\n    \u003C\/div\u003E\n"}