{"content":"\n\u003Cdiv class=\u0022ajax-loaded\u0022\u003E\n    \u003Cdiv class=\u0022posts\u0022\u003E\n                    \u003Cdiv class=\u0022post-list-item post-list-item-inline\u0022\u003E\n    \u003Ca href=\u0022\/2026\/04\/06\/macron-sarkozy-tensions-je-ne-veux-plus-le-voir-conflit\/\u0022\u003E\n                    \u003Cimg class=\u0022post-cover\u0022 src=\u0022https:\/\/sobusygirls.fr\/media\/cache\/w48\/uploads\/post\/square\/20a2ec5121f34dbff4eca586734cf3808372442d.jpeg\u0022 alt=\u0022\u00ab Je ne veux plus le voir \u00bb : ces r\u00e9v\u00e9lations qui confirme...\u0022\/\u003E\n                \u003Cdiv class=\u0022post-bottom\u0022\u003E\n            \u003Cspan class=\u0022post-title\u0022\u003E\u00ab Je ne veux plus le voir \u00bb\u0026nbsp;: ces r\u00e9v\u00e9lations qui confirment la rupture entre Emmanuel Mac...\u003C\/span\u003E\n            \u003Cspan class=\u0022post-author\u0022\u003ELaura\u003C\/span\u003E\n            \u003Cspan class=\u0022post-date\u0022\u003E28 avril 2026 - 19 : 02\u003C\/span\u003E\n        \u003C\/div\u003E\n    \u003C\/a\u003E\n\u003C\/div\u003E\n                    \u003Cdiv class=\u0022post-list-item post-list-item-inline\u0022\u003E\n    \u003Ca href=\u0022\/2026\/04\/28\/prince-harry-ukraine-visites-precedentes-engagement\/\u0022\u003E\n                    \u003Cimg class=\u0022post-cover\u0022 src=\u0022https:\/\/sobusygirls.fr\/media\/cache\/w48\/uploads\/post\/square\/9744dda702b3c165150842289dc375984d56b38d.jpeg\u0022 alt=\u0022Prince Harry en Ukraine : pourquoi cette visite n\u2019est pas...\u0022\/\u003E\n                \u003Cdiv class=\u0022post-bottom\u0022\u003E\n            \u003Cspan class=\u0022post-title\u0022\u003EPrince Harry en Ukraine\u0026nbsp;: pourquoi cette visite n\u2019est pas une premi\u00e8re pour lui\u003C\/span\u003E\n            \u003Cspan class=\u0022post-author\u0022\u003ECl\u00e9mence\u003C\/span\u003E\n            \u003Cspan class=\u0022post-date\u0022\u003E28 avril 2026 - 19 : 00\u003C\/span\u003E\n        \u003C\/div\u003E\n    \u003C\/a\u003E\n\u003C\/div\u003E\n                    \u003Cdiv class=\u0022post-list-item post-list-item-inline\u0022\u003E\n    \u003Ca href=\u0022\/2026\/02\/13\/2-500-euros-par-mois-a-15-ans-ce-detail-sur-la-fille-de-lucie-bernardoni-qui-fait-bondir\/\u0022\u003E\n                    \u003Cimg class=\u0022post-cover\u0022 src=\u0022https:\/\/sobusygirls.fr\/media\/cache\/w48\/uploads\/post\/square\/ef4373b36545bb0e1a76971d2cf70f64f6110552.jpeg\u0022 alt=\u0022\u00ab 2 500 euros par mois \u00e0 15 ans \u00bb : ce d\u00e9tail sur la fille...\u0022\/\u003E\n                \u003Cdiv class=\u0022post-bottom\u0022\u003E\n            \u003Cspan class=\u0022post-title\u0022\u003E\u00ab 2 500 euros par mois \u00e0 15 ans \u00bb\u0026nbsp;: ce d\u00e9tail sur la fille de Lucie Bernardoni qui fait bo...\u003C\/span\u003E\n            \u003Cspan class=\u0022post-author\u0022\u003ECl\u00e9mence\u003C\/span\u003E\n            \u003Cspan class=\u0022post-date\u0022\u003E28 avril 2026 - 18 : 57\u003C\/span\u003E\n        \u003C\/div\u003E\n    \u003C\/a\u003E\n\u003C\/div\u003E\n                    \u003Cdiv class=\u0022post-list-item post-list-item-inline\u0022\u003E\n    \u003Ca href=\u0022\/2026\/04\/28\/lea-salame-question-francais-royal-cope-debat-quelle-epoque\/\u0022\u003E\n                    \u003Cimg class=\u0022post-cover\u0022 src=\u0022https:\/\/sobusygirls.fr\/media\/cache\/w48\/uploads\/post\/square\/5b7cb7a3f05cc41570b4a927d2be776ef647ca77.jpeg\u0022 alt=\u0022\u00ab Mais alors qu\u2019est-ce que vous r\u00e9pondez \u00e0 ces Fran\u00e7ais ?...\u0022\/\u003E\n                \u003Cdiv class=\u0022post-bottom\u0022\u003E\n            \u003Cspan class=\u0022post-title\u0022\u003E\u00ab Mais alors qu\u2019est-ce que vous r\u00e9pondez \u00e0 ces Fran\u00e7ais\u0026nbsp;? \u00bb\u0026nbsp;: la question de L\u00e9a Salam\u00e9 qu...\u003C\/span\u003E\n            \u003Cspan class=\u0022post-author\u0022\u003ELaura\u003C\/span\u003E\n            \u003Cspan class=\u0022post-date\u0022\u003E28 avril 2026 - 18 : 55\u003C\/span\u003E\n        \u003C\/div\u003E\n    \u003C\/a\u003E\n\u003C\/div\u003E\n                    \u003Cdiv class=\u0022post-list-item post-list-item-inline\u0022\u003E\n    \u003Ca href=\u0022\/2026\/04\/11\/jordan-bardella-couple-catherine-nay-analyse-relation-politique-presidentielle\/\u0022\u003E\n                    \u003Cimg class=\u0022post-cover\u0022 src=\u0022https:\/\/sobusygirls.fr\/media\/cache\/w48\/uploads\/post\/square\/1df709f0a4649138b41007be4c2ee2c05efa2653.jpeg\u0022 alt=\u0022\u0026quot;C\u2019est un message politique qui est calcul\u00e9\u0026quot; : pourquoi la...\u0022\/\u003E\n                \u003Cdiv class=\u0022post-bottom\u0022\u003E\n            \u003Cspan class=\u0022post-title\u0022\u003E\u0022C\u2019est un message politique qui est calcul\u00e9\u0022\u0026nbsp;: pourquoi la relation suppos\u00e9e de Jordan Bar...\u003C\/span\u003E\n            \u003Cspan class=\u0022post-author\u0022\u003ELaura\u003C\/span\u003E\n            \u003Cspan class=\u0022post-date\u0022\u003E28 avril 2026 - 18 : 52\u003C\/span\u003E\n        \u003C\/div\u003E\n    \u003C\/a\u003E\n\u003C\/div\u003E\n                    \u003Cdiv class=\u0022post-list-item post-list-item-inline\u0022\u003E\n    \u003Ca href=\u0022\/2026\/04\/28\/trump-visite-charles-iii-camilla-maison-blanche-tensions\/\u0022\u003E\n                    \u003Cimg class=\u0022post-cover\u0022 src=\u0022https:\/\/sobusygirls.fr\/media\/cache\/w48\/uploads\/post\/square\/3a88080b63f5334e41ba1672eba2e52fcb4c1b7d.jpeg\u0022 alt=\u0022Visite royale sous tension : ce d\u00e9tail inattendu \u00e0 la Mais...\u0022\/\u003E\n                \u003Cdiv class=\u0022post-bottom\u0022\u003E\n            \u003Cspan class=\u0022post-title\u0022\u003EVisite royale sous tension\u0026nbsp;: ce d\u00e9tail inattendu \u00e0 la Maison-Blanche intrigue avant l\u2019arri...\u003C\/span\u003E\n            \u003Cspan class=\u0022post-author\u0022\u003ELaura\u003C\/span\u003E\n            \u003Cspan class=\u0022post-date\u0022\u003E28 avril 2026 - 18 : 50\u003C\/span\u003E\n        \u003C\/div\u003E\n    \u003C\/a\u003E\n\u003C\/div\u003E\n                    \u003Cdiv class=\u0022post-list-item post-list-item-inline\u0022\u003E\n    \u003Ca href=\u0022\/2025\/11\/30\/tbt9-christine-bravo-salaire-4000-euros-emission-w9-hanouna\/\u0022\u003E\n                    \u003Cimg class=\u0022post-cover\u0022 src=\u0022https:\/\/sobusygirls.fr\/media\/cache\/w48\/uploads\/post\/square\/8863c2a480fbff5e8355722875948b4ee5ce3107.jpeg\u0022 alt=\u0022Christine Bravo de retour dans TBT9 : voici combien elle e...\u0022\/\u003E\n                \u003Cdiv class=\u0022post-bottom\u0022\u003E\n            \u003Cspan class=\u0022post-title\u0022\u003EChristine Bravo de retour dans TBT9\u0026nbsp;: voici combien elle est pay\u00e9e par \u00e9mission\u003C\/span\u003E\n            \u003Cspan class=\u0022post-author\u0022\u003EMyl\u00e8ne\u003C\/span\u003E\n            \u003Cspan class=\u0022post-date\u0022\u003E28 avril 2026 - 18 : 47\u003C\/span\u003E\n        \u003C\/div\u003E\n    \u003C\/a\u003E\n\u003C\/div\u003E\n                    \u003Cdiv class=\u0022post-list-item post-list-item-inline\u0022\u003E\n    \u003Ca href=\u0022\/2026\/04\/28\/delon-freres-conflit-justice-diffamation-procedure\/\u0022\u003E\n                    \u003Cimg class=\u0022post-cover\u0022 src=\u0022https:\/\/sobusygirls.fr\/media\/cache\/w48\/uploads\/post\/square\/2cd1c7beef989c00ec6b86bd5e5d2999296b9a99.jpeg\u0022 alt=\u0022\u201c\u00c7a ira devant un juge\u201d : pourquoi la guerre entre Anthony...\u0022\/\u003E\n                \u003Cdiv class=\u0022post-bottom\u0022\u003E\n            \u003Cspan class=\u0022post-title\u0022\u003E\u201c\u00c7a ira devant un juge\u201d\u0026nbsp;: pourquoi la guerre entre Anthony et Alain-Fabien Delon pourrait...\u003C\/span\u003E\n            \u003Cspan class=\u0022post-author\u0022\u003ECl\u00e9mence\u003C\/span\u003E\n            \u003Cspan class=\u0022post-date\u0022\u003E28 avril 2026 - 18 : 45\u003C\/span\u003E\n        \u003C\/div\u003E\n    \u003C\/a\u003E\n\u003C\/div\u003E\n            \u003C\/div\u003E\n            \u003Cdiv class=\u0022posts-load-more-container\u0022\u003E\n            \u003Ca href=\u0022\/ajax\/home\/posts?pp=1777394700\u0026amp;pc=1777368525\u0022 id=\u0022posts-load-more\u0022 class=\u0022posts-load-more\u0022\u003ECharger plus d\u0026#039;articles\u003C\/a\u003E\n        \u003C\/div\u003E\n    \u003C\/div\u003E\n"}