{"content":"\n\u003Cdiv class=\u0022ajax-loaded\u0022\u003E\n    \u003Cdiv class=\u0022posts\u0022\u003E\n                    \u003Cdiv class=\u0022post-list-item post-list-item-inline\u0022\u003E\n    \u003Ca href=\u0022\/2026\/04\/20\/royaume-deux-siciles-fin-1861-unification-italie\/\u0022\u003E\n                    \u003Cimg class=\u0022post-cover\u0022 src=\u0022https:\/\/sobusygirls.fr\/media\/cache\/w48\/uploads\/post\/square\/7913625bbe51d2343432015524fb90e6324a8d03.jpeg\u0022 alt=\u0022Comment le royaume des Deux-Siciles a disparu en 1861 et c...\u0022\/\u003E\n                \u003Cdiv class=\u0022post-bottom\u0022\u003E\n            \u003Cspan class=\u0022post-title\u0022\u003EComment le royaume des Deux-Siciles a disparu en 1861 et ce que cela a chang\u00e9 pour la fami...\u003C\/span\u003E\n            \u003Cspan class=\u0022post-author\u0022\u003ECl\u00e9mence\u003C\/span\u003E\n            \u003Cspan class=\u0022post-date\u0022\u003E28 avril 2026 - 22 : 42\u003C\/span\u003E\n        \u003C\/div\u003E\n    \u003C\/a\u003E\n\u003C\/div\u003E\n                    \u003Cdiv class=\u0022post-list-item post-list-item-inline\u0022\u003E\n    \u003Ca href=\u0022\/2026\/04\/28\/designation-candidat-gauche-2027-primaire-debat\/\u0022\u003E\n                    \u003Cimg class=\u0022post-cover\u0022 src=\u0022https:\/\/sobusygirls.fr\/media\/cache\/w48\/uploads\/post\/square\/4e366039fd5644b11571532b244c398fdaec4c39.jpeg\u0022 alt=\u0022Primaire ou d\u00e9cision tardive : ce d\u00e9saccord \u00e0 gauche pourr...\u0022\/\u003E\n                \u003Cdiv class=\u0022post-bottom\u0022\u003E\n            \u003Cspan class=\u0022post-title\u0022\u003EPrimaire ou d\u00e9cision tardive\u0026nbsp;: ce d\u00e9saccord \u00e0 gauche pourrait tout changer pour 2027\u003C\/span\u003E\n            \u003Cspan class=\u0022post-author\u0022\u003ELaura\u003C\/span\u003E\n            \u003Cspan class=\u0022post-date\u0022\u003E28 avril 2026 - 22 : 40\u003C\/span\u003E\n        \u003C\/div\u003E\n    \u003C\/a\u003E\n\u003C\/div\u003E\n                    \u003Cdiv class=\u0022post-list-item post-list-item-inline\u0022\u003E\n    \u003Ca href=\u0022\/2026\/03\/09\/jean-jacques-goldman-six-enfants-famille\/\u0022\u003E\n                    \u003Cimg class=\u0022post-cover\u0022 src=\u0022https:\/\/sobusygirls.fr\/media\/cache\/w48\/uploads\/post\/square\/fdb899d133661fc179f686abdfec21a7b435ee72.jpeg\u0022 alt=\u0022Jean-Jacques Goldman : ses 6 enfants, ses deux femmes\u2026 la...\u0022\/\u003E\n                \u003Cdiv class=\u0022post-bottom\u0022\u003E\n            \u003Cspan class=\u0022post-title\u0022\u003EJean-Jacques Goldman\u0026nbsp;: ses 6 enfants, ses deux femmes\u2026 la discr\u00e8te tribu de la star pr\u00e9f\u00e9r...\u003C\/span\u003E\n            \u003Cspan class=\u0022post-author\u0022\u003ELaura\u003C\/span\u003E\n            \u003Cspan class=\u0022post-date\u0022\u003E28 avril 2026 - 22 : 37\u003C\/span\u003E\n        \u003C\/div\u003E\n    \u003C\/a\u003E\n\u003C\/div\u003E\n                    \u003Cdiv class=\u0022post-list-item post-list-item-inline\u0022\u003E\n    \u003Ca href=\u0022\/2026\/04\/20\/le-telephone-narrete-pas-de-sonner-ce-signe-qui-montre-que-francois-hollande-est-deja-de-retour\/\u0022\u003E\n                    \u003Cimg class=\u0022post-cover\u0022 src=\u0022https:\/\/sobusygirls.fr\/media\/cache\/w48\/uploads\/post\/square\/37b492767ebe71cc0c0f640c12ce267202f61fee.jpeg\u0022 alt=\u0022\u201cLe t\u00e9l\u00e9phone n\u2019arr\u00eate pas de sonner\u201d : ce signe qui montr...\u0022\/\u003E\n                \u003Cdiv class=\u0022post-bottom\u0022\u003E\n            \u003Cspan class=\u0022post-title\u0022\u003E\u201cLe t\u00e9l\u00e9phone n\u2019arr\u00eate pas de sonner\u201d\u0026nbsp;: ce signe qui montre que Fran\u00e7ois Hollande est d\u00e9j\u00e0...\u003C\/span\u003E\n            \u003Cspan class=\u0022post-author\u0022\u003ELaura\u003C\/span\u003E\n            \u003Cspan class=\u0022post-date\u0022\u003E28 avril 2026 - 22 : 32\u003C\/span\u003E\n        \u003C\/div\u003E\n    \u003C\/a\u003E\n\u003C\/div\u003E\n                    \u003Cdiv class=\u0022post-list-item post-list-item-inline\u0022\u003E\n    \u003Ca href=\u0022\/2026\/04\/20\/elle-lui-prepare-ce-plat-precis-ce-geste-tres-intime-de-maria-carolina-pour-jordan-bardella-qui-en-dit-long\/\u0022\u003E\n                    \u003Cimg class=\u0022post-cover\u0022 src=\u0022https:\/\/sobusygirls.fr\/media\/cache\/w48\/uploads\/post\/square\/8a5c1d6264959e75dd86be5c7267454b85a97254.jpeg\u0022 alt=\u0022\u201cElle lui pr\u00e9pare ce plat pr\u00e9cis\u201d : ce geste tr\u00e8s intime d...\u0022\/\u003E\n                \u003Cdiv class=\u0022post-bottom\u0022\u003E\n            \u003Cspan class=\u0022post-title\u0022\u003E\u201cElle lui pr\u00e9pare ce plat pr\u00e9cis\u201d\u0026nbsp;: ce geste tr\u00e8s intime de Maria Carolina pour Jordan Bar...\u003C\/span\u003E\n            \u003Cspan class=\u0022post-author\u0022\u003ELaura\u003C\/span\u003E\n            \u003Cspan class=\u0022post-date\u0022\u003E28 avril 2026 - 22 : 27\u003C\/span\u003E\n        \u003C\/div\u003E\n    \u003C\/a\u003E\n\u003C\/div\u003E\n                    \u003Cdiv class=\u0022post-list-item post-list-item-inline\u0022\u003E\n    \u003Ca href=\u0022\/2026\/02\/11\/donald-trump-brigitte-macron-premiere-rencontre-remarque-genante-14-juillet-2017\/\u0022\u003E\n                    \u003Cimg class=\u0022post-cover\u0022 src=\u0022https:\/\/sobusygirls.fr\/media\/cache\/w48\/uploads\/post\/square\/852b6c40c8df0a2e20a4690d3d8edd2a61f1c7d0.jpeg\u0022 alt=\u0022\u201cElle est en forme !\u201d : la phrase de Donald Trump \u00e0 Brigit...\u0022\/\u003E\n                \u003Cdiv class=\u0022post-bottom\u0022\u003E\n            \u003Cspan class=\u0022post-title\u0022\u003E\u201cElle est en forme\u0026nbsp;!\u201d\u0026nbsp;: la phrase de Donald Trump \u00e0 Brigitte Macron qui a cr\u00e9\u00e9 un malaise...\u003C\/span\u003E\n            \u003Cspan class=\u0022post-author\u0022\u003ECl\u00e9mence\u003C\/span\u003E\n            \u003Cspan class=\u0022post-date\u0022\u003E28 avril 2026 - 22 : 22\u003C\/span\u003E\n        \u003C\/div\u003E\n    \u003C\/a\u003E\n\u003C\/div\u003E\n                    \u003Cdiv class=\u0022post-list-item post-list-item-inline\u0022\u003E\n    \u003Ca href=\u0022\/2026\/03\/23\/pire-quune-humiliation-patrick-cohen-sattaque-frontalement-a-rachida-dati-apres-sa-lourde-defaite-a-paris\/\u0022\u003E\n                    \u003Cimg class=\u0022post-cover\u0022 src=\u0022https:\/\/sobusygirls.fr\/media\/cache\/w48\/uploads\/post\/square\/fa66aac3a26c666dd05723d2ab3bd3b0004d92f7.jpeg\u0022 alt=\u0022\u201cPire qu\u2019une humiliation\u201d : Patrick Cohen s\u2019attaque fronta...\u0022\/\u003E\n                \u003Cdiv class=\u0022post-bottom\u0022\u003E\n            \u003Cspan class=\u0022post-title\u0022\u003E\u201cPire qu\u2019une humiliation\u201d\u0026nbsp;: Patrick Cohen s\u2019attaque frontalement \u00e0 Rachida Dati apr\u00e8s sa l...\u003C\/span\u003E\n            \u003Cspan class=\u0022post-author\u0022\u003ELaura\u003C\/span\u003E\n            \u003Cspan class=\u0022post-date\u0022\u003E28 avril 2026 - 22 : 17\u003C\/span\u003E\n        \u003C\/div\u003E\n    \u003C\/a\u003E\n\u003C\/div\u003E\n                    \u003Cdiv class=\u0022post-list-item post-list-item-inline\u0022\u003E\n    \u003Ca href=\u0022\/2026\/04\/28\/natalie-portman-maternite-44-ans-grossesse-realite-temoignage\/\u0022\u003E\n                    \u003Cimg class=\u0022post-cover\u0022 src=\u0022https:\/\/sobusygirls.fr\/media\/cache\/w48\/uploads\/post\/square\/f330b46632a247b03a197b44e28c5aa0278d19da.jpeg\u0022 alt=\u0022\u00ab C\u2019est si beau mais aussi si compliqu\u00e9 \u00bb : la confession...\u0022\/\u003E\n                \u003Cdiv class=\u0022post-bottom\u0022\u003E\n            \u003Cspan class=\u0022post-title\u0022\u003E\u00ab C\u2019est si beau mais aussi si compliqu\u00e9 \u00bb\u0026nbsp;: la confession de Natalie Portman sur sa grosse...\u003C\/span\u003E\n            \u003Cspan class=\u0022post-author\u0022\u003ECl\u00e9mence\u003C\/span\u003E\n            \u003Cspan class=\u0022post-date\u0022\u003E28 avril 2026 - 22 : 15\u003C\/span\u003E\n        \u003C\/div\u003E\n    \u003C\/a\u003E\n\u003C\/div\u003E\n            \u003C\/div\u003E\n            \u003Cdiv class=\u0022posts-load-more-container\u0022\u003E\n            \u003Ca href=\u0022\/ajax\/home\/posts?pp=1777407300\u0026amp;pc=1777396800\u0022 id=\u0022posts-load-more\u0022 class=\u0022posts-load-more\u0022\u003ECharger plus d\u0026#039;articles\u003C\/a\u003E\n        \u003C\/div\u003E\n    \u003C\/div\u003E\n"}