{"content":"\n\u003Cdiv class=\u0022ajax-loaded\u0022\u003E\n    \u003Cdiv class=\u0022posts\u0022\u003E\n                    \u003Cdiv class=\u0022post-list-item post-list-item-inline\u0022\u003E\n    \u003Ca href=\u0022\/2026\/02\/11\/sophie-marceau-agacee-tf1-question-la-boum-lol-2-0\/\u0022\u003E\n                    \u003Cimg class=\u0022post-cover\u0022 src=\u0022https:\/\/sobusygirls.fr\/media\/cache\/w48\/uploads\/post\/square\/5b4e7ae5677206b8db8cb33e340faa468367ec6a.jpeg\u0022 alt=\u0022\u201cC\u2019est bon quoi !\u201d : Sophie Marceau s\u00e8che une journaliste...\u0022\/\u003E\n                \u003Cdiv class=\u0022post-bottom\u0022\u003E\n            \u003Cspan class=\u0022post-title\u0022\u003E\u201cC\u2019est bon quoi\u0026nbsp;!\u201d\u0026nbsp;: Sophie Marceau s\u00e8che une journaliste de TF1 en pleine promo de LOL 2....\u003C\/span\u003E\n            \u003Cspan class=\u0022post-author\u0022\u003EMyl\u00e8ne\u003C\/span\u003E\n            \u003Cspan class=\u0022post-date\u0022\u003E27 avril 2026 - 23 : 07\u003C\/span\u003E\n        \u003C\/div\u003E\n    \u003C\/a\u003E\n\u003C\/div\u003E\n                    \u003Cdiv class=\u0022post-list-item post-list-item-inline\u0022\u003E\n    \u003Ca href=\u0022\/2026\/04\/27\/prince-harry-message-ukraine-discours-kiev-soutien\/\u0022\u003E\n                    \u003Cimg class=\u0022post-cover\u0022 src=\u0022https:\/\/sobusygirls.fr\/media\/cache\/w48\/uploads\/post\/square\/78781908c540378eef3828300e0932aceb640480.jpeg\u0022 alt=\u0022\u00ab Le monde vous respecte \u00bb : le message du prince Harry en...\u0022\/\u003E\n                \u003Cdiv class=\u0022post-bottom\u0022\u003E\n            \u003Cspan class=\u0022post-title\u0022\u003E\u00ab Le monde vous respecte \u00bb\u0026nbsp;: le message du prince Harry en Ukraine qui ne passe pas inaper...\u003C\/span\u003E\n            \u003Cspan class=\u0022post-author\u0022\u003ELaura\u003C\/span\u003E\n            \u003Cspan class=\u0022post-date\u0022\u003E27 avril 2026 - 23 : 05\u003C\/span\u003E\n        \u003C\/div\u003E\n    \u003C\/a\u003E\n\u003C\/div\u003E\n                    \u003Cdiv class=\u0022post-list-item post-list-item-inline\u0022\u003E\n    \u003Ca href=\u0022\/2026\/02\/16\/jai-eu-la-chance-quil-maime-cette-confidence-touchante-au-coeur-du-voyage-demmanuel-macron\/\u0022\u003E\n                    \u003Cimg class=\u0022post-cover\u0022 src=\u0022https:\/\/sobusygirls.fr\/media\/cache\/w48\/uploads\/post\/square\/b11716a292bc2a0ac6d19e076b531ef57394907c.jpeg\u0022 alt=\u0022\u201cJ\u2019ai eu la chance qu\u2019il m\u2019aime\u2026\u201d : cette confidence touch...\u0022\/\u003E\n                \u003Cdiv class=\u0022post-bottom\u0022\u003E\n            \u003Cspan class=\u0022post-title\u0022\u003E\u201cJ\u2019ai eu la chance qu\u2019il m\u2019aime\u2026\u201d\u0026nbsp;: cette confidence touchante au c\u0153ur du voyage d\u2019Emmanue...\u003C\/span\u003E\n            \u003Cspan class=\u0022post-author\u0022\u003ELaura\u003C\/span\u003E\n            \u003Cspan class=\u0022post-date\u0022\u003E27 avril 2026 - 23 : 02\u003C\/span\u003E\n        \u003C\/div\u003E\n    \u003C\/a\u003E\n\u003C\/div\u003E\n                    \u003Cdiv class=\u0022post-list-item post-list-item-inline\u0022\u003E\n    \u003Ca href=\u0022\/2026\/04\/27\/ce-mardi-la-meteo-pourrait-surprendre-ces-23-departements-deja-sous-surveillance\/\u0022\u003E\n                    \u003Cimg class=\u0022post-cover\u0022 src=\u0022https:\/\/sobusygirls.fr\/media\/cache\/w48\/uploads\/post\/square\/e331ca498809e4ab905867600216fb396637faf1.jpeg\u0022 alt=\u0022Ce mardi, la m\u00e9t\u00e9o pourrait surprendre : ces 23 d\u00e9partemen...\u0022\/\u003E\n                \u003Cdiv class=\u0022post-bottom\u0022\u003E\n            \u003Cspan class=\u0022post-title\u0022\u003ECe mardi, la m\u00e9t\u00e9o pourrait surprendre\u0026nbsp;: ces 23 d\u00e9partements d\u00e9j\u00e0 sous surveillance\u003C\/span\u003E\n            \u003Cspan class=\u0022post-author\u0022\u003ELaura\u003C\/span\u003E\n            \u003Cspan class=\u0022post-date\u0022\u003E27 avril 2026 - 23 : 00\u003C\/span\u003E\n        \u003C\/div\u003E\n    \u003C\/a\u003E\n\u003C\/div\u003E\n                    \u003Cdiv class=\u0022post-list-item post-list-item-inline\u0022\u003E\n    \u003Ca href=\u0022\/2026\/02\/23\/francois-hollande-perte-poids-rtl-caveriviere-presidentielle-2027\/\u0022\u003E\n                    \u003Cimg class=\u0022post-cover\u0022 src=\u0022https:\/\/sobusygirls.fr\/media\/cache\/w48\/uploads\/post\/square\/a630787f45574a9ea75eedb7bdd81145f3463816.jpeg\u0022 alt=\u0022Fran\u00e7ois Hollande aminci et hilare face aux piques de Phil...\u0022\/\u003E\n                \u003Cdiv class=\u0022post-bottom\u0022\u003E\n            \u003Cspan class=\u0022post-title\u0022\u003EFran\u00e7ois Hollande aminci et hilare face aux piques de Philippe Caverivi\u00e8re\u0026nbsp;: simple r\u00e9gime...\u003C\/span\u003E\n            \u003Cspan class=\u0022post-author\u0022\u003ECl\u00e9mence\u003C\/span\u003E\n            \u003Cspan class=\u0022post-date\u0022\u003E27 avril 2026 - 22 : 57\u003C\/span\u003E\n        \u003C\/div\u003E\n    \u003C\/a\u003E\n\u003C\/div\u003E\n                    \u003Cdiv class=\u0022post-list-item post-list-item-inline\u0022\u003E\n    \u003Ca href=\u0022\/2026\/04\/27\/parce-quil-avait-la-dalle-ces-phrases-crues-qui-choquent-et-ravivent-la-polemique-autour-de-patrick-bruel\/\u0022\u003E\n                    \u003Cimg class=\u0022post-cover\u0022 src=\u0022https:\/\/sobusygirls.fr\/media\/cache\/w48\/uploads\/post\/square\/f26a104263d3e00b0c63d27937d525386e6f6659.jpeg\u0022 alt=\u0022\u201cParce qu\u2019il avait la dalle\u2026\u201d : ces phrases crues qui choq...\u0022\/\u003E\n                \u003Cdiv class=\u0022post-bottom\u0022\u003E\n            \u003Cspan class=\u0022post-title\u0022\u003E\u201cParce qu\u2019il avait la dalle\u2026\u201d\u0026nbsp;: ces phrases crues qui choquent et ravivent la pol\u00e9mique au...\u003C\/span\u003E\n            \u003Cspan class=\u0022post-author\u0022\u003ELaura\u003C\/span\u003E\n            \u003Cspan class=\u0022post-date\u0022\u003E27 avril 2026 - 22 : 55\u003C\/span\u003E\n        \u003C\/div\u003E\n    \u003C\/a\u003E\n\u003C\/div\u003E\n                    \u003Cdiv class=\u0022post-list-item post-list-item-inline\u0022\u003E\n    \u003Ca href=\u0022\/2026\/03\/26\/la-droite-nexiste-plus-la-phrase-choc-de-bardella-qui-relance-la-bataille-politique\/\u0022\u003E\n                    \u003Cimg class=\u0022post-cover\u0022 src=\u0022https:\/\/sobusygirls.fr\/media\/cache\/w48\/uploads\/post\/square\/392c6e3b20c8f206267dc6e415b9cc02df9117f6.jpeg\u0022 alt=\u0022\u00ab La droite n\u2019existe plus \u00bb : la phrase choc de Bardella q...\u0022\/\u003E\n                \u003Cdiv class=\u0022post-bottom\u0022\u003E\n            \u003Cspan class=\u0022post-title\u0022\u003E\u00ab La droite n\u2019existe plus \u00bb\u0026nbsp;: la phrase choc de Bardella qui relance la bataille politique\u003C\/span\u003E\n            \u003Cspan class=\u0022post-author\u0022\u003ELaura\u003C\/span\u003E\n            \u003Cspan class=\u0022post-date\u0022\u003E27 avril 2026 - 22 : 52\u003C\/span\u003E\n        \u003C\/div\u003E\n    \u003C\/a\u003E\n\u003C\/div\u003E\n                    \u003Cdiv class=\u0022post-list-item post-list-item-inline\u0022\u003E\n    \u003Ca href=\u0022\/2026\/04\/27\/soiree-correspondants-maison-blanche-tirs-ambiance\/\u0022\u003E\n                    \u003Cimg class=\u0022post-cover\u0022 src=\u0022https:\/\/sobusygirls.fr\/media\/cache\/w48\/uploads\/post\/square\/61ac7ab1e95483da9e013f2815e8636bdbeb3632.jpeg\u0022 alt=\u0022\u00ab Une soir\u00e9e qui devait \u00eatre l\u00e9g\u00e8re \u00bb : comment les tirs o...\u0022\/\u003E\n                \u003Cdiv class=\u0022post-bottom\u0022\u003E\n            \u003Cspan class=\u0022post-title\u0022\u003E\u00ab Une soir\u00e9e qui devait \u00eatre l\u00e9g\u00e8re \u00bb\u0026nbsp;: comment les tirs ont boulevers\u00e9 le d\u00eener des corre...\u003C\/span\u003E\n            \u003Cspan class=\u0022post-author\u0022\u003ELaura\u003C\/span\u003E\n            \u003Cspan class=\u0022post-date\u0022\u003E27 avril 2026 - 22 : 50\u003C\/span\u003E\n        \u003C\/div\u003E\n    \u003C\/a\u003E\n\u003C\/div\u003E\n            \u003C\/div\u003E\n            \u003Cdiv class=\u0022posts-load-more-container\u0022\u003E\n            \u003Ca href=\u0022\/ajax\/home\/posts?pp=1777323000\u0026amp;pc=1777299530\u0022 id=\u0022posts-load-more\u0022 class=\u0022posts-load-more\u0022\u003ECharger plus d\u0026#039;articles\u003C\/a\u003E\n        \u003C\/div\u003E\n    \u003C\/div\u003E\n"}