{"content":"\n\u003Cdiv class=\u0022ajax-loaded\u0022\u003E\n    \u003Cdiv class=\u0022posts\u0022\u003E\n                    \u003Cdiv class=\u0022post-list-item post-list-item-inline\u0022\u003E\n    \u003Ca href=\u0022\/2026\/04\/17\/leur-rencontre-a-monaco-intrigue-encore-ce-moment-precis-ou-tout-a-commence-entre-maria-carolina-et-jordan-bardella\/\u0022\u003E\n                    \u003Cimg class=\u0022post-cover\u0022 src=\u0022https:\/\/sobusygirls.fr\/media\/cache\/w48\/uploads\/post\/square\/050e9a54620be0a55722d141b931337a159cbcea.jpeg\u0022 alt=\u0022Leur rencontre \u00e0 Monaco intrigue encore : ce moment pr\u00e9cis...\u0022\/\u003E\n                \u003Cdiv class=\u0022post-bottom\u0022\u003E\n            \u003Cspan class=\u0022post-title\u0022\u003ELeur rencontre \u00e0 Monaco intrigue encore\u0026nbsp;: ce moment pr\u00e9cis o\u00f9 tout a commenc\u00e9 entre Maria...\u003C\/span\u003E\n            \u003Cspan class=\u0022post-author\u0022\u003ECl\u00e9mence\u003C\/span\u003E\n            \u003Cspan class=\u0022post-date\u0022\u003E27 avril 2026 - 18 : 52\u003C\/span\u003E\n        \u003C\/div\u003E\n    \u003C\/a\u003E\n\u003C\/div\u003E\n                    \u003Cdiv class=\u0022post-list-item post-list-item-inline\u0022\u003E\n    \u003Ca href=\u0022\/2026\/04\/27\/arrete-en-quelques-minutes-ce-que-lon-sait-du-suspect-apres-les-tirs-visant-donald-trump-a-washington\/\u0022\u003E\n                    \u003Cimg class=\u0022post-cover\u0022 src=\u0022https:\/\/sobusygirls.fr\/media\/cache\/w48\/uploads\/post\/square\/101ba16d0c3ec3ed4be2af552874ff3e2f07d1b1.jpeg\u0022 alt=\u0022\u00ab Arr\u00eat\u00e9 en quelques minutes \u00bb : ce que l\u2019on sait du suspe...\u0022\/\u003E\n                \u003Cdiv class=\u0022post-bottom\u0022\u003E\n            \u003Cspan class=\u0022post-title\u0022\u003E\u00ab Arr\u00eat\u00e9 en quelques minutes \u00bb\u0026nbsp;: ce que l\u2019on sait du suspect apr\u00e8s les tirs visant Donald...\u003C\/span\u003E\n            \u003Cspan class=\u0022post-author\u0022\u003ELaura\u003C\/span\u003E\n            \u003Cspan class=\u0022post-date\u0022\u003E27 avril 2026 - 18 : 50\u003C\/span\u003E\n        \u003C\/div\u003E\n    \u003C\/a\u003E\n\u003C\/div\u003E\n                    \u003Cdiv class=\u0022post-list-item post-list-item-inline\u0022\u003E\n    \u003Ca href=\u0022\/2026\/03\/20\/brigitte-macron-habitudes-tv-grandes-gueules-secret\/\u0022\u003E\n                    \u003Cimg class=\u0022post-cover\u0022 src=\u0022https:\/\/sobusygirls.fr\/media\/cache\/w48\/uploads\/post\/square\/58b98f555659962898a654d981d596cb46ebb144.jpeg\u0022 alt=\u0022\u201cJe vous \u00e9coute en faisant mon courrier\u201d : la routine inat...\u0022\/\u003E\n                \u003Cdiv class=\u0022post-bottom\u0022\u003E\n            \u003Cspan class=\u0022post-title\u0022\u003E\u201cJe vous \u00e9coute en faisant mon courrier\u201d\u0026nbsp;: la routine inattendue de Brigitte Macron d\u00e9voil...\u003C\/span\u003E\n            \u003Cspan class=\u0022post-author\u0022\u003ELaura\u003C\/span\u003E\n            \u003Cspan class=\u0022post-date\u0022\u003E27 avril 2026 - 18 : 47\u003C\/span\u003E\n        \u003C\/div\u003E\n    \u003C\/a\u003E\n\u003C\/div\u003E\n                    \u003Cdiv class=\u0022post-list-item post-list-item-inline\u0022\u003E\n    \u003Ca href=\u0022\/2026\/04\/17\/cette-confusion-autour-de-la-rencontre-de-carla-bruni-et-nicolas-sarkozy-dure-depuis-des-annees-et-qui-vient-detre-corrigee\/\u0022\u003E\n                    \u003Cimg class=\u0022post-cover\u0022 src=\u0022https:\/\/sobusygirls.fr\/media\/cache\/w48\/uploads\/post\/square\/8711045998d1ea210b2fb8b23dde683cdd8f315a.jpeg\u0022 alt=\u0022Cette confusion autour de la rencontre de Carla Bruni et N...\u0022\/\u003E\n                \u003Cdiv class=\u0022post-bottom\u0022\u003E\n            \u003Cspan class=\u0022post-title\u0022\u003ECette confusion autour de la rencontre de Carla Bruni et Nicolas Sarkozy dure depuis des a...\u003C\/span\u003E\n            \u003Cspan class=\u0022post-author\u0022\u003ELaura\u003C\/span\u003E\n            \u003Cspan class=\u0022post-date\u0022\u003E27 avril 2026 - 18 : 42\u003C\/span\u003E\n        \u003C\/div\u003E\n    \u003C\/a\u003E\n\u003C\/div\u003E\n                    \u003Cdiv class=\u0022post-list-item post-list-item-inline\u0022\u003E\n    \u003Ca href=\u0022\/2026\/04\/17\/a-6-dans-les-sondages-pourquoi-francois-hollande-croit-encore-a-un-retour-en-2027\/\u0022\u003E\n                    \u003Cimg class=\u0022post-cover\u0022 src=\u0022https:\/\/sobusygirls.fr\/media\/cache\/w48\/uploads\/post\/square\/32b01264857407df02ce6c554090f7ae7a483fce.jpeg\u0022 alt=\u0022\u00c0 6 % dans les sondages, pourquoi Fran\u00e7ois Hollande croit...\u0022\/\u003E\n                \u003Cdiv class=\u0022post-bottom\u0022\u003E\n            \u003Cspan class=\u0022post-title\u0022\u003E\u00c0 6 % dans les sondages, pourquoi Fran\u00e7ois Hollande croit encore \u00e0 un retour en 2027\u003C\/span\u003E\n            \u003Cspan class=\u0022post-author\u0022\u003ELaura\u003C\/span\u003E\n            \u003Cspan class=\u0022post-date\u0022\u003E27 avril 2026 - 18 : 38\u003C\/span\u003E\n        \u003C\/div\u003E\n    \u003C\/a\u003E\n\u003C\/div\u003E\n                    \u003Cdiv class=\u0022post-list-item post-list-item-inline\u0022\u003E\n    \u003Ca href=\u0022\/2026\/03\/22\/mis-en-examen-pour-viols-reelu-maire-mais-interdit-de-sejour-a-boisseuil-pourquoi-le-cas-philippe-janicot-choque-les-electeurs\/\u0022\u003E\n                    \u003Cimg class=\u0022post-cover\u0022 src=\u0022https:\/\/sobusygirls.fr\/media\/cache\/w48\/uploads\/post\/square\/94365c48a1ad81dc4c644fb2e990aa2482ea756c.jpeg\u0022 alt=\u0022Mis en examen pour viols, r\u00e9\u00e9lu maire\u2026 mais interdit de s\u00e9...\u0022\/\u003E\n                \u003Cdiv class=\u0022post-bottom\u0022\u003E\n            \u003Cspan class=\u0022post-title\u0022\u003EMis en examen pour viols, r\u00e9\u00e9lu maire\u2026 mais interdit de s\u00e9jour \u00e0 Boisseuil\u0026nbsp;: pourquoi le c...\u003C\/span\u003E\n            \u003Cspan class=\u0022post-author\u0022\u003ELaura\u003C\/span\u003E\n            \u003Cspan class=\u0022post-date\u0022\u003E27 avril 2026 - 18 : 35\u003C\/span\u003E\n        \u003C\/div\u003E\n    \u003C\/a\u003E\n\u003C\/div\u003E\n                    \u003Cdiv class=\u0022post-list-item post-list-item-inline\u0022\u003E\n    \u003Ca href=\u0022\/2026\/03\/30\/trop-clivante-trop-agressive-pierre-yves-bournazel-regle-ses-comptes-avec-rachida-dati\/\u0022\u003E\n                    \u003Cimg class=\u0022post-cover\u0022 src=\u0022https:\/\/sobusygirls.fr\/media\/cache\/w48\/uploads\/post\/square\/e0fc65486843924dc67269f65a00de4f199c8256.jpeg\u0022 alt=\u0022\u00ab Trop clivante, trop agressive \u00bb : Pierre-Yves Bournazel...\u0022\/\u003E\n                \u003Cdiv class=\u0022post-bottom\u0022\u003E\n            \u003Cspan class=\u0022post-title\u0022\u003E\u00ab Trop clivante, trop agressive \u00bb\u0026nbsp;: Pierre-Yves Bournazel r\u00e8gle ses comptes avec Rachida D...\u003C\/span\u003E\n            \u003Cspan class=\u0022post-author\u0022\u003ELaura\u003C\/span\u003E\n            \u003Cspan class=\u0022post-date\u0022\u003E27 avril 2026 - 18 : 32\u003C\/span\u003E\n        \u003C\/div\u003E\n    \u003C\/a\u003E\n\u003C\/div\u003E\n                    \u003Cdiv class=\u0022post-list-item post-list-item-inline\u0022\u003E\n    \u003Ca href=\u0022\/2026\/04\/17\/vaisselle-de-lelysee-revendue-sur-facebook-ce-detail-dans-la-methode-des-suspects-intrigue\/\u0022\u003E\n                    \u003Cimg class=\u0022post-cover\u0022 src=\u0022https:\/\/sobusygirls.fr\/media\/cache\/w48\/uploads\/post\/square\/f789a099b150bb94f702301f8709dd4543e78740.jpeg\u0022 alt=\u0022Vaisselle de l\u2019\u00c9lys\u00e9e revendue sur Facebook : ce d\u00e9tail da...\u0022\/\u003E\n                \u003Cdiv class=\u0022post-bottom\u0022\u003E\n            \u003Cspan class=\u0022post-title\u0022\u003EVaisselle de l\u2019\u00c9lys\u00e9e revendue sur Facebook\u0026nbsp;: ce d\u00e9tail dans la m\u00e9thode des suspects intri...\u003C\/span\u003E\n            \u003Cspan class=\u0022post-author\u0022\u003ELaura\u003C\/span\u003E\n            \u003Cspan class=\u0022post-date\u0022\u003E27 avril 2026 - 18 : 29\u003C\/span\u003E\n        \u003C\/div\u003E\n    \u003C\/a\u003E\n\u003C\/div\u003E\n            \u003C\/div\u003E\n            \u003Cdiv class=\u0022posts-load-more-container\u0022\u003E\n            \u003Ca href=\u0022\/ajax\/home\/posts?pp=1777307340\u0026amp;pc=1776461084\u0022 id=\u0022posts-load-more\u0022 class=\u0022posts-load-more\u0022\u003ECharger plus d\u0026#039;articles\u003C\/a\u003E\n        \u003C\/div\u003E\n    \u003C\/div\u003E\n"}