{"content":"\n\u003Cdiv class=\u0022ajax-loaded\u0022\u003E\n    \u003Cdiv class=\u0022posts\u0022\u003E\n                    \u003Cdiv class=\u0022post-list-item post-list-item-inline\u0022\u003E\n    \u003Ca href=\u0022\/2026\/04\/26\/brigitte-macron-tiphaine-auziere-maroc-apparition-surprise-analyse\/\u0022\u003E\n                    \u003Cimg class=\u0022post-cover\u0022 src=\u0022https:\/\/sobusygirls.fr\/media\/cache\/w48\/uploads\/post\/square\/400e31a59eec5c7318c074270b13f79c51b163e4.jpeg\u0022 alt=\u0022On pensait Brigitte Macron seule : pourquoi cette appariti...\u0022\/\u003E\n                \u003Cdiv class=\u0022post-bottom\u0022\u003E\n            \u003Cspan class=\u0022post-title\u0022\u003EOn pensait Brigitte Macron seule\u0026nbsp;: pourquoi cette apparition avec sa fille au Maroc fait a...\u003C\/span\u003E\n            \u003Cspan class=\u0022post-author\u0022\u003ECl\u00e9mence\u003C\/span\u003E\n            \u003Cspan class=\u0022post-date\u0022\u003E29 avril 2026 - 14 : 22\u003C\/span\u003E\n        \u003C\/div\u003E\n    \u003C\/a\u003E\n\u003C\/div\u003E\n                    \u003Cdiv class=\u0022post-list-item post-list-item-inline\u0022\u003E\n    \u003Ca href=\u0022\/2025\/09\/16\/meghan-markle-photo-prince-harry-41-ans-anniversaire-viral\/\u0022\u003E\n                    \u003Cimg class=\u0022post-cover\u0022 src=\u0022https:\/\/sobusygirls.fr\/media\/cache\/w48\/uploads\/post\/square\/55612f73569ec705dd93c0bd06afa2b993947f11.jpeg\u0022 alt=\u0022Meghan Markle publie une photo inattendue du prince Harry...\u0022\/\u003E\n                \u003Cdiv class=\u0022post-bottom\u0022\u003E\n            \u003Cspan class=\u0022post-title\u0022\u003EMeghan Markle publie une photo inattendue du prince Harry pour ses 41 ans\u2026 et le web s\u0027enf...\u003C\/span\u003E\n            \u003Cspan class=\u0022post-author\u0022\u003EMyl\u00e8ne\u003C\/span\u003E\n            \u003Cspan class=\u0022post-date\u0022\u003E29 avril 2026 - 14 : 17\u003C\/span\u003E\n        \u003C\/div\u003E\n    \u003C\/a\u003E\n\u003C\/div\u003E\n                    \u003Cdiv class=\u0022post-list-item post-list-item-inline\u0022\u003E\n    \u003Ca href=\u0022\/2025\/09\/10\/sebastien-lecornu-fortune-patrimoine-maisons-eure\/\u0022\u003E\n                    \u003Cimg class=\u0022post-cover\u0022 src=\u0022https:\/\/sobusygirls.fr\/media\/cache\/w48\/uploads\/post\/square\/b37499903cc88b91786dc8607fce6c2284d1bd1e.jpeg\u0022 alt=\u0022Deux maisons, des pr\u00eats et un salaire de ministre : le pat...\u0022\/\u003E\n                \u003Cdiv class=\u0022post-bottom\u0022\u003E\n            \u003Cspan class=\u0022post-title\u0022\u003EDeux maisons, des pr\u00eats et un salaire de ministre\u0026nbsp;: le patrimoine de S\u00e9bastien Lecornu d\u00e9v...\u003C\/span\u003E\n            \u003Cspan class=\u0022post-author\u0022\u003ECl\u00e9mence\u003C\/span\u003E\n            \u003Cspan class=\u0022post-date\u0022\u003E29 avril 2026 - 14 : 12\u003C\/span\u003E\n        \u003C\/div\u003E\n    \u003C\/a\u003E\n\u003C\/div\u003E\n                    \u003Cdiv class=\u0022post-list-item post-list-item-inline\u0022\u003E\n    \u003Ca href=\u0022\/2026\/04\/22\/quelques-mois-avant-sa-mort-nathalie-baye-lachait-cette-phrase-troublante-sur-laeticia-hallyday\/\u0022\u003E\n                    \u003Cimg class=\u0022post-cover\u0022 src=\u0022https:\/\/sobusygirls.fr\/media\/cache\/w48\/uploads\/post\/square\/d6eaf5dc97346ca157e32b2eaa08a47ac9290041.jpeg\u0022 alt=\u0022Quelques mois avant sa mort, Nathalie Baye l\u00e2chait cette p...\u0022\/\u003E\n                \u003Cdiv class=\u0022post-bottom\u0022\u003E\n            \u003Cspan class=\u0022post-title\u0022\u003EQuelques mois avant sa mort, Nathalie Baye l\u00e2chait cette phrase troublante sur Laeticia Ha...\u003C\/span\u003E\n            \u003Cspan class=\u0022post-author\u0022\u003ECl\u00e9mence\u003C\/span\u003E\n            \u003Cspan class=\u0022post-date\u0022\u003E29 avril 2026 - 14 : 07\u003C\/span\u003E\n        \u003C\/div\u003E\n    \u003C\/a\u003E\n\u003C\/div\u003E\n                    \u003Cdiv class=\u0022post-list-item post-list-item-inline\u0022\u003E\n    \u003Ca href=\u0022\/2026\/04\/24\/jordan-bardella-maria-carolina-couple-deal-ou-idylle-reactions\/\u0022\u003E\n                    \u003Cimg class=\u0022post-cover\u0022 src=\u0022https:\/\/sobusygirls.fr\/media\/cache\/w48\/uploads\/post\/square\/0e44a0ab824e684bd583a1b09fd3aba345942b5a.jpeg\u0022 alt=\u0022\u201cDeal ou idylle ?\u201d : la question qui s\u2019impose sur le coupl...\u0022\/\u003E\n                \u003Cdiv class=\u0022post-bottom\u0022\u003E\n            \u003Cspan class=\u0022post-title\u0022\u003E\u201cDeal ou idylle\u0026nbsp;?\u201d\u0026nbsp;: la question qui s\u2019impose sur le couple Bardella et la princesse\u003C\/span\u003E\n            \u003Cspan class=\u0022post-author\u0022\u003ELaura\u003C\/span\u003E\n            \u003Cspan class=\u0022post-date\u0022\u003E29 avril 2026 - 14 : 02\u003C\/span\u003E\n        \u003C\/div\u003E\n    \u003C\/a\u003E\n\u003C\/div\u003E\n                    \u003Cdiv class=\u0022post-list-item post-list-item-inline\u0022\u003E\n    \u003Ca href=\u0022\/2026\/04\/06\/fauve-hautot-enceinte-danse-avec-les-stars-grossesse-rumeur\/\u0022\u003E\n                    \u003Cimg class=\u0022post-cover\u0022 src=\u0022https:\/\/sobusygirls.fr\/media\/cache\/w48\/uploads\/post\/square\/0996ad90291c5d35839f352c553399601a4581a8.jpeg\u0022 alt=\u0022Fauve Hautot enceinte \u00e0 40 ans ? Son ventre arrondi dans D...\u0022\/\u003E\n                \u003Cdiv class=\u0022post-bottom\u0022\u003E\n            \u003Cspan class=\u0022post-title\u0022\u003EFauve Hautot enceinte \u00e0 40 ans\u0026nbsp;? Son ventre arrondi dans Danse avec les stars relance les...\u003C\/span\u003E\n            \u003Cspan class=\u0022post-author\u0022\u003EMyl\u00e8ne\u003C\/span\u003E\n            \u003Cspan class=\u0022post-date\u0022\u003E29 avril 2026 - 13 : 57\u003C\/span\u003E\n        \u003C\/div\u003E\n    \u003C\/a\u003E\n\u003C\/div\u003E\n                    \u003Cdiv class=\u0022post-list-item post-list-item-inline\u0022\u003E\n    \u003Ca href=\u0022\/2025\/11\/28\/meghan-markle-robe-1700-dollars-accusee-vol-polemique-variety\/\u0022\u003E\n                    \u003Cimg class=\u0022post-cover\u0022 src=\u0022https:\/\/sobusygirls.fr\/media\/cache\/w48\/uploads\/post\/square\/127681c954c2ee1a45e50d44dfe9be1d2b2eacb3.jpeg\u0022 alt=\u0022Meghan Markle cibl\u00e9e par une nouvelle rumeur de vol autour...\u0022\/\u003E\n                \u003Cdiv class=\u0022post-bottom\u0022\u003E\n            \u003Cspan class=\u0022post-title\u0022\u003EMeghan Markle cibl\u00e9e par une nouvelle rumeur de vol autour d\u2019une robe \u00e0 1700 dollars\u003C\/span\u003E\n            \u003Cspan class=\u0022post-author\u0022\u003EMyl\u00e8ne\u003C\/span\u003E\n            \u003Cspan class=\u0022post-date\u0022\u003E29 avril 2026 - 13 : 52\u003C\/span\u003E\n        \u003C\/div\u003E\n    \u003C\/a\u003E\n\u003C\/div\u003E\n                    \u003Cdiv class=\u0022post-list-item post-list-item-inline\u0022\u003E\n    \u003Ca href=\u0022\/2026\/04\/29\/pourquoi-les-prix-a-la-pompe-risquent-de-continuer-a-grimper-malgre-les-annonces-rassurantes\/\u0022\u003E\n                    \u003Cimg class=\u0022post-cover\u0022 src=\u0022https:\/\/sobusygirls.fr\/media\/cache\/w48\/uploads\/post\/square\/83447a3f10ee6451572d3895d639f593928d1ce4.jpeg\u0022 alt=\u0022Pourquoi les prix \u00e0 la pompe risquent de continuer \u00e0 grimp...\u0022\/\u003E\n                \u003Cdiv class=\u0022post-bottom\u0022\u003E\n            \u003Cspan class=\u0022post-title\u0022\u003EPourquoi les prix \u00e0 la pompe risquent de continuer \u00e0 grimper malgr\u00e9 les annonces rassurant...\u003C\/span\u003E\n            \u003Cspan class=\u0022post-author\u0022\u003ELaura\u003C\/span\u003E\n            \u003Cspan class=\u0022post-date\u0022\u003E29 avril 2026 - 13 : 50\u003C\/span\u003E\n        \u003C\/div\u003E\n    \u003C\/a\u003E\n\u003C\/div\u003E\n            \u003C\/div\u003E\n            \u003Cdiv class=\u0022posts-load-more-container\u0022\u003E\n            \u003Ca href=\u0022\/ajax\/home\/posts?pp=1777463400\u0026amp;pc=1777462883\u0022 id=\u0022posts-load-more\u0022 class=\u0022posts-load-more\u0022\u003ECharger plus d\u0026#039;articles\u003C\/a\u003E\n        \u003C\/div\u003E\n    \u003C\/div\u003E\n"}