{"content":"\n\u003Cdiv class=\u0022ajax-loaded\u0022\u003E\n    \u003Cdiv class=\u0022posts\u0022\u003E\n                    \u003Cdiv class=\u0022post-list-item post-list-item-inline\u0022\u003E\n    \u003Ca href=\u0022\/2026\/04\/22\/moins-de-20-000-euros-disponibles-ce-chiffre-sur-sebastien-lecornu-qui-surprend-a-matignon\/\u0022\u003E\n                    \u003Cimg class=\u0022post-cover\u0022 src=\u0022https:\/\/sobusygirls.fr\/media\/cache\/w48\/uploads\/post\/square\/f859687396c0084beaed4940e2ec20a49a45b412.jpeg\u0022 alt=\u0022Moins de 20 000 euros disponibles : ce chiffre sur S\u00e9basti...\u0022\/\u003E\n                \u003Cdiv class=\u0022post-bottom\u0022\u003E\n            \u003Cspan class=\u0022post-title\u0022\u003EMoins de 20 000 euros disponibles\u0026nbsp;: ce chiffre sur S\u00e9bastien Lecornu qui surprend \u00e0 Matign...\u003C\/span\u003E\n            \u003Cspan class=\u0022post-author\u0022\u003ELaura\u003C\/span\u003E\n            \u003Cspan class=\u0022post-date\u0022\u003E01 mai 2026 - 23 : 34\u003C\/span\u003E\n        \u003C\/div\u003E\n    \u003C\/a\u003E\n\u003C\/div\u003E\n                    \u003Cdiv class=\u0022post-list-item post-list-item-inline\u0022\u003E\n    \u003Ca href=\u0022\/2026\/04\/22\/cest-pathetique-cette-reaction-de-segolene-royal-en-direct-qui-a-glace-le-plateau\/\u0022\u003E\n                    \u003Cimg class=\u0022post-cover\u0022 src=\u0022https:\/\/sobusygirls.fr\/media\/cache\/w48\/uploads\/post\/square\/259e8f4026c9e6441826f814c3b56c1ae0ed8e6e.jpeg\u0022 alt=\u0022\u201cC\u2019est path\u00e9tique !\u201d : cette r\u00e9action de S\u00e9gol\u00e8ne Royal en...\u0022\/\u003E\n                \u003Cdiv class=\u0022post-bottom\u0022\u003E\n            \u003Cspan class=\u0022post-title\u0022\u003E\u201cC\u2019est path\u00e9tique\u0026nbsp;!\u201d\u0026nbsp;: cette r\u00e9action de S\u00e9gol\u00e8ne Royal en direct qui a glac\u00e9 le plateau\u003C\/span\u003E\n            \u003Cspan class=\u0022post-author\u0022\u003ELaura\u003C\/span\u003E\n            \u003Cspan class=\u0022post-date\u0022\u003E01 mai 2026 - 23 : 31\u003C\/span\u003E\n        \u003C\/div\u003E\n    \u003C\/a\u003E\n\u003C\/div\u003E\n                    \u003Cdiv class=\u0022post-list-item post-list-item-inline\u0022\u003E\n    \u003Ca href=\u0022\/2026\/04\/22\/a-quelques-metres-de-meghan-markle-et-harry-elle-ne-reagit-pas-du-tout-ce-detail-intrigue\/\u0022\u003E\n                    \u003Cimg class=\u0022post-cover\u0022 src=\u0022https:\/\/sobusygirls.fr\/media\/cache\/w48\/uploads\/post\/square\/c9cc4f030dc4703503cfcdf5397839969cfcf664.jpeg\u0022 alt=\u0022\u00c0 quelques m\u00e8tres de Meghan Markle et Harry, elle ne r\u00e9agi...\u0022\/\u003E\n                \u003Cdiv class=\u0022post-bottom\u0022\u003E\n            \u003Cspan class=\u0022post-title\u0022\u003E\u00c0 quelques m\u00e8tres de Meghan Markle et Harry, elle ne r\u00e9agit pas du tout\u0026nbsp;: ce d\u00e9tail intrig...\u003C\/span\u003E\n            \u003Cspan class=\u0022post-author\u0022\u003ECl\u00e9mence\u003C\/span\u003E\n            \u003Cspan class=\u0022post-date\u0022\u003E01 mai 2026 - 23 : 28\u003C\/span\u003E\n        \u003C\/div\u003E\n    \u003C\/a\u003E\n\u003C\/div\u003E\n                    \u003Cdiv class=\u0022post-list-item post-list-item-inline\u0022\u003E\n    \u003Ca href=\u0022\/2026\/01\/07\/cette-imitation-de-donald-trump-sur-emmanuel-macron-qui-a-surpris-jusque-de-lautre-cote-de-latlantique\/\u0022\u003E\n                    \u003Cimg class=\u0022post-cover\u0022 src=\u0022https:\/\/sobusygirls.fr\/media\/cache\/w48\/uploads\/post\/square\/f33840a9ad0134a3ec97a9dbe2bf31056ba2ccee.jpeg\u0022 alt=\u0022Cette imitation de Donald Trump sur Emmanuel Macron qui a...\u0022\/\u003E\n                \u003Cdiv class=\u0022post-bottom\u0022\u003E\n            \u003Cspan class=\u0022post-title\u0022\u003ECette imitation de Donald Trump sur Emmanuel Macron qui a surpris jusque de l\u2019autre c\u00f4t\u00e9 d...\u003C\/span\u003E\n            \u003Cspan class=\u0022post-author\u0022\u003ELaura\u003C\/span\u003E\n            \u003Cspan class=\u0022post-date\u0022\u003E01 mai 2026 - 23 : 25\u003C\/span\u003E\n        \u003C\/div\u003E\n    \u003C\/a\u003E\n\u003C\/div\u003E\n                    \u003Cdiv class=\u0022post-list-item post-list-item-inline\u0022\u003E\n    \u003Ca href=\u0022\/2025\/12\/12\/kate-middleton-forest-lodge-voisins-parc-ferme-reactions\/\u0022\u003E\n                    \u003Cimg class=\u0022post-cover\u0022 src=\u0022https:\/\/sobusygirls.fr\/media\/cache\/w48\/uploads\/post\/square\/6929d05ca912d3bae54fb3120596beeac1683e40.jpeg\u0022 alt=\u0022Parking ferm\u00e9, parc inaccessible : la nouvelle vie impossi...\u0022\/\u003E\n                \u003Cdiv class=\u0022post-bottom\u0022\u003E\n            \u003Cspan class=\u0022post-title\u0022\u003EParking ferm\u00e9, parc inaccessible\u0026nbsp;: la nouvelle vie impossible des voisins de Kate Middleto...\u003C\/span\u003E\n            \u003Cspan class=\u0022post-author\u0022\u003ECl\u00e9mence\u003C\/span\u003E\n            \u003Cspan class=\u0022post-date\u0022\u003E01 mai 2026 - 23 : 22\u003C\/span\u003E\n        \u003C\/div\u003E\n    \u003C\/a\u003E\n\u003C\/div\u003E\n                    \u003Cdiv class=\u0022post-list-item post-list-item-inline\u0022\u003E\n    \u003Ca href=\u0022\/2026\/01\/12\/cette-phrase-que-george-clooney-nose-plus-prononcer-en-public-depuis-son-installation-en-france\/\u0022\u003E\n                    \u003Cimg class=\u0022post-cover\u0022 src=\u0022https:\/\/sobusygirls.fr\/media\/cache\/w48\/uploads\/post\/square\/6d5deb7994e91e249cf72deb70ab1eed7caee75a.jpeg\u0022 alt=\u0022Cette phrase que George Clooney n\u2019ose plus prononcer en pu...\u0022\/\u003E\n                \u003Cdiv class=\u0022post-bottom\u0022\u003E\n            \u003Cspan class=\u0022post-title\u0022\u003ECette phrase que George Clooney n\u2019ose plus prononcer en public depuis son installation en...\u003C\/span\u003E\n            \u003Cspan class=\u0022post-author\u0022\u003ELaura\u003C\/span\u003E\n            \u003Cspan class=\u0022post-date\u0022\u003E01 mai 2026 - 23 : 19\u003C\/span\u003E\n        \u003C\/div\u003E\n    \u003C\/a\u003E\n\u003C\/div\u003E\n                    \u003Cdiv class=\u0022post-list-item post-list-item-inline\u0022\u003E\n    \u003Ca href=\u0022\/2026\/01\/19\/cette-question-posee-a-emmanuel-macron-en-son-absence-qui-a-installe-un-malaise-sur-le-plateau\/\u0022\u003E\n                    \u003Cimg class=\u0022post-cover\u0022 src=\u0022https:\/\/sobusygirls.fr\/media\/cache\/w48\/uploads\/post\/square\/5567cf8545eedbede373cbd1f22d5a777942f881.jpeg\u0022 alt=\u0022Cette question pos\u00e9e \u00e0 Emmanuel Macron en son absence qui...\u0022\/\u003E\n                \u003Cdiv class=\u0022post-bottom\u0022\u003E\n            \u003Cspan class=\u0022post-title\u0022\u003ECette question pos\u00e9e \u00e0 Emmanuel Macron en son absence qui a install\u00e9 un malaise sur le pla...\u003C\/span\u003E\n            \u003Cspan class=\u0022post-author\u0022\u003ECl\u00e9mence\u003C\/span\u003E\n            \u003Cspan class=\u0022post-date\u0022\u003E01 mai 2026 - 23 : 16\u003C\/span\u003E\n        \u003C\/div\u003E\n    \u003C\/a\u003E\n\u003C\/div\u003E\n                    \u003Cdiv class=\u0022post-list-item post-list-item-inline\u0022\u003E\n    \u003Ca href=\u0022\/2026\/03\/09\/chantal-goya-justice-dette-fisc-40-000-euros-revenus\/\u0022\u003E\n                    \u003Cimg class=\u0022post-cover\u0022 src=\u0022https:\/\/sobusygirls.fr\/media\/cache\/w48\/uploads\/post\/square\/7bf8e0ba7d9089b3c07d71fea09b0259523e1ed6.jpeg\u0022 alt=\u0022Chantal Goya rattrap\u00e9e par la justice : cette somme astron...\u0022\/\u003E\n                \u003Cdiv class=\u0022post-bottom\u0022\u003E\n            \u003Cspan class=\u0022post-title\u0022\u003EChantal Goya rattrap\u00e9e par la justice\u0026nbsp;: cette somme astronomique qu\u2019elle va devoir rembour...\u003C\/span\u003E\n            \u003Cspan class=\u0022post-author\u0022\u003ELaura\u003C\/span\u003E\n            \u003Cspan class=\u0022post-date\u0022\u003E01 mai 2026 - 23 : 13\u003C\/span\u003E\n        \u003C\/div\u003E\n    \u003C\/a\u003E\n\u003C\/div\u003E\n            \u003C\/div\u003E\n            \u003Cdiv class=\u0022posts-load-more-container\u0022\u003E\n            \u003Ca href=\u0022\/ajax\/home\/posts?pp=1777669980\u0026amp;pc=1773046444\u0022 id=\u0022posts-load-more\u0022 class=\u0022posts-load-more\u0022\u003ECharger plus d\u0026#039;articles\u003C\/a\u003E\n        \u003C\/div\u003E\n    \u003C\/div\u003E\n"}