{"content":"\n\u003Cdiv class=\u0022ajax-loaded\u0022\u003E\n    \u003Cdiv class=\u0022posts\u0022\u003E\n                    \u003Cdiv class=\u0022post-list-item post-list-item-inline\u0022\u003E\n    \u003Ca href=\u0022\/2026\/03\/25\/il-pourrait-vivre-dans-un-lieu-mythique-ce-choix-inattendu-demmanuel-gregoire-apres-son-election-a-paris\/\u0022\u003E\n                    \u003Cimg class=\u0022post-cover\u0022 src=\u0022https:\/\/sobusygirls.fr\/media\/cache\/w48\/uploads\/post\/square\/155dcb68612785905e3bbcb1ac083448b8f15937.jpeg\u0022 alt=\u0022\u00ab Il pourrait vivre dans un lieu mythique \u00bb : ce choix ina...\u0022\/\u003E\n                \u003Cdiv class=\u0022post-bottom\u0022\u003E\n            \u003Cspan class=\u0022post-title\u0022\u003E\u00ab Il pourrait vivre dans un lieu mythique \u00bb\u0026nbsp;: ce choix inattendu d\u2019Emmanuel Gr\u00e9goire apr\u00e8s...\u003C\/span\u003E\n            \u003Cspan class=\u0022post-author\u0022\u003ELaura\u003C\/span\u003E\n            \u003Cspan class=\u0022post-date\u0022\u003E30 avril 2026 - 23 : 48\u003C\/span\u003E\n        \u003C\/div\u003E\n    \u003C\/a\u003E\n\u003C\/div\u003E\n                    \u003Cdiv class=\u0022post-list-item post-list-item-inline\u0022\u003E\n    \u003Ca href=\u0022\/2026\/03\/24\/patrick-bruel-accuse-il-membrassait-de-force-me-deshabillait-le-temoignage-glacant-de-daniela-elstner-a-acapulco\/\u0022\u003E\n                    \u003Cimg class=\u0022post-cover\u0022 src=\u0022https:\/\/sobusygirls.fr\/media\/cache\/w48\/uploads\/post\/square\/cb66c128a918f359906dc6c037fb19e7dda4b4ee.jpeg\u0022 alt=\u0022Patrick Bruel accus\u00e9 : \u00ab Il m\u2019embrassait de force, me d\u00e9sh...\u0022\/\u003E\n                \u003Cdiv class=\u0022post-bottom\u0022\u003E\n            \u003Cspan class=\u0022post-title\u0022\u003EPatrick Bruel accus\u00e9\u0026nbsp;: \u00ab Il m\u2019embrassait de force, me d\u00e9shabillait \u00bb, le t\u00e9moignage gla\u00e7an...\u003C\/span\u003E\n            \u003Cspan class=\u0022post-author\u0022\u003ELaura\u003C\/span\u003E\n            \u003Cspan class=\u0022post-date\u0022\u003E30 avril 2026 - 23 : 45\u003C\/span\u003E\n        \u003C\/div\u003E\n    \u003C\/a\u003E\n\u003C\/div\u003E\n                    \u003Cdiv class=\u0022post-list-item post-list-item-inline\u0022\u003E\n    \u003Ca href=\u0022\/2026\/02\/06\/macron-isole-et-en-colere-ce-livre-qui-a-tout-fait-basculer-a-lelysee\/\u0022\u003E\n                    \u003Cimg class=\u0022post-cover\u0022 src=\u0022https:\/\/sobusygirls.fr\/media\/cache\/w48\/uploads\/post\/square\/885f88a34df3af5aa5a38b697f35dc27e24fc626.jpeg\u0022 alt=\u0022Macron, isol\u00e9 et en col\u00e8re : ce livre qui a tout fait basc...\u0022\/\u003E\n                \u003Cdiv class=\u0022post-bottom\u0022\u003E\n            \u003Cspan class=\u0022post-title\u0022\u003EMacron, isol\u00e9 et en col\u00e8re\u0026nbsp;: ce livre qui a tout fait basculer \u00e0 l\u2019\u00c9lys\u00e9e\u003C\/span\u003E\n            \u003Cspan class=\u0022post-author\u0022\u003ELaura\u003C\/span\u003E\n            \u003Cspan class=\u0022post-date\u0022\u003E30 avril 2026 - 23 : 42\u003C\/span\u003E\n        \u003C\/div\u003E\n    \u003C\/a\u003E\n\u003C\/div\u003E\n                    \u003Cdiv class=\u0022post-list-item post-list-item-inline\u0022\u003E\n    \u003Ca href=\u0022\/2026\/03\/24\/il-est-juste-quhommage-lui-soit-rendu-emmanuel-macron-surprend-en-saluant-jack-lang-en-pleine-tempete\/\u0022\u003E\n                    \u003Cimg class=\u0022post-cover\u0022 src=\u0022https:\/\/sobusygirls.fr\/media\/cache\/w48\/uploads\/post\/square\/437f7d9a31536aa08289306415f0287d9e1a55a1.jpeg\u0022 alt=\u0022\u00ab Il est juste qu\u2019hommage lui soit rendu \u00bb : Emmanuel Macr...\u0022\/\u003E\n                \u003Cdiv class=\u0022post-bottom\u0022\u003E\n            \u003Cspan class=\u0022post-title\u0022\u003E\u00ab Il est juste qu\u2019hommage lui soit rendu \u00bb\u0026nbsp;: Emmanuel Macron surprend en saluant Jack Lang...\u003C\/span\u003E\n            \u003Cspan class=\u0022post-author\u0022\u003ECl\u00e9mence\u003C\/span\u003E\n            \u003Cspan class=\u0022post-date\u0022\u003E30 avril 2026 - 23 : 39\u003C\/span\u003E\n        \u003C\/div\u003E\n    \u003C\/a\u003E\n\u003C\/div\u003E\n                    \u003Cdiv class=\u0022post-list-item post-list-item-inline\u0022\u003E\n    \u003Ca href=\u0022\/2026\/03\/13\/kate-middleton-huees-westminster-william-charles-iii\/\u0022\u003E\n                    \u003Cimg class=\u0022post-cover\u0022 src=\u0022https:\/\/sobusygirls.fr\/media\/cache\/w48\/uploads\/post\/square\/9ab3437a5bb37c0a2fe748e30b5bf0f1e63a8662.jpeg\u0022 alt=\u0022Kate Middleton au c\u0153ur d\u2019une sc\u00e8ne tendue \u00e0 Westminster :...\u0022\/\u003E\n                \u003Cdiv class=\u0022post-bottom\u0022\u003E\n            \u003Cspan class=\u0022post-title\u0022\u003EKate Middleton au c\u0153ur d\u2019une sc\u00e8ne tendue \u00e0 Westminster\u0026nbsp;: ces hu\u00e9es qui surprennent m\u00eame l...\u003C\/span\u003E\n            \u003Cspan class=\u0022post-author\u0022\u003ECl\u00e9mence\u003C\/span\u003E\n            \u003Cspan class=\u0022post-date\u0022\u003E30 avril 2026 - 23 : 36\u003C\/span\u003E\n        \u003C\/div\u003E\n    \u003C\/a\u003E\n\u003C\/div\u003E\n                    \u003Cdiv class=\u0022post-list-item post-list-item-inline\u0022\u003E\n    \u003Ca href=\u0022\/2026\/02\/21\/parfois-trop-demotions-ce-que-le-prince-william-avoue-sur-george-charlotte-et-louis-surprend-les-parents\/\u0022\u003E\n                    \u003Cimg class=\u0022post-cover\u0022 src=\u0022https:\/\/sobusygirls.fr\/media\/cache\/w48\/uploads\/post\/square\/8d59ca1736504dfb80448a2e5da8ea20d22ff8b8.jpeg\u0022 alt=\u0022\u201cParfois trop d\u2019\u00e9motions\u201d : ce que le prince William avoue...\u0022\/\u003E\n                \u003Cdiv class=\u0022post-bottom\u0022\u003E\n            \u003Cspan class=\u0022post-title\u0022\u003E\u201cParfois trop d\u2019\u00e9motions\u201d\u0026nbsp;: ce que le prince William avoue sur George, Charlotte et Louis...\u003C\/span\u003E\n            \u003Cspan class=\u0022post-author\u0022\u003ELaura\u003C\/span\u003E\n            \u003Cspan class=\u0022post-date\u0022\u003E30 avril 2026 - 23 : 33\u003C\/span\u003E\n        \u003C\/div\u003E\n    \u003C\/a\u003E\n\u003C\/div\u003E\n                    \u003Cdiv class=\u0022post-list-item post-list-item-inline\u0022\u003E\n    \u003Ca href=\u0022\/2026\/04\/21\/bardella-prince-maria-carolina-mariage-verite-titre\/\u0022\u003E\n                    \u003Cimg class=\u0022post-cover\u0022 src=\u0022https:\/\/sobusygirls.fr\/media\/cache\/w48\/uploads\/post\/square\/dbdcbe62718fdcd29d9aa1381d9b4ab72ed3c77b.jpeg\u0022 alt=\u0022Et s\u0026#039;ils se marient ? Ce qui attend vraiment Jordan Bardel...\u0022\/\u003E\n                \u003Cdiv class=\u0022post-bottom\u0022\u003E\n            \u003Cspan class=\u0022post-title\u0022\u003EEt s\u0027ils se marient\u0026nbsp;? Ce qui attend vraiment Jordan Bardella va en surprendre plus d\u2019un\u003C\/span\u003E\n            \u003Cspan class=\u0022post-author\u0022\u003ELaura\u003C\/span\u003E\n            \u003Cspan class=\u0022post-date\u0022\u003E30 avril 2026 - 23 : 30\u003C\/span\u003E\n        \u003C\/div\u003E\n    \u003C\/a\u003E\n\u003C\/div\u003E\n                    \u003Cdiv class=\u0022post-list-item post-list-item-inline\u0022\u003E\n    \u003Ca href=\u0022\/2026\/03\/24\/ce-detail-dans-vaiana-version-live-action-intrigue-deja-pourquoi-disney-a-tout-repris-presque-a-lidentique\/\u0022\u003E\n                    \u003Cimg class=\u0022post-cover\u0022 src=\u0022https:\/\/sobusygirls.fr\/media\/cache\/w48\/uploads\/post\/square\/fbdcd0b15e5984b187544da8fd3a8fc357a955eb.jpeg\u0022 alt=\u0022Ce d\u00e9tail dans Vaiana version live-action intrigue d\u00e9j\u00e0 :...\u0022\/\u003E\n                \u003Cdiv class=\u0022post-bottom\u0022\u003E\n            \u003Cspan class=\u0022post-title\u0022\u003ECe d\u00e9tail dans Vaiana version live-action intrigue d\u00e9j\u00e0\u0026nbsp;: pourquoi Disney a tout repris pr...\u003C\/span\u003E\n            \u003Cspan class=\u0022post-author\u0022\u003EMyl\u00e8ne\u003C\/span\u003E\n            \u003Cspan class=\u0022post-date\u0022\u003E30 avril 2026 - 23 : 27\u003C\/span\u003E\n        \u003C\/div\u003E\n    \u003C\/a\u003E\n\u003C\/div\u003E\n            \u003C\/div\u003E\n            \u003Cdiv class=\u0022posts-load-more-container\u0022\u003E\n            \u003Ca href=\u0022\/ajax\/home\/posts?pp=1777584420\u0026amp;pc=1774365716\u0022 id=\u0022posts-load-more\u0022 class=\u0022posts-load-more\u0022\u003ECharger plus d\u0026#039;articles\u003C\/a\u003E\n        \u003C\/div\u003E\n    \u003C\/div\u003E\n"}