{"content":"\n\u003Cdiv class=\u0022ajax-loaded\u0022\u003E\n    \u003Cdiv class=\u0022posts\u0022\u003E\n                    \u003Cdiv class=\u0022post-list-item post-list-item-inline\u0022\u003E\n    \u003Ca href=\u0022\/2026\/04\/20\/jordan-bardella-vie-privee-couple-paparazzis-pression\/\u0022\u003E\n                    \u003Cimg class=\u0022post-cover\u0022 src=\u0022https:\/\/sobusygirls.fr\/media\/cache\/w48\/uploads\/post\/square\/df58910acf424456079892abe919da9b82fde262.jpeg\u0022 alt=\u0022\u201cOn \u00e9tait traqu\u00e9s\u201d : Jordan Bardella brise le silence sur...\u0022\/\u003E\n                \u003Cdiv class=\u0022post-bottom\u0022\u003E\n            \u003Cspan class=\u0022post-title\u0022\u003E\u201cOn \u00e9tait traqu\u00e9s\u201d\u0026nbsp;: Jordan Bardella brise le silence sur sa relation sous pression\u003C\/span\u003E\n            \u003Cspan class=\u0022post-author\u0022\u003ECl\u00e9mence\u003C\/span\u003E\n            \u003Cspan class=\u0022post-date\u0022\u003E29 avril 2026 - 23 : 01\u003C\/span\u003E\n        \u003C\/div\u003E\n    \u003C\/a\u003E\n\u003C\/div\u003E\n                    \u003Cdiv class=\u0022post-list-item post-list-item-inline\u0022\u003E\n    \u003Ca href=\u0022\/2026\/04\/29\/sans-nous-vous-parleriez-francais-la-phrase-de-charles-iii-qui-a-fait-eclater-de-rire-donald-trump\/\u0022\u003E\n                    \u003Cimg class=\u0022post-cover\u0022 src=\u0022https:\/\/sobusygirls.fr\/media\/cache\/w48\/uploads\/post\/square\/fb6cba0d5c2e638f469065b2103f8081d70b1842.jpeg\u0022 alt=\u0022\u00ab Sans nous, vous parleriez fran\u00e7ais\u2026 \u00bb : la phrase de Cha...\u0022\/\u003E\n                \u003Cdiv class=\u0022post-bottom\u0022\u003E\n            \u003Cspan class=\u0022post-title\u0022\u003E\u00ab Sans nous, vous parleriez fran\u00e7ais\u2026 \u00bb\u0026nbsp;: la phrase de Charles III qui a fait \u00e9clater de r...\u003C\/span\u003E\n            \u003Cspan class=\u0022post-author\u0022\u003ELaura\u003C\/span\u003E\n            \u003Cspan class=\u0022post-date\u0022\u003E29 avril 2026 - 23 : 00\u003C\/span\u003E\n        \u003C\/div\u003E\n    \u003C\/a\u003E\n\u003C\/div\u003E\n                    \u003Cdiv class=\u0022post-list-item post-list-item-inline\u0022\u003E\n    \u003Ca href=\u0022\/2026\/03\/28\/patrick-bruel-affaire-france-belgique-plaintes-temoignages\/\u0022\u003E\n                    \u003Cimg class=\u0022post-cover\u0022 src=\u0022https:\/\/sobusygirls.fr\/media\/cache\/w48\/uploads\/post\/square\/2384f70830717e2eb18b685f5239bdb43f3cf689.jpeg\u0022 alt=\u0022Nouveaux t\u00e9moignages entre la France et la Belgique : pour...\u0022\/\u003E\n                \u003Cdiv class=\u0022post-bottom\u0022\u003E\n            \u003Cspan class=\u0022post-title\u0022\u003ENouveaux t\u00e9moignages entre la France et la Belgique\u0026nbsp;: pourquoi l\u2019affaire Patrick Bruel pre...\u003C\/span\u003E\n            \u003Cspan class=\u0022post-author\u0022\u003ECl\u00e9mence\u003C\/span\u003E\n            \u003Cspan class=\u0022post-date\u0022\u003E29 avril 2026 - 22 : 58\u003C\/span\u003E\n        \u003C\/div\u003E\n    \u003C\/a\u003E\n\u003C\/div\u003E\n                    \u003Cdiv class=\u0022post-list-item post-list-item-inline\u0022\u003E\n    \u003Ca href=\u0022\/2026\/04\/29\/julia-vignali-kad-merad-proces-17-millions-decision-choc\/\u0022\u003E\n                    \u003Cimg class=\u0022post-cover\u0022 src=\u0022https:\/\/sobusygirls.fr\/media\/cache\/w48\/uploads\/post\/square\/d13f024ebf6395c81d0a4735e46ae63d3cfaf6ca.jpeg\u0022 alt=\u0022Ils pensaient r\u00e9cup\u00e9rer 1,7 million d\u2019euros : la d\u00e9cision...\u0022\/\u003E\n                \u003Cdiv class=\u0022post-bottom\u0022\u003E\n            \u003Cspan class=\u0022post-title\u0022\u003EIls pensaient r\u00e9cup\u00e9rer 1,7 million d\u2019euros\u0026nbsp;: la d\u00e9cision tombe et laisse Julia Vignali et...\u003C\/span\u003E\n            \u003Cspan class=\u0022post-author\u0022\u003ECl\u00e9mence\u003C\/span\u003E\n            \u003Cspan class=\u0022post-date\u0022\u003E29 avril 2026 - 22 : 55\u003C\/span\u003E\n        \u003C\/div\u003E\n    \u003C\/a\u003E\n\u003C\/div\u003E\n                    \u003Cdiv class=\u0022post-list-item post-list-item-inline\u0022\u003E\n    \u003Ca href=\u0022\/2026\/04\/20\/pres-de-150-pieces-en-deux-ans-ce-chiffre-cle-fragilise-la-defense-du-collectionneur-implique-dans-les-vols-a-lelysee\/\u0022\u003E\n                    \u003Cimg class=\u0022post-cover\u0022 src=\u0022https:\/\/sobusygirls.fr\/media\/cache\/w48\/uploads\/post\/square\/0611395d29e8f27784cdf4c13c076e1b454c3c43.jpeg\u0022 alt=\u0022\u00ab Pr\u00e8s de 150 pi\u00e8ces en deux ans \u00bb : ce chiffre cl\u00e9 fragil...\u0022\/\u003E\n                \u003Cdiv class=\u0022post-bottom\u0022\u003E\n            \u003Cspan class=\u0022post-title\u0022\u003E\u00ab Pr\u00e8s de 150 pi\u00e8ces en deux ans \u00bb\u0026nbsp;: ce chiffre cl\u00e9 fragilise la d\u00e9fense du collectionneur...\u003C\/span\u003E\n            \u003Cspan class=\u0022post-author\u0022\u003ELaura\u003C\/span\u003E\n            \u003Cspan class=\u0022post-date\u0022\u003E29 avril 2026 - 22 : 55\u003C\/span\u003E\n        \u003C\/div\u003E\n    \u003C\/a\u003E\n\u003C\/div\u003E\n                    \u003Cdiv class=\u0022post-list-item post-list-item-inline\u0022\u003E\n    \u003Ca href=\u0022\/2026\/02\/20\/ils-se-montrent-mais-ne-disent-rien-la-strategie-ultra-maitrisee-du-couple-julia-vignali-et-kad-merad\/\u0022\u003E\n                    \u003Cimg class=\u0022post-cover\u0022 src=\u0022https:\/\/sobusygirls.fr\/media\/cache\/w48\/uploads\/post\/square\/a36a615c2ac1a41c00e1dbccf85df7d9b21c9738.jpeg\u0022 alt=\u0022Ils se montrent, mais ne disent rien : la strat\u00e9gie ultra...\u0022\/\u003E\n                \u003Cdiv class=\u0022post-bottom\u0022\u003E\n            \u003Cspan class=\u0022post-title\u0022\u003EIls se montrent, mais ne disent rien\u0026nbsp;: la strat\u00e9gie ultra ma\u00eetris\u00e9e du couple Julia Vignal...\u003C\/span\u003E\n            \u003Cspan class=\u0022post-author\u0022\u003EMyl\u00e8ne\u003C\/span\u003E\n            \u003Cspan class=\u0022post-date\u0022\u003E29 avril 2026 - 22 : 52\u003C\/span\u003E\n        \u003C\/div\u003E\n    \u003C\/a\u003E\n\u003C\/div\u003E\n                    \u003Cdiv class=\u0022post-list-item post-list-item-inline\u0022\u003E\n    \u003Ca href=\u0022\/2026\/04\/29\/laura-smet-photo-parents-johnny-hallyday-nathalie-baye-emotion\/\u0022\u003E\n                    \u003Cimg class=\u0022post-cover\u0022 src=\u0022https:\/\/sobusygirls.fr\/media\/cache\/w48\/uploads\/post\/square\/9b49de2cc49284adaa941dc8f672bedb2f14cde7.jpeg\u0022 alt=\u0022Cette photo de Johnny Hallyday et Nathalie Baye que Laura...\u0022\/\u003E\n                \u003Cdiv class=\u0022post-bottom\u0022\u003E\n            \u003Cspan class=\u0022post-title\u0022\u003ECette photo de Johnny Hallyday et Nathalie Baye que Laura Smet gardait pr\u00e9cieusement boule...\u003C\/span\u003E\n            \u003Cspan class=\u0022post-author\u0022\u003ECl\u00e9mence\u003C\/span\u003E\n            \u003Cspan class=\u0022post-date\u0022\u003E29 avril 2026 - 22 : 50\u003C\/span\u003E\n        \u003C\/div\u003E\n    \u003C\/a\u003E\n\u003C\/div\u003E\n                    \u003Cdiv class=\u0022post-list-item post-list-item-inline\u0022\u003E\n    \u003Ca href=\u0022\/2026\/04\/20\/francois-hollande-extreme-droite-adversaire-2027\/\u0022\u003E\n                    \u003Cimg class=\u0022post-cover\u0022 src=\u0022https:\/\/sobusygirls.fr\/media\/cache\/w48\/uploads\/post\/square\/1c5db800634ccef548193cf208fbcb0a70b2224f.jpeg\u0022 alt=\u0022\u201cElle peut \u00eatre battue\u201d : la cible tr\u00e8s claire de Fran\u00e7ois...\u0022\/\u003E\n                \u003Cdiv class=\u0022post-bottom\u0022\u003E\n            \u003Cspan class=\u0022post-title\u0022\u003E\u201cElle peut \u00eatre battue\u201d\u0026nbsp;: la cible tr\u00e8s claire de Fran\u00e7ois Hollande pour la pr\u00e9sidentielle...\u003C\/span\u003E\n            \u003Cspan class=\u0022post-author\u0022\u003ELaura\u003C\/span\u003E\n            \u003Cspan class=\u0022post-date\u0022\u003E29 avril 2026 - 22 : 49\u003C\/span\u003E\n        \u003C\/div\u003E\n    \u003C\/a\u003E\n\u003C\/div\u003E\n            \u003C\/div\u003E\n            \u003Cdiv class=\u0022posts-load-more-container\u0022\u003E\n            \u003Ca href=\u0022\/ajax\/home\/posts?pp=1777495740\u0026amp;pc=1776677533\u0022 id=\u0022posts-load-more\u0022 class=\u0022posts-load-more\u0022\u003ECharger plus d\u0026#039;articles\u003C\/a\u003E\n        \u003C\/div\u003E\n    \u003C\/div\u003E\n"}