{"content":"\n\u003Cdiv class=\u0022ajax-loaded\u0022\u003E\n    \u003Cdiv class=\u0022posts\u0022\u003E\n                    \u003Cdiv class=\u0022post-list-item post-list-item-inline\u0022\u003E\n    \u003Ca href=\u0022\/2026\/04\/26\/interpellation-dans-laffaire-pagny-ce-moment-decisif-qui-relance-toute-lenquete\/\u0022\u003E\n                    \u003Cimg class=\u0022post-cover\u0022 src=\u0022https:\/\/sobusygirls.fr\/media\/cache\/w48\/uploads\/post\/square\/569d1dfd52e35e3ed9a32351961ab4b11fcbb830.jpeg\u0022 alt=\u0022Interpellation dans l\u2019affaire Pagny : ce moment d\u00e9cisif qu...\u0022\/\u003E\n                \u003Cdiv class=\u0022post-bottom\u0022\u003E\n            \u003Cspan class=\u0022post-title\u0022\u003EInterpellation dans l\u2019affaire Pagny\u0026nbsp;: ce moment d\u00e9cisif qui relance toute l\u2019enqu\u00eate\u003C\/span\u003E\n            \u003Cspan class=\u0022post-author\u0022\u003EMyl\u00e8ne\u003C\/span\u003E\n            \u003Cspan class=\u0022post-date\u0022\u003E26 avril 2026 - 11 : 00\u003C\/span\u003E\n        \u003C\/div\u003E\n    \u003C\/a\u003E\n\u003C\/div\u003E\n                    \u003Cdiv class=\u0022post-list-item post-list-item-inline\u0022\u003E\n    \u003Ca href=\u0022\/2026\/01\/12\/brigitte-emmanuel-macron-photo-intimite-elysee-tendresse-polemique\/\u0022\u003E\n                    \u003Cimg class=\u0022post-cover\u0022 src=\u0022https:\/\/sobusygirls.fr\/media\/cache\/w48\/uploads\/post\/square\/31601781570b12920e9f105ffbf7fb5e1ce5b8ee.jpeg\u0022 alt=\u0022Emmanuel Macron enlac\u00e9 par Brigitte \u00e0 l\u2019\u00c9lys\u00e9e : un clich\u00e9...\u0022\/\u003E\n                \u003Cdiv class=\u0022post-bottom\u0022\u003E\n            \u003Cspan class=\u0022post-title\u0022\u003EEmmanuel Macron enlac\u00e9 par Brigitte \u00e0 l\u2019\u00c9lys\u00e9e\u0026nbsp;: un clich\u00e9 jamais vu du couple pr\u00e9sidentie...\u003C\/span\u003E\n            \u003Cspan class=\u0022post-author\u0022\u003EMyl\u00e8ne\u003C\/span\u003E\n            \u003Cspan class=\u0022post-date\u0022\u003E26 avril 2026 - 10 : 57\u003C\/span\u003E\n        \u003C\/div\u003E\n    \u003C\/a\u003E\n\u003C\/div\u003E\n                    \u003Cdiv class=\u0022post-list-item post-list-item-inline\u0022\u003E\n    \u003Ca href=\u0022\/2026\/02\/19\/francois-hollande-2027-perte-de-poids-bfmtv-ambitions-presidentielle\/\u0022\u003E\n                    \u003Cimg class=\u0022post-cover\u0022 src=\u0022https:\/\/sobusygirls.fr\/media\/cache\/w48\/uploads\/post\/square\/df215a804890c704633ad05f7c929f5283c6146e.jpeg\u0022 alt=\u0022\u0026quot;Il a perdu 20 kg ou c\u0026#039;est moi ?\u0026quot; : Fran\u00e7ois Hollande appa...\u0022\/\u003E\n                \u003Cdiv class=\u0022post-bottom\u0022\u003E\n            \u003Cspan class=\u0022post-title\u0022\u003E\u0022Il a perdu 20 kg ou c\u0027est moi\u0026nbsp;?\u0022\u0026nbsp;: Fran\u00e7ois Hollande appara\u00eet aminci, cette transformatio...\u003C\/span\u003E\n            \u003Cspan class=\u0022post-author\u0022\u003ECl\u00e9mence\u003C\/span\u003E\n            \u003Cspan class=\u0022post-date\u0022\u003E26 avril 2026 - 10 : 52\u003C\/span\u003E\n        \u003C\/div\u003E\n    \u003C\/a\u003E\n\u003C\/div\u003E\n                    \u003Cdiv class=\u0022post-list-item post-list-item-inline\u0022\u003E\n    \u003Ca href=\u0022\/2026\/04\/10\/maria-carolina-bourbon-deux-siciles-qui-est-princesse\/\u0022\u003E\n                    \u003Cimg class=\u0022post-cover\u0022 src=\u0022https:\/\/sobusygirls.fr\/media\/cache\/w48\/uploads\/post\/square\/bfacebd87b1cd7ee0dc1513ff6909f75854b0872.jpeg\u0022 alt=\u0022\u00c0 22 ans, cette princesse fascinante li\u00e9e \u00e0 Jordan Bardell...\u0022\/\u003E\n                \u003Cdiv class=\u0022post-bottom\u0022\u003E\n            \u003Cspan class=\u0022post-title\u0022\u003E\u00c0 22 ans, cette princesse fascinante li\u00e9e \u00e0 Jordan Bardella intrigue autant par son parcou...\u003C\/span\u003E\n            \u003Cspan class=\u0022post-author\u0022\u003ELaura\u003C\/span\u003E\n            \u003Cspan class=\u0022post-date\u0022\u003E26 avril 2026 - 10 : 47\u003C\/span\u003E\n        \u003C\/div\u003E\n    \u003C\/a\u003E\n\u003C\/div\u003E\n                    \u003Cdiv class=\u0022post-list-item post-list-item-inline\u0022\u003E\n    \u003Ca href=\u0022\/2026\/04\/11\/maria-carolina-bourbon-jordan-bardella-rencontre-couple\/\u0022\u003E\n                    \u003Cimg class=\u0022post-cover\u0022 src=\u0022https:\/\/sobusygirls.fr\/media\/cache\/w48\/uploads\/post\/square\/31ede8d123ec0008af8262d97b04e543232dc2cc.jpeg\u0022 alt=\u0022Avant les photos en Corse, leur rencontre secr\u00e8te \u00e0 Monaco...\u0022\/\u003E\n                \u003Cdiv class=\u0022post-bottom\u0022\u003E\n            \u003Cspan class=\u0022post-title\u0022\u003EAvant les photos en Corse, leur rencontre secr\u00e8te \u00e0 Monaco\u0026nbsp;: voici o\u00f9 et quand Jordan Bard...\u003C\/span\u003E\n            \u003Cspan class=\u0022post-author\u0022\u003ELaura\u003C\/span\u003E\n            \u003Cspan class=\u0022post-date\u0022\u003E26 avril 2026 - 10 : 42\u003C\/span\u003E\n        \u003C\/div\u003E\n    \u003C\/a\u003E\n\u003C\/div\u003E\n                    \u003Cdiv class=\u0022post-list-item post-list-item-inline\u0022\u003E\n    \u003Ca href=\u0022\/2026\/04\/19\/nathalie-baye-atteinte-dune-maladie-rare-ces-symptomes-invisibles-qui-ont-bouleverse-ses-derniers-mois\/\u0022\u003E\n                    \u003Cimg class=\u0022post-cover\u0022 src=\u0022https:\/\/sobusygirls.fr\/media\/cache\/w48\/uploads\/post\/square\/313f150c24285d3342f9e9355a153909ec18a041.jpeg\u0022 alt=\u0022Nathalie Baye atteinte d\u2019une maladie rare : ces sympt\u00f4mes...\u0022\/\u003E\n                \u003Cdiv class=\u0022post-bottom\u0022\u003E\n            \u003Cspan class=\u0022post-title\u0022\u003ENathalie Baye atteinte d\u2019une maladie rare\u0026nbsp;: ces sympt\u00f4mes invisibles qui ont boulevers\u00e9 se...\u003C\/span\u003E\n            \u003Cspan class=\u0022post-author\u0022\u003ELaura\u003C\/span\u003E\n            \u003Cspan class=\u0022post-date\u0022\u003E26 avril 2026 - 10 : 37\u003C\/span\u003E\n        \u003C\/div\u003E\n    \u003C\/a\u003E\n\u003C\/div\u003E\n                    \u003Cdiv class=\u0022post-list-item post-list-item-inline\u0022\u003E\n    \u003Ca href=\u0022\/2026\/04\/06\/donald-trump-hue-washington-kennedy-center-melania-accueil-public\/\u0022\u003E\n                    \u003Cimg class=\u0022post-cover\u0022 src=\u0022https:\/\/sobusygirls.fr\/media\/cache\/w48\/uploads\/post\/square\/d4084079e42f4119747234659c59e7eb71454180.jpeg\u0022 alt=\u0022Donald Trump hu\u00e9 \u00e0 Washington : ce qui s\u2019est vraiment pass...\u0022\/\u003E\n                \u003Cdiv class=\u0022post-bottom\u0022\u003E\n            \u003Cspan class=\u0022post-title\u0022\u003EDonald Trump hu\u00e9 \u00e0 Washington\u0026nbsp;: ce qui s\u2019est vraiment pass\u00e9 lors de cette soir\u00e9e tr\u00e8s atte...\u003C\/span\u003E\n            \u003Cspan class=\u0022post-author\u0022\u003ELaura\u003C\/span\u003E\n            \u003Cspan class=\u0022post-date\u0022\u003E26 avril 2026 - 10 : 33\u003C\/span\u003E\n        \u003C\/div\u003E\n    \u003C\/a\u003E\n\u003C\/div\u003E\n                    \u003Cdiv class=\u0022post-list-item post-list-item-inline\u0022\u003E\n    \u003Ca href=\u0022\/2025\/09\/10\/sebastien-lecornu-salaire-prime-avantages-premier-ministre\/\u0022\u003E\n                    \u003Cimg class=\u0022post-cover\u0022 src=\u0022https:\/\/sobusygirls.fr\/media\/cache\/w48\/uploads\/post\/square\/b1ee17ff410e8070aeabe72af72013988737cfe5.jpeg\u0022 alt=\u0022S\u00e9bastien Lecornu : quel salaire et quels avantages pour l...\u0022\/\u003E\n                \u003Cdiv class=\u0022post-bottom\u0022\u003E\n            \u003Cspan class=\u0022post-title\u0022\u003ES\u00e9bastien Lecornu\u0026nbsp;: quel salaire et quels avantages pour le Premier ministre\u0026nbsp;?\u003C\/span\u003E\n            \u003Cspan class=\u0022post-author\u0022\u003ECl\u00e9mence\u003C\/span\u003E\n            \u003Cspan class=\u0022post-date\u0022\u003E26 avril 2026 - 10 : 30\u003C\/span\u003E\n        \u003C\/div\u003E\n    \u003C\/a\u003E\n\u003C\/div\u003E\n            \u003C\/div\u003E\n            \u003Cdiv class=\u0022posts-load-more-container\u0022\u003E\n            \u003Ca href=\u0022\/ajax\/home\/posts?pp=1777192200\u0026amp;pc=1757509679\u0022 id=\u0022posts-load-more\u0022 class=\u0022posts-load-more\u0022\u003ECharger plus d\u0026#039;articles\u003C\/a\u003E\n        \u003C\/div\u003E\n    \u003C\/div\u003E\n"}