{"content":"\n\u003Cdiv class=\u0022ajax-loaded\u0022\u003E\n    \u003Cdiv class=\u0022posts\u0022\u003E\n                    \u003Cdiv class=\u0022post-list-item post-list-item-inline\u0022\u003E\n    \u003Ca href=\u0022\/2026\/04\/30\/emmanuel-macron-face-a-un-scenario-de-guerre-extreme-ces-images-impressionnantes-qui-se-preparent-dans-lest\/\u0022\u003E\n                    \u003Cimg class=\u0022post-cover\u0022 src=\u0022https:\/\/sobusygirls.fr\/media\/cache\/w48\/uploads\/post\/square\/097318230c42701f88906afba9f471c79ed52c24.jpeg\u0022 alt=\u0022Emmanuel Macron face \u00e0 un sc\u00e9nario de guerre extr\u00eame : ces...\u0022\/\u003E\n                \u003Cdiv class=\u0022post-bottom\u0022\u003E\n            \u003Cspan class=\u0022post-title\u0022\u003EEmmanuel Macron face \u00e0 un sc\u00e9nario de guerre extr\u00eame\u0026nbsp;: ces images impressionnantes qui se...\u003C\/span\u003E\n            \u003Cspan class=\u0022post-author\u0022\u003ELaura\u003C\/span\u003E\n            \u003Cspan class=\u0022post-date\u0022\u003E30 avril 2026 - 10 : 30\u003C\/span\u003E\n        \u003C\/div\u003E\n    \u003C\/a\u003E\n\u003C\/div\u003E\n                    \u003Cdiv class=\u0022post-list-item post-list-item-inline\u0022\u003E\n    \u003Ca href=\u0022\/2025\/05\/12\/jean-pierre-foucault-salaire-loto-tf1-2025\/\u0022\u003E\n                    \u003Cimg class=\u0022post-cover\u0022 src=\u0022https:\/\/sobusygirls.fr\/media\/cache\/w48\/uploads\/post\/square\/9b78067ec7c4197a71c5713a75f4f443d94e0621.jpeg\u0022 alt=\u0022Voici le salaire de Jean-Pierre Foucault pour pr\u00e9senter le...\u0022\/\u003E\n                \u003Cdiv class=\u0022post-bottom\u0022\u003E\n            \u003Cspan class=\u0022post-title\u0022\u003EVoici le salaire de Jean-Pierre Foucault pour pr\u00e9senter le Loto, et il fait beaucoup r\u00e9agi...\u003C\/span\u003E\n            \u003Cspan class=\u0022post-author\u0022\u003EMyl\u00e8ne\u003C\/span\u003E\n            \u003Cspan class=\u0022post-date\u0022\u003E30 avril 2026 - 10 : 30\u003C\/span\u003E\n        \u003C\/div\u003E\n    \u003C\/a\u003E\n\u003C\/div\u003E\n                    \u003Cdiv class=\u0022post-list-item post-list-item-inline\u0022\u003E\n    \u003Ca href=\u0022\/2026\/04\/10\/maria-carolina-bourbon-deux-siciles-qui-est-princesse\/\u0022\u003E\n                    \u003Cimg class=\u0022post-cover\u0022 src=\u0022https:\/\/sobusygirls.fr\/media\/cache\/w48\/uploads\/post\/square\/bfacebd87b1cd7ee0dc1513ff6909f75854b0872.jpeg\u0022 alt=\u0022\u00c0 22 ans, cette princesse fascinante li\u00e9e \u00e0 Jordan Bardell...\u0022\/\u003E\n                \u003Cdiv class=\u0022post-bottom\u0022\u003E\n            \u003Cspan class=\u0022post-title\u0022\u003E\u00c0 22 ans, cette princesse fascinante li\u00e9e \u00e0 Jordan Bardella intrigue autant par son parcou...\u003C\/span\u003E\n            \u003Cspan class=\u0022post-author\u0022\u003ELaura\u003C\/span\u003E\n            \u003Cspan class=\u0022post-date\u0022\u003E30 avril 2026 - 10 : 27\u003C\/span\u003E\n        \u003C\/div\u003E\n    \u003C\/a\u003E\n\u003C\/div\u003E\n                    \u003Cdiv class=\u0022post-list-item post-list-item-inline\u0022\u003E\n    \u003Ca href=\u0022\/2026\/04\/30\/horoscope-jeudi-30-avril-2026-ces-signes-astrologiques-qui-vont-enfin-oser-passer-a-laction\/\u0022\u003E\n                    \u003Cimg class=\u0022post-cover\u0022 src=\u0022https:\/\/sobusygirls.fr\/media\/cache\/w48\/uploads\/post\/square\/f7881536c4bd45bf79da69dd22b897dbf1b349db.jpeg\u0022 alt=\u0022Horoscope jeudi 30 avril 2026 : ces signes astrologiques q...\u0022\/\u003E\n                \u003Cdiv class=\u0022post-bottom\u0022\u003E\n            \u003Cspan class=\u0022post-title\u0022\u003EHoroscope jeudi 30 avril 2026\u0026nbsp;: ces signes astrologiques qui vont enfin oser passer \u00e0 l\u2019ac...\u003C\/span\u003E\n            \u003Cspan class=\u0022post-author\u0022\u003EMyl\u00e8ne\u003C\/span\u003E\n            \u003Cspan class=\u0022post-date\u0022\u003E30 avril 2026 - 10 : 25\u003C\/span\u003E\n        \u003C\/div\u003E\n    \u003C\/a\u003E\n\u003C\/div\u003E\n                    \u003Cdiv class=\u0022post-list-item post-list-item-inline\u0022\u003E\n    \u003Ca href=\u0022\/2026\/04\/29\/mon-virement-narrive-pas-ce-phenomene-qui-va-inquieter-de-nombreux-clients-bancaires-des-jeudi-soir\/\u0022\u003E\n                    \u003Cimg class=\u0022post-cover\u0022 src=\u0022https:\/\/sobusygirls.fr\/media\/cache\/w48\/uploads\/post\/square\/4350781be014e314240c42948ee7cb93ea7eeb2b.jpeg\u0022 alt=\u0022\u201cMon virement n\u2019arrive pas\u201d : ce ph\u00e9nom\u00e8ne qui va inqui\u00e9te...\u0022\/\u003E\n                \u003Cdiv class=\u0022post-bottom\u0022\u003E\n            \u003Cspan class=\u0022post-title\u0022\u003E\u201cMon virement n\u2019arrive pas\u201d\u0026nbsp;: ce ph\u00e9nom\u00e8ne qui va inqui\u00e9ter de nombreux clients bancaires...\u003C\/span\u003E\n            \u003Cspan class=\u0022post-author\u0022\u003ELaura\u003C\/span\u003E\n            \u003Cspan class=\u0022post-date\u0022\u003E30 avril 2026 - 10 : 25\u003C\/span\u003E\n        \u003C\/div\u003E\n    \u003C\/a\u003E\n\u003C\/div\u003E\n                    \u003Cdiv class=\u0022post-list-item post-list-item-inline\u0022\u003E\n    \u003Ca href=\u0022\/2025\/08\/30\/jen-ai-eu-assez-jai-debranche-michel-cymes-revient-sur-sa-separation-avec-adriana-karembeu\/\u0022\u003E\n                    \u003Cimg class=\u0022post-cover\u0022 src=\u0022https:\/\/sobusygirls.fr\/media\/cache\/w48\/uploads\/post\/square\/92c48e698470d0ddf927e361f9086383be985f5b.jpeg\u0022 alt=\u0022\u201cJ\u2019en ai eu assez, j\u0026#039;ai d\u00e9branch\u00e9\u201d : Michel Cymes revient...\u0022\/\u003E\n                \u003Cdiv class=\u0022post-bottom\u0022\u003E\n            \u003Cspan class=\u0022post-title\u0022\u003E\u201cJ\u2019en ai eu assez, j\u0027ai d\u00e9branch\u00e9\u201d\u0026nbsp;: Michel Cymes revient sur sa s\u00e9paration avec Adriana K...\u003C\/span\u003E\n            \u003Cspan class=\u0022post-author\u0022\u003EMyl\u00e8ne\u003C\/span\u003E\n            \u003Cspan class=\u0022post-date\u0022\u003E30 avril 2026 - 10 : 24\u003C\/span\u003E\n        \u003C\/div\u003E\n    \u003C\/a\u003E\n\u003C\/div\u003E\n                    \u003Cdiv class=\u0022post-list-item post-list-item-inline\u0022\u003E\n    \u003Ca href=\u0022\/2025\/12\/12\/laeticia-hallyday-amoureuse-dun-milliardaire-de-20-ans-son-aine-ce-que-lon-sait-de-serge-varsano\/\u0022\u003E\n                    \u003Cimg class=\u0022post-cover\u0022 src=\u0022https:\/\/sobusygirls.fr\/media\/cache\/w48\/uploads\/post\/square\/99b202dbbf7459ecc13e15446d864d448b57baf4.jpeg\u0022 alt=\u0022Un milliardaire, 20 ans d\u2019\u00e9cart et beaucoup de discr\u00e9tion...\u0022\/\u003E\n                \u003Cdiv class=\u0022post-bottom\u0022\u003E\n            \u003Cspan class=\u0022post-title\u0022\u003EUn milliardaire, 20 ans d\u2019\u00e9cart et beaucoup de discr\u00e9tion\u0026nbsp;: le nouvel amour de Laeticia Ha...\u003C\/span\u003E\n            \u003Cspan class=\u0022post-author\u0022\u003ECl\u00e9mence\u003C\/span\u003E\n            \u003Cspan class=\u0022post-date\u0022\u003E30 avril 2026 - 10 : 21\u003C\/span\u003E\n        \u003C\/div\u003E\n    \u003C\/a\u003E\n\u003C\/div\u003E\n                    \u003Cdiv class=\u0022post-list-item post-list-item-inline\u0022\u003E\n    \u003Ca href=\u0022\/2026\/04\/29\/orages-30-avril-25-departements-vigilance-jaune-carte-france\/\u0022\u003E\n                    \u003Cimg class=\u0022post-cover\u0022 src=\u0022https:\/\/sobusygirls.fr\/media\/cache\/w48\/uploads\/post\/square\/ecfcb6b6aed3e09154f2d9ade97ec02939a94b89.jpeg\u0022 alt=\u0022Ce jeudi, le ciel va brutalement changer : ces 25 d\u00e9partem...\u0022\/\u003E\n                \u003Cdiv class=\u0022post-bottom\u0022\u003E\n            \u003Cspan class=\u0022post-title\u0022\u003ECe jeudi, le ciel va brutalement changer\u0026nbsp;: ces 25 d\u00e9partements o\u00f9 les orages pourraient su...\u003C\/span\u003E\n            \u003Cspan class=\u0022post-author\u0022\u003ELaura\u003C\/span\u003E\n            \u003Cspan class=\u0022post-date\u0022\u003E30 avril 2026 - 10 : 20\u003C\/span\u003E\n        \u003C\/div\u003E\n    \u003C\/a\u003E\n\u003C\/div\u003E\n            \u003C\/div\u003E\n            \u003Cdiv class=\u0022posts-load-more-container\u0022\u003E\n            \u003Ca href=\u0022\/ajax\/home\/posts?pp=1777537200\u0026amp;pc=1777477730\u0022 id=\u0022posts-load-more\u0022 class=\u0022posts-load-more\u0022\u003ECharger plus d\u0026#039;articles\u003C\/a\u003E\n        \u003C\/div\u003E\n    \u003C\/div\u003E\n"}