{"content":"\n\u003Cdiv class=\u0022ajax-loaded\u0022\u003E\n    \u003Cdiv class=\u0022posts\u0022\u003E\n                    \u003Cdiv class=\u0022post-list-item post-list-item-inline\u0022\u003E\n    \u003Ca href=\u0022\/2026\/04\/19\/elle-sest-eteinte-chez-elle-ce-que-lon-sait-des-derniers-moments-de-nathalie-baye\/\u0022\u003E\n                    \u003Cimg class=\u0022post-cover\u0022 src=\u0022https:\/\/sobusygirls.fr\/media\/cache\/w48\/uploads\/post\/square\/8244c6952173d95a925f6d0cd7bc8a5c90f974a2.jpeg\u0022 alt=\u0022Elle s\u2019est \u00e9teinte chez elle : ce que l\u2019on sait des dernie...\u0022\/\u003E\n                \u003Cdiv class=\u0022post-bottom\u0022\u003E\n            \u003Cspan class=\u0022post-title\u0022\u003EElle s\u2019est \u00e9teinte chez elle\u0026nbsp;: ce que l\u2019on sait des derniers moments de Nathalie Baye\u003C\/span\u003E\n            \u003Cspan class=\u0022post-author\u0022\u003ECl\u00e9mence\u003C\/span\u003E\n            \u003Cspan class=\u0022post-date\u0022\u003E26 avril 2026 - 10 : 03\u003C\/span\u003E\n        \u003C\/div\u003E\n    \u003C\/a\u003E\n\u003C\/div\u003E\n                    \u003Cdiv class=\u0022post-list-item post-list-item-inline\u0022\u003E\n    \u003Ca href=\u0022\/2026\/04\/22\/segolene-royal-machos-ps-quelle-epoque-coupe-clash\/\u0022\u003E\n                    \u003Cimg class=\u0022post-cover\u0022 src=\u0022https:\/\/sobusygirls.fr\/media\/cache\/w48\/uploads\/post\/square\/8f9bdfce04c72853719836832322026457e57204.jpeg\u0022 alt=\u0022\u201cIls en \u00e9taient fous de rage\u201d : S\u00e9gol\u00e8ne Royal relance une...\u0022\/\u003E\n                \u003Cdiv class=\u0022post-bottom\u0022\u003E\n            \u003Cspan class=\u0022post-title\u0022\u003E\u201cIls en \u00e9taient fous de rage\u201d\u0026nbsp;: S\u00e9gol\u00e8ne Royal relance une vieille fracture avec le PS et...\u003C\/span\u003E\n            \u003Cspan class=\u0022post-author\u0022\u003ELaura\u003C\/span\u003E\n            \u003Cspan class=\u0022post-date\u0022\u003E26 avril 2026 - 10 : 00\u003C\/span\u003E\n        \u003C\/div\u003E\n    \u003C\/a\u003E\n\u003C\/div\u003E\n                    \u003Cdiv class=\u0022post-list-item post-list-item-inline\u0022\u003E\n    \u003Ca href=\u0022\/2026\/03\/20\/patrick-bruel-accuse-violences-sexuelles-anouchka-delon-reagit\/\u0022\u003E\n                    \u003Cimg class=\u0022post-cover\u0022 src=\u0022https:\/\/sobusygirls.fr\/media\/cache\/w48\/uploads\/post\/square\/59d1ba9496a7cd12e51593cdae66204c865b27ff.jpeg\u0022 alt=\u0022Patrick Bruel accus\u00e9 de violences sexuelles : la r\u00e9action...\u0022\/\u003E\n                \u003Cdiv class=\u0022post-bottom\u0022\u003E\n            \u003Cspan class=\u0022post-title\u0022\u003EPatrick Bruel accus\u00e9 de violences sexuelles\u0026nbsp;: la r\u00e9action d\u2019Anouchka Delon relance la pol\u00e9...\u003C\/span\u003E\n            \u003Cspan class=\u0022post-author\u0022\u003EMyl\u00e8ne\u003C\/span\u003E\n            \u003Cspan class=\u0022post-date\u0022\u003E26 avril 2026 - 09 : 57\u003C\/span\u003E\n        \u003C\/div\u003E\n    \u003C\/a\u003E\n\u003C\/div\u003E\n                    \u003Cdiv class=\u0022post-list-item post-list-item-inline\u0022\u003E\n    \u003Ca href=\u0022\/2025\/06\/26\/salaires-jt-tf1-france2-coudray-bouleau-delahousse\/\u0022\u003E\n                    \u003Cimg class=\u0022post-cover\u0022 src=\u0022https:\/\/sobusygirls.fr\/media\/cache\/w48\/uploads\/post\/square\/863ab14eecd1e2acde863e75e7ef5621d33ce29c.jpeg\u0022 alt=\u0022Salaires du JT : combien gagnent r\u00e9ellement Anne\u2011Claire Co...\u0022\/\u003E\n                \u003Cdiv class=\u0022post-bottom\u0022\u003E\n            \u003Cspan class=\u0022post-title\u0022\u003ESalaires du JT\u0026nbsp;: combien gagnent r\u00e9ellement Anne\u2011Claire Coudray, Gilles Bouleau et Laurent...\u003C\/span\u003E\n            \u003Cspan class=\u0022post-author\u0022\u003ECl\u00e9mence\u003C\/span\u003E\n            \u003Cspan class=\u0022post-date\u0022\u003E26 avril 2026 - 09 : 54\u003C\/span\u003E\n        \u003C\/div\u003E\n    \u003C\/a\u003E\n\u003C\/div\u003E\n                    \u003Cdiv class=\u0022post-list-item post-list-item-inline\u0022\u003E\n    \u003Ca href=\u0022\/2025\/12\/31\/horoscope-2026-tendances-annee-signe-par-signe\/\u0022\u003E\n                    \u003Cimg class=\u0022post-cover\u0022 src=\u0022https:\/\/sobusygirls.fr\/media\/cache\/w48\/uploads\/post\/square\/b355a8e2c86d802bded965312a6fab7ec8b906c9.jpeg\u0022 alt=\u0022Horoscope 2026 : l\u2019ann\u00e9e en deux temps qui va bousculer vo...\u0022\/\u003E\n                \u003Cdiv class=\u0022post-bottom\u0022\u003E\n            \u003Cspan class=\u0022post-title\u0022\u003EHoroscope 2026\u0026nbsp;: l\u2019ann\u00e9e en deux temps qui va bousculer votre signe\u003C\/span\u003E\n            \u003Cspan class=\u0022post-author\u0022\u003EMyl\u00e8ne\u003C\/span\u003E\n            \u003Cspan class=\u0022post-date\u0022\u003E26 avril 2026 - 09 : 51\u003C\/span\u003E\n        \u003C\/div\u003E\n    \u003C\/a\u003E\n\u003C\/div\u003E\n                    \u003Cdiv class=\u0022post-list-item post-list-item-inline\u0022\u003E\n    \u003Ca href=\u0022\/2025\/10\/17\/laura-smet-emue-son-fils-leo-est-le-portrait-crache-de-johnny-hallyday-il-a-le-meme-regard-que-lui\/\u0022\u003E\n                    \u003Cimg class=\u0022post-cover\u0022 src=\u0022https:\/\/sobusygirls.fr\/media\/cache\/w48\/uploads\/post\/square\/f0e963685cd46d47cc62ee46baa8ace7d612704b.jpeg\u0022 alt=\u0022Laura Smet \u00e9mue : son fils L\u00e9o est le portrait crach\u00e9 de J...\u0022\/\u003E\n                \u003Cdiv class=\u0022post-bottom\u0022\u003E\n            \u003Cspan class=\u0022post-title\u0022\u003ELaura Smet \u00e9mue\u0026nbsp;: son fils L\u00e9o est le portrait crach\u00e9 de Johnny Hallyday, \u00ab il a le m\u00eame r...\u003C\/span\u003E\n            \u003Cspan class=\u0022post-author\u0022\u003EMyl\u00e8ne\u003C\/span\u003E\n            \u003Cspan class=\u0022post-date\u0022\u003E26 avril 2026 - 09 : 48\u003C\/span\u003E\n        \u003C\/div\u003E\n    \u003C\/a\u003E\n\u003C\/div\u003E\n                    \u003Cdiv class=\u0022post-list-item post-list-item-inline\u0022\u003E\n    \u003Ca href=\u0022\/2026\/04\/10\/jordan-bardella-princesse-maria-carolina-couple\/\u0022\u003E\n                    \u003Cimg class=\u0022post-cover\u0022 src=\u0022https:\/\/sobusygirls.fr\/media\/cache\/w48\/uploads\/post\/square\/e87552b0e47640fa8be06bbdae72dcf020913070.jpeg\u0022 alt=\u0022Cette relation inattendue qui intrigue tout le monde autou...\u0022\/\u003E\n                \u003Cdiv class=\u0022post-bottom\u0022\u003E\n            \u003Cspan class=\u0022post-title\u0022\u003ECette relation inattendue qui intrigue tout le monde autour de Jordan Bardella\u003C\/span\u003E\n            \u003Cspan class=\u0022post-author\u0022\u003ECl\u00e9mence\u003C\/span\u003E\n            \u003Cspan class=\u0022post-date\u0022\u003E26 avril 2026 - 09 : 45\u003C\/span\u003E\n        \u003C\/div\u003E\n    \u003C\/a\u003E\n\u003C\/div\u003E\n                    \u003Cdiv class=\u0022post-list-item post-list-item-inline\u0022\u003E\n    \u003Ca href=\u0022\/2025\/08\/06\/david-hallyday-relation-jade-joy-hallyday-documentaire-m6\/\u0022\u003E\n                    \u003Cimg class=\u0022post-cover\u0022 src=\u0022https:\/\/sobusygirls.fr\/media\/cache\/w48\/uploads\/post\/square\/d3912cb8d8734da3e0401b1aa758df3aeae5d0a4.jpeg\u0022 alt=\u0022David Hallyday dit ce qu\u2019il pense vraiment de Jade et Joy\u0022\/\u003E\n                \u003Cdiv class=\u0022post-bottom\u0022\u003E\n            \u003Cspan class=\u0022post-title\u0022\u003EDavid Hallyday dit ce qu\u2019il pense vraiment de Jade et Joy\u003C\/span\u003E\n            \u003Cspan class=\u0022post-author\u0022\u003ECl\u00e9mence\u003C\/span\u003E\n            \u003Cspan class=\u0022post-date\u0022\u003E26 avril 2026 - 09 : 42\u003C\/span\u003E\n        \u003C\/div\u003E\n    \u003C\/a\u003E\n\u003C\/div\u003E\n            \u003C\/div\u003E\n            \u003Cdiv class=\u0022posts-load-more-container\u0022\u003E\n            \u003Ca href=\u0022\/ajax\/home\/posts?pp=1777189320\u0026amp;pc=1754411321\u0022 id=\u0022posts-load-more\u0022 class=\u0022posts-load-more\u0022\u003ECharger plus d\u0026#039;articles\u003C\/a\u003E\n        \u003C\/div\u003E\n    \u003C\/div\u003E\n"}