{"content":"\n\u003Cdiv class=\u0022ajax-loaded\u0022\u003E\n    \u003Cdiv class=\u0022posts\u0022\u003E\n                    \u003Cdiv class=\u0022post-list-item post-list-item-inline\u0022\u003E\n    \u003Ca href=\u0022\/2026\/04\/04\/xavier-niel-strategie-investissement-timbres-rares-affaire-poitiers\/\u0022\u003E\n                    \u003Cimg class=\u0022post-cover\u0022 src=\u0022https:\/\/sobusygirls.fr\/media\/cache\/w48\/uploads\/post\/square\/75026e33b6167678aac7595be4b1c970b6d1fdd5.jpeg\u0022 alt=\u0022Pourquoi Xavier Niel n\u2019a rien l\u00e2ch\u00e9 : ce combat judiciaire...\u0022\/\u003E\n                \u003Cdiv class=\u0022post-bottom\u0022\u003E\n            \u003Cspan class=\u0022post-title\u0022\u003EPourquoi Xavier Niel n\u2019a rien l\u00e2ch\u00e9\u0026nbsp;: ce combat judiciaire autour de 1,3 million d\u2019euros\u003C\/span\u003E\n            \u003Cspan class=\u0022post-author\u0022\u003ECl\u00e9mence\u003C\/span\u003E\n            \u003Cspan class=\u0022post-date\u0022\u003E26 avril 2026 - 22 : 21\u003C\/span\u003E\n        \u003C\/div\u003E\n    \u003C\/a\u003E\n\u003C\/div\u003E\n                    \u003Cdiv class=\u0022post-list-item post-list-item-inline\u0022\u003E\n    \u003Ca href=\u0022\/2026\/04\/05\/jamais-eu-aucun-probleme-cette-defense-de-patrick-bruel-qui-fait-reagir\/\u0022\u003E\n                    \u003Cimg class=\u0022post-cover\u0022 src=\u0022https:\/\/sobusygirls.fr\/media\/cache\/w48\/uploads\/post\/square\/259bf64799ff733bbea6d49e1e34abd5c6307942.jpeg\u0022 alt=\u0022\u201cJamais eu aucun probl\u00e8me\u201d : cette d\u00e9fense de Patrick Brue...\u0022\/\u003E\n                \u003Cdiv class=\u0022post-bottom\u0022\u003E\n            \u003Cspan class=\u0022post-title\u0022\u003E\u201cJamais eu aucun probl\u00e8me\u201d\u0026nbsp;: cette d\u00e9fense de Patrick Bruel qui fait r\u00e9agir\u003C\/span\u003E\n            \u003Cspan class=\u0022post-author\u0022\u003ELaura\u003C\/span\u003E\n            \u003Cspan class=\u0022post-date\u0022\u003E26 avril 2026 - 22 : 18\u003C\/span\u003E\n        \u003C\/div\u003E\n    \u003C\/a\u003E\n\u003C\/div\u003E\n                    \u003Cdiv class=\u0022post-list-item post-list-item-inline\u0022\u003E\n    \u003Ca href=\u0022\/2026\/04\/01\/meghan-harry-montecito-tensions-voisinage-profiteurs-critique\/\u0022\u003E\n                    \u003Cimg class=\u0022post-cover\u0022 src=\u0022https:\/\/sobusygirls.fr\/media\/cache\/w48\/uploads\/post\/square\/6b25c2ed64d8d33aeb15967e0e7a4b7b978f8691.jpeg\u0022 alt=\u0022\u00ab Profiteurs, sans conscience de soi \u00bb : ce que les voisin...\u0022\/\u003E\n                \u003Cdiv class=\u0022post-bottom\u0022\u003E\n            \u003Cspan class=\u0022post-title\u0022\u003E\u00ab Profiteurs, sans conscience de soi \u00bb\u0026nbsp;: ce que les voisins reprocheraient vraiment \u00e0 Megh...\u003C\/span\u003E\n            \u003Cspan class=\u0022post-author\u0022\u003EMyl\u00e8ne\u003C\/span\u003E\n            \u003Cspan class=\u0022post-date\u0022\u003E26 avril 2026 - 22 : 15\u003C\/span\u003E\n        \u003C\/div\u003E\n    \u003C\/a\u003E\n\u003C\/div\u003E\n                    \u003Cdiv class=\u0022post-list-item post-list-item-inline\u0022\u003E\n    \u003Ca href=\u0022\/2026\/04\/01\/meghan-markle-gwyneth-paltrow-relation-video-montecito-rumeur\/\u0022\u003E\n                    \u003Cimg class=\u0022post-cover\u0022 src=\u0022https:\/\/sobusygirls.fr\/media\/cache\/w48\/uploads\/post\/square\/dd619ac63e9e83c8b36a06eb8e9dd6db517e71e8.jpeg\u0022 alt=\u0022Meghan Markle et Gwyneth Paltrow : cette vid\u00e9o qui contred...\u0022\/\u003E\n                \u003Cdiv class=\u0022post-bottom\u0022\u003E\n            \u003Cspan class=\u0022post-title\u0022\u003EMeghan Markle et Gwyneth Paltrow\u0026nbsp;: cette vid\u00e9o qui contredit tout ce que disent leurs vois...\u003C\/span\u003E\n            \u003Cspan class=\u0022post-author\u0022\u003ECl\u00e9mence\u003C\/span\u003E\n            \u003Cspan class=\u0022post-date\u0022\u003E26 avril 2026 - 22 : 12\u003C\/span\u003E\n        \u003C\/div\u003E\n    \u003C\/a\u003E\n\u003C\/div\u003E\n                    \u003Cdiv class=\u0022post-list-item post-list-item-inline\u0022\u003E\n    \u003Ca href=\u0022\/2025\/09\/13\/emmanuel-macron-golshifteh-farahani-rumeur-couple-reponse\/\u0022\u003E\n                    \u003Cimg class=\u0022post-cover\u0022 src=\u0022https:\/\/sobusygirls.fr\/media\/cache\/w48\/uploads\/post\/square\/da7b53d9d2c17016f1107e26d691fcf8651500ea.jpeg\u0022 alt=\u0022Emmanuel Macron au c\u0153ur d\u2019une rumeur amoureuse, l\u2019actrice...\u0022\/\u003E\n                \u003Cdiv class=\u0022post-bottom\u0022\u003E\n            \u003Cspan class=\u0022post-title\u0022\u003EEmmanuel Macron au c\u0153ur d\u2019une rumeur amoureuse, l\u2019actrice concern\u00e9e brise le silence\u003C\/span\u003E\n            \u003Cspan class=\u0022post-author\u0022\u003EMyl\u00e8ne\u003C\/span\u003E\n            \u003Cspan class=\u0022post-date\u0022\u003E26 avril 2026 - 22 : 09\u003C\/span\u003E\n        \u003C\/div\u003E\n    \u003C\/a\u003E\n\u003C\/div\u003E\n                    \u003Cdiv class=\u0022post-list-item post-list-item-inline\u0022\u003E\n    \u003Ca href=\u0022\/2026\/01\/16\/derriere-le-glamour-dadriana-karembeu-cette-habitude-beaute-cracra-que-personne-nattendait\/\u0022\u003E\n                    \u003Cimg class=\u0022post-cover\u0022 src=\u0022https:\/\/sobusygirls.fr\/media\/cache\/w48\/uploads\/post\/square\/acc5d4d1d1b493d3c8d6597e311b542f085cfc4c.jpeg\u0022 alt=\u0022Derri\u00e8re le glamour d\u2019Adriana Karembeu, cette habitude bea...\u0022\/\u003E\n                \u003Cdiv class=\u0022post-bottom\u0022\u003E\n            \u003Cspan class=\u0022post-title\u0022\u003EDerri\u00e8re le glamour d\u2019Adriana Karembeu, cette habitude beaut\u00e9 \u0022cracra\u0022 que personne n\u2019atte...\u003C\/span\u003E\n            \u003Cspan class=\u0022post-author\u0022\u003ECl\u00e9mence\u003C\/span\u003E\n            \u003Cspan class=\u0022post-date\u0022\u003E26 avril 2026 - 22 : 06\u003C\/span\u003E\n        \u003C\/div\u003E\n    \u003C\/a\u003E\n\u003C\/div\u003E\n                    \u003Cdiv class=\u0022post-list-item post-list-item-inline\u0022\u003E\n    \u003Ca href=\u0022\/2026\/04\/02\/francois-hollande-diner-officiel-intoxication-alimentaire-anecdote-sante\/\u0022\u003E\n                    \u003Cimg class=\u0022post-cover\u0022 src=\u0022https:\/\/sobusygirls.fr\/media\/cache\/w48\/uploads\/post\/square\/74a7c7e4bd09536b7b4935d1449cb77a914872c2.jpeg\u0022 alt=\u0022\u00ab Ne prenez rien \u00bb : pourquoi Fran\u00e7ois Hollande a refus\u00e9 d...\u0022\/\u003E\n                \u003Cdiv class=\u0022post-bottom\u0022\u003E\n            \u003Cspan class=\u0022post-title\u0022\u003E\u00ab Ne prenez rien \u00bb\u0026nbsp;: pourquoi Fran\u00e7ois Hollande a refus\u00e9 de manger lors d\u2019un d\u00eener officie...\u003C\/span\u003E\n            \u003Cspan class=\u0022post-author\u0022\u003ELaura\u003C\/span\u003E\n            \u003Cspan class=\u0022post-date\u0022\u003E26 avril 2026 - 22 : 03\u003C\/span\u003E\n        \u003C\/div\u003E\n    \u003C\/a\u003E\n\u003C\/div\u003E\n                    \u003Cdiv class=\u0022post-list-item post-list-item-inline\u0022\u003E\n    \u003Ca href=\u0022\/2025\/12\/14\/salaires-a-la-tele-cyril-hanouna-devoile-qui-gagne-vraiment-le-plus-et-ce-nest-pas-une-surprise\/\u0022\u003E\n                    \u003Cimg class=\u0022post-cover\u0022 src=\u0022https:\/\/sobusygirls.fr\/media\/cache\/w48\/uploads\/post\/square\/ba11ea5228a7542e1ac55ea09bc8ed7f43ebeabf.jpeg\u0022 alt=\u0022Salaires \u00e0 la t\u00e9l\u00e9 : Cyril Hanouna d\u00e9voile qui gagne vraim...\u0022\/\u003E\n                \u003Cdiv class=\u0022post-bottom\u0022\u003E\n            \u003Cspan class=\u0022post-title\u0022\u003ESalaires \u00e0 la t\u00e9l\u00e9\u0026nbsp;: Cyril Hanouna d\u00e9voile qui gagne vraiment le plus\u2026 et ce n\u2019est pas une...\u003C\/span\u003E\n            \u003Cspan class=\u0022post-author\u0022\u003EMyl\u00e8ne\u003C\/span\u003E\n            \u003Cspan class=\u0022post-date\u0022\u003E26 avril 2026 - 22 : 00\u003C\/span\u003E\n        \u003C\/div\u003E\n    \u003C\/a\u003E\n\u003C\/div\u003E\n            \u003C\/div\u003E\n            \u003Cdiv class=\u0022posts-load-more-container\u0022\u003E\n            \u003Ca href=\u0022\/ajax\/home\/posts?pp=1777233600\u0026amp;pc=1765707626\u0022 id=\u0022posts-load-more\u0022 class=\u0022posts-load-more\u0022\u003ECharger plus d\u0026#039;articles\u003C\/a\u003E\n        \u003C\/div\u003E\n    \u003C\/div\u003E\n"}