{"content":"\n\u003Cdiv class=\u0022ajax-loaded\u0022\u003E\n    \u003Cdiv class=\u0022posts\u0022\u003E\n                    \u003Cdiv class=\u0022post-list-item post-list-item-inline\u0022\u003E\n    \u003Ca href=\u0022\/2026\/03\/04\/andrew-mountbatten-windsor-demande-pardon-prince-william-affaire-epstein\/\u0022\u003E\n                    \u003Cimg class=\u0022post-cover\u0022 src=\u0022https:\/\/sobusygirls.fr\/media\/cache\/w48\/uploads\/post\/square\/ee005478b7623fb679ba61a300baca488c5405b8.jpeg\u0022 alt=\u0022\u201cJe voudrais te demander\u2026\u201d : ce moment g\u00eanant entre Andrew...\u0022\/\u003E\n                \u003Cdiv class=\u0022post-bottom\u0022\u003E\n            \u003Cspan class=\u0022post-title\u0022\u003E\u201cJe voudrais te demander\u2026\u201d\u0026nbsp;: ce moment g\u00eanant entre Andrew et William qui intrigue la pres...\u003C\/span\u003E\n            \u003Cspan class=\u0022post-author\u0022\u003ECl\u00e9mence\u003C\/span\u003E\n            \u003Cspan class=\u0022post-date\u0022\u003E21 avril 2026 - 09 : 40\u003C\/span\u003E\n        \u003C\/div\u003E\n    \u003C\/a\u003E\n\u003C\/div\u003E\n                    \u003Cdiv class=\u0022post-list-item post-list-item-inline\u0022\u003E\n    \u003Ca href=\u0022\/2026\/03\/30\/jai-enfin-reussi-a-massumer-ce-moment-cle-qui-a-tout-change-pour-laure-manaudou\/\u0022\u003E\n                    \u003Cimg class=\u0022post-cover\u0022 src=\u0022https:\/\/sobusygirls.fr\/media\/cache\/w48\/uploads\/post\/square\/38e1c40507c41d21c997043d420e0fe724ad71a0.jpeg\u0022 alt=\u0022\u201cJ\u2019ai enfin r\u00e9ussi \u00e0 m\u2019assumer\u201d : ce moment cl\u00e9 qui a tout...\u0022\/\u003E\n                \u003Cdiv class=\u0022post-bottom\u0022\u003E\n            \u003Cspan class=\u0022post-title\u0022\u003E\u201cJ\u2019ai enfin r\u00e9ussi \u00e0 m\u2019assumer\u201d\u0026nbsp;: ce moment cl\u00e9 qui a tout chang\u00e9 pour Laure Manaudou\u003C\/span\u003E\n            \u003Cspan class=\u0022post-author\u0022\u003EMyl\u00e8ne\u003C\/span\u003E\n            \u003Cspan class=\u0022post-date\u0022\u003E21 avril 2026 - 09 : 37\u003C\/span\u003E\n        \u003C\/div\u003E\n    \u003C\/a\u003E\n\u003C\/div\u003E\n                    \u003Cdiv class=\u0022post-list-item post-list-item-inline\u0022\u003E\n    \u003Ca href=\u0022\/2026\/01\/09\/kate-middleton-et-william-loin-du-protocole-cette-scene-qui-change-leur-image\/\u0022\u003E\n                    \u003Cimg class=\u0022post-cover\u0022 src=\u0022https:\/\/sobusygirls.fr\/media\/cache\/w48\/uploads\/post\/square\/4dc80a8c2ba21c266a7c8c94c16f8705cd888f28.jpeg\u0022 alt=\u0022Kate Middleton et William loin du protocole : cette sc\u00e8ne...\u0022\/\u003E\n                \u003Cdiv class=\u0022post-bottom\u0022\u003E\n            \u003Cspan class=\u0022post-title\u0022\u003EKate Middleton et William loin du protocole\u0026nbsp;: cette sc\u00e8ne qui change leur image\u003C\/span\u003E\n            \u003Cspan class=\u0022post-author\u0022\u003ECl\u00e9mence\u003C\/span\u003E\n            \u003Cspan class=\u0022post-date\u0022\u003E21 avril 2026 - 09 : 34\u003C\/span\u003E\n        \u003C\/div\u003E\n    \u003C\/a\u003E\n\u003C\/div\u003E\n                    \u003Cdiv class=\u0022post-list-item post-list-item-inline\u0022\u003E\n    \u003Ca href=\u0022\/2026\/04\/07\/donald-trump-silence-maison-blanche-rumeurs-explication\/\u0022\u003E\n                    \u003Cimg class=\u0022post-cover\u0022 src=\u0022https:\/\/sobusygirls.fr\/media\/cache\/w48\/uploads\/post\/square\/4b8bd196fbaec822dff4cd9c2f0b711f47354299.jpeg\u0022 alt=\u0022Pas de r\u00e9action pendant plusieurs heures : pourquoi le sil...\u0022\/\u003E\n                \u003Cdiv class=\u0022post-bottom\u0022\u003E\n            \u003Cspan class=\u0022post-title\u0022\u003EPas de r\u00e9action pendant plusieurs heures\u0026nbsp;: pourquoi le silence autour de Donald Trump a al...\u003C\/span\u003E\n            \u003Cspan class=\u0022post-author\u0022\u003ELaura\u003C\/span\u003E\n            \u003Cspan class=\u0022post-date\u0022\u003E21 avril 2026 - 09 : 31\u003C\/span\u003E\n        \u003C\/div\u003E\n    \u003C\/a\u003E\n\u003C\/div\u003E\n                    \u003Cdiv class=\u0022post-list-item post-list-item-inline\u0022\u003E\n    \u003Ca href=\u0022\/2026\/03\/30\/ces-photos-de-jade-hallyday-et-aaron-thomas-pour-leur-premier-anniversaire-disent-tout-de-leur-relation\/\u0022\u003E\n                    \u003Cimg class=\u0022post-cover\u0022 src=\u0022https:\/\/sobusygirls.fr\/media\/cache\/w48\/uploads\/post\/square\/23632823439b1d36a04fa985d40e4344d8765939.jpeg\u0022 alt=\u0022Ces photos de Jade Hallyday et Aaron Thomas pour leur prem...\u0022\/\u003E\n                \u003Cdiv class=\u0022post-bottom\u0022\u003E\n            \u003Cspan class=\u0022post-title\u0022\u003ECes photos de Jade Hallyday et Aaron Thomas pour leur premier anniversaire disent tout de...\u003C\/span\u003E\n            \u003Cspan class=\u0022post-author\u0022\u003EMyl\u00e8ne\u003C\/span\u003E\n            \u003Cspan class=\u0022post-date\u0022\u003E21 avril 2026 - 09 : 28\u003C\/span\u003E\n        \u003C\/div\u003E\n    \u003C\/a\u003E\n\u003C\/div\u003E\n                    \u003Cdiv class=\u0022post-list-item post-list-item-inline\u0022\u003E\n    \u003Ca href=\u0022\/2026\/04\/07\/laeticia-hallyday-serge-varsano-rencontre-histoire-amour\/\u0022\u003E\n                    \u003Cimg class=\u0022post-cover\u0022 src=\u0022https:\/\/sobusygirls.fr\/media\/cache\/w48\/uploads\/post\/square\/c4dbb633421e28fc272ac77d848909d80a10410c.jpeg\u0022 alt=\u0022D\u00eeners secrets, lac de C\u00f4me : comment Serge Varsano a conq...\u0022\/\u003E\n                \u003Cdiv class=\u0022post-bottom\u0022\u003E\n            \u003Cspan class=\u0022post-title\u0022\u003ED\u00eeners secrets, lac de C\u00f4me\u0026nbsp;: comment Serge Varsano a conquis Laeticia Hallyday\u003C\/span\u003E\n            \u003Cspan class=\u0022post-author\u0022\u003ELaura\u003C\/span\u003E\n            \u003Cspan class=\u0022post-date\u0022\u003E21 avril 2026 - 09 : 25\u003C\/span\u003E\n        \u003C\/div\u003E\n    \u003C\/a\u003E\n\u003C\/div\u003E\n                    \u003Cdiv class=\u0022post-list-item post-list-item-inline\u0022\u003E\n    \u003Ca href=\u0022\/2026\/02\/24\/melania-trump-ce-pied-de-nez-discret-a-donald-qui-relance-les-rumeurs-de-separation\/\u0022\u003E\n                    \u003Cimg class=\u0022post-cover\u0022 src=\u0022https:\/\/sobusygirls.fr\/media\/cache\/w48\/uploads\/post\/square\/03b2a94b4a892f9f1e03b4dc951779ef9a9f8830.jpeg\u0022 alt=\u0022Melania Trump : ce pied de nez discret \u00e0 Donald qui relanc...\u0022\/\u003E\n                \u003Cdiv class=\u0022post-bottom\u0022\u003E\n            \u003Cspan class=\u0022post-title\u0022\u003EMelania Trump\u0026nbsp;: ce pied de nez discret \u00e0 Donald qui relance les rumeurs de s\u00e9paration\u003C\/span\u003E\n            \u003Cspan class=\u0022post-author\u0022\u003ELaura\u003C\/span\u003E\n            \u003Cspan class=\u0022post-date\u0022\u003E21 avril 2026 - 09 : 22\u003C\/span\u003E\n        \u003C\/div\u003E\n    \u003C\/a\u003E\n\u003C\/div\u003E\n                    \u003Cdiv class=\u0022post-list-item post-list-item-inline\u0022\u003E\n    \u003Ca href=\u0022\/2026\/04\/07\/apres-son-absence-remarquee-anthony-colette-choisit-un-retour-au-plus-pres-du-public\/\u0022\u003E\n                    \u003Cimg class=\u0022post-cover\u0022 src=\u0022https:\/\/sobusygirls.fr\/media\/cache\/w48\/uploads\/post\/square\/a3d9147f7bdd664ca6e8653051e36e04c3ea0a57.jpeg\u0022 alt=\u0022Apr\u00e8s son absence remarqu\u00e9e, Anthony Colette choisit un re...\u0022\/\u003E\n                \u003Cdiv class=\u0022post-bottom\u0022\u003E\n            \u003Cspan class=\u0022post-title\u0022\u003EApr\u00e8s son absence remarqu\u00e9e, Anthony Colette choisit un retour au plus pr\u00e8s du public\u003C\/span\u003E\n            \u003Cspan class=\u0022post-author\u0022\u003ECl\u00e9mence\u003C\/span\u003E\n            \u003Cspan class=\u0022post-date\u0022\u003E21 avril 2026 - 09 : 19\u003C\/span\u003E\n        \u003C\/div\u003E\n    \u003C\/a\u003E\n\u003C\/div\u003E\n            \u003C\/div\u003E\n            \u003Cdiv class=\u0022posts-load-more-container\u0022\u003E\n            \u003Ca href=\u0022\/ajax\/home\/posts?pp=1776755940\u0026amp;pc=1775508859\u0022 id=\u0022posts-load-more\u0022 class=\u0022posts-load-more\u0022\u003ECharger plus d\u0026#039;articles\u003C\/a\u003E\n        \u003C\/div\u003E\n    \u003C\/div\u003E\n"}