{"content":"\n\u003Cdiv class=\u0022ajax-loaded\u0022\u003E\n    \u003Cdiv class=\u0022posts\u0022\u003E\n                    \u003Cdiv class=\u0022post-list-item post-list-item-inline\u0022\u003E\n    \u003Ca href=\u0022\/2026\/02\/03\/lea-salame-sous-pression-a-lassemblee-cette-phrase-sur-jordan-bardella-qui-a-tout-fait-basculer\/\u0022\u003E\n                    \u003Cimg class=\u0022post-cover\u0022 src=\u0022https:\/\/sobusygirls.fr\/media\/cache\/w48\/uploads\/post\/square\/756427167d9ca40a4224a7b3b52fb4ee386cc726.jpeg\u0022 alt=\u0022L\u00e9a Salam\u00e9, sous pression \u00e0 l\u2019Assembl\u00e9e : cette phrase sur...\u0022\/\u003E\n                \u003Cdiv class=\u0022post-bottom\u0022\u003E\n            \u003Cspan class=\u0022post-title\u0022\u003EL\u00e9a Salam\u00e9, sous pression \u00e0 l\u2019Assembl\u00e9e\u0026nbsp;: cette phrase sur Jordan Bardella qui a tout fait...\u003C\/span\u003E\n            \u003Cspan class=\u0022post-author\u0022\u003ELaura\u003C\/span\u003E\n            \u003Cspan class=\u0022post-date\u0022\u003E02 mai 2026 - 23 : 57\u003C\/span\u003E\n        \u003C\/div\u003E\n    \u003C\/a\u003E\n\u003C\/div\u003E\n                    \u003Cdiv class=\u0022post-list-item post-list-item-inline\u0022\u003E\n    \u003Ca href=\u0022\/2026\/03\/24\/qui-est-vraiment-la-nouvelle-vaiana-ce-que-lon-decouvre-sur-catherine-lagaaia-dans-les-premieres-images\/\u0022\u003E\n                    \u003Cimg class=\u0022post-cover\u0022 src=\u0022https:\/\/sobusygirls.fr\/media\/cache\/w48\/uploads\/post\/square\/a528648fb6f0ee06b3286c53e6646788f46ff844.jpeg\u0022 alt=\u0022Qui est vraiment la nouvelle Vaiana ? Ce que l\u2019on d\u00e9couvre...\u0022\/\u003E\n                \u003Cdiv class=\u0022post-bottom\u0022\u003E\n            \u003Cspan class=\u0022post-title\u0022\u003EQui est vraiment la nouvelle Vaiana\u0026nbsp;? Ce que l\u2019on d\u00e9couvre sur Catherine Laga\u2019aia dans les...\u003C\/span\u003E\n            \u003Cspan class=\u0022post-author\u0022\u003ECl\u00e9mence\u003C\/span\u003E\n            \u003Cspan class=\u0022post-date\u0022\u003E02 mai 2026 - 23 : 52\u003C\/span\u003E\n        \u003C\/div\u003E\n    \u003C\/a\u003E\n\u003C\/div\u003E\n                    \u003Cdiv class=\u0022post-list-item post-list-item-inline\u0022\u003E\n    \u003Ca href=\u0022\/2026\/03\/04\/david-beckham-message-brooklyn-anniversaire-reconciliation-famille-beckham\/\u0022\u003E\n                    \u003Cimg class=\u0022post-cover\u0022 src=\u0022https:\/\/sobusygirls.fr\/media\/cache\/w48\/uploads\/post\/square\/731411c10c55bbacc564452c168f7faabcf16dc3.jpeg\u0022 alt=\u0022\u0026quot;On t\u0026#039;aime\u0026quot; : le geste public de David Beckham pour l\u0026#039;anni...\u0022\/\u003E\n                \u003Cdiv class=\u0022post-bottom\u0022\u003E\n            \u003Cspan class=\u0022post-title\u0022\u003E\u0022On t\u0027aime\u0022\u0026nbsp;: le geste public de David Beckham pour l\u0027anniversaire de Brooklyn relance les...\u003C\/span\u003E\n            \u003Cspan class=\u0022post-author\u0022\u003EMyl\u00e8ne\u003C\/span\u003E\n            \u003Cspan class=\u0022post-date\u0022\u003E02 mai 2026 - 23 : 47\u003C\/span\u003E\n        \u003C\/div\u003E\n    \u003C\/a\u003E\n\u003C\/div\u003E\n                    \u003Cdiv class=\u0022post-list-item post-list-item-inline\u0022\u003E\n    \u003Ca href=\u0022\/2026\/04\/02\/patrick-bruel-accuse-chaperon-temoignage-suite-hotel\/\u0022\u003E\n                    \u003Cimg class=\u0022post-cover\u0022 src=\u0022https:\/\/sobusygirls.fr\/media\/cache\/w48\/uploads\/post\/square\/867f475ac2909a1d70fa737ddb40e5ee0c5f704c.jpeg\u0022 alt=\u0022\u00ab Il avait un chaperon \u00bb : ce t\u00e9moignage sur Patrick Bruel...\u0022\/\u003E\n                \u003Cdiv class=\u0022post-bottom\u0022\u003E\n            \u003Cspan class=\u0022post-title\u0022\u003E\u00ab Il avait un chaperon \u00bb\u0026nbsp;: ce t\u00e9moignage sur Patrick Bruel qui d\u00e9crit une sc\u00e8ne pr\u00e9cise da...\u003C\/span\u003E\n            \u003Cspan class=\u0022post-author\u0022\u003ECl\u00e9mence\u003C\/span\u003E\n            \u003Cspan class=\u0022post-date\u0022\u003E02 mai 2026 - 23 : 42\u003C\/span\u003E\n        \u003C\/div\u003E\n    \u003C\/a\u003E\n\u003C\/div\u003E\n                    \u003Cdiv class=\u0022post-list-item post-list-item-inline\u0022\u003E\n    \u003Ca href=\u0022\/2026\/02\/05\/karine-le-marchand-confidences-fille-alya-prenom-origines\/\u0022\u003E\n                    \u003Cimg class=\u0022post-cover\u0022 src=\u0022https:\/\/sobusygirls.fr\/media\/cache\/w48\/uploads\/post\/square\/94ec9e08503ee53a4e13311dda01315a021a120b.jpeg\u0022 alt=\u0022\u0026quot;Ce n\u2019\u00e9tait pas facile\u0026quot; : Karine Le Marchand raconte ce lo...\u0022\/\u003E\n                \u003Cdiv class=\u0022post-bottom\u0022\u003E\n            \u003Cspan class=\u0022post-title\u0022\u003E\u0022Ce n\u2019\u00e9tait pas facile\u0022\u0026nbsp;: Karine Le Marchand raconte ce long dilemme intime autour de sa f...\u003C\/span\u003E\n            \u003Cspan class=\u0022post-author\u0022\u003EMyl\u00e8ne\u003C\/span\u003E\n            \u003Cspan class=\u0022post-date\u0022\u003E02 mai 2026 - 23 : 37\u003C\/span\u003E\n        \u003C\/div\u003E\n    \u003C\/a\u003E\n\u003C\/div\u003E\n                    \u003Cdiv class=\u0022post-list-item post-list-item-inline\u0022\u003E\n    \u003Ca href=\u0022\/2026\/02\/18\/carla-bruni-et-nicolas-sarkozy-ce-dejeuner-inattendu-avec-un-animateur-tele-au-restaurant-de-cyril-lignac\/\u0022\u003E\n                    \u003Cimg class=\u0022post-cover\u0022 src=\u0022https:\/\/sobusygirls.fr\/media\/cache\/w48\/uploads\/post\/square\/618d190d966845d20bd6d3cdd331eb4cc33c087a.jpeg\u0022 alt=\u0022Carla Bruni et Nicolas Sarkozy : ce d\u00e9jeuner inattendu ave...\u0022\/\u003E\n                \u003Cdiv class=\u0022post-bottom\u0022\u003E\n            \u003Cspan class=\u0022post-title\u0022\u003ECarla Bruni et Nicolas Sarkozy\u0026nbsp;: ce d\u00e9jeuner inattendu avec un animateur t\u00e9l\u00e9 au restauran...\u003C\/span\u003E\n            \u003Cspan class=\u0022post-author\u0022\u003ECl\u00e9mence\u003C\/span\u003E\n            \u003Cspan class=\u0022post-date\u0022\u003E02 mai 2026 - 23 : 32\u003C\/span\u003E\n        \u003C\/div\u003E\n    \u003C\/a\u003E\n\u003C\/div\u003E\n                    \u003Cdiv class=\u0022post-list-item post-list-item-inline\u0022\u003E\n    \u003Ca href=\u0022\/2026\/04\/02\/cette-video-de-brigitte-macron-dont-donald-trump-a-reparle-et-qui-avait-deja-oblige-emmanuel-macron-a-sexpliquer\/\u0022\u003E\n                    \u003Cimg class=\u0022post-cover\u0022 src=\u0022https:\/\/sobusygirls.fr\/media\/cache\/w48\/uploads\/post\/square\/9f91db2775fe318fbe6859fa189b0bb3ca173eeb.jpeg\u0022 alt=\u0022Cette vid\u00e9o de Brigitte Macron dont Donald Trump a reparl\u00e9...\u0022\/\u003E\n                \u003Cdiv class=\u0022post-bottom\u0022\u003E\n            \u003Cspan class=\u0022post-title\u0022\u003ECette vid\u00e9o de Brigitte Macron dont Donald Trump a reparl\u00e9 et qui avait d\u00e9j\u00e0 oblig\u00e9 Emmanu...\u003C\/span\u003E\n            \u003Cspan class=\u0022post-author\u0022\u003ELaura\u003C\/span\u003E\n            \u003Cspan class=\u0022post-date\u0022\u003E02 mai 2026 - 23 : 27\u003C\/span\u003E\n        \u003C\/div\u003E\n    \u003C\/a\u003E\n\u003C\/div\u003E\n                    \u003Cdiv class=\u0022post-list-item post-list-item-inline\u0022\u003E\n    \u003Ca href=\u0022\/2026\/03\/15\/dans-sa-ville-de-vernon-sebastien-lecornu-savoure-une-victoire-immediate-aux-municipales\/\u0022\u003E\n                    \u003Cimg class=\u0022post-cover\u0022 src=\u0022https:\/\/sobusygirls.fr\/media\/cache\/w48\/uploads\/post\/square\/db054c52ec8cd6c480b3dd25970699d555f9c073.jpeg\u0022 alt=\u0022Dans sa ville de Vernon, S\u00e9bastien Lecornu savoure une vic...\u0022\/\u003E\n                \u003Cdiv class=\u0022post-bottom\u0022\u003E\n            \u003Cspan class=\u0022post-title\u0022\u003EDans sa ville de Vernon, S\u00e9bastien Lecornu savoure une victoire imm\u00e9diate aux municipales\u003C\/span\u003E\n            \u003Cspan class=\u0022post-author\u0022\u003ELaura\u003C\/span\u003E\n            \u003Cspan class=\u0022post-date\u0022\u003E02 mai 2026 - 23 : 22\u003C\/span\u003E\n        \u003C\/div\u003E\n    \u003C\/a\u003E\n\u003C\/div\u003E\n            \u003C\/div\u003E\n            \u003Cdiv class=\u0022posts-load-more-container\u0022\u003E\n            \u003Ca href=\u0022\/ajax\/home\/posts?pp=1777756920\u0026amp;pc=1773602288\u0022 id=\u0022posts-load-more\u0022 class=\u0022posts-load-more\u0022\u003ECharger plus d\u0026#039;articles\u003C\/a\u003E\n        \u003C\/div\u003E\n    \u003C\/div\u003E\n"}