{"content":"\n\u003Cdiv class=\u0022ajax-loaded\u0022\u003E\n    \u003Cdiv class=\u0022posts\u0022\u003E\n                    \u003Cdiv class=\u0022post-list-item post-list-item-inline\u0022\u003E\n    \u003Ca href=\u0022\/2026\/02\/06\/sport-culture-moins-de-fatigue-la-vision-demmanuel-macron-pour-transformer-la-vie-des-ados\/\u0022\u003E\n                    \u003Cimg class=\u0022post-cover\u0022 src=\u0022https:\/\/sobusygirls.fr\/media\/cache\/w48\/uploads\/post\/square\/0fd07a2a9cf697ab2408c1898754f0907c2cded0.jpeg\u0022 alt=\u0022Sport, culture, moins de fatigue : la vision d\u2019Emmanuel Ma...\u0022\/\u003E\n                \u003Cdiv class=\u0022post-bottom\u0022\u003E\n            \u003Cspan class=\u0022post-title\u0022\u003ESport, culture, moins de fatigue\u0026nbsp;: la vision d\u2019Emmanuel Macron pour transformer la vie des...\u003C\/span\u003E\n            \u003Cspan class=\u0022post-author\u0022\u003ELaura\u003C\/span\u003E\n            \u003Cspan class=\u0022post-date\u0022\u003E30 avril 2026 - 22 : 45\u003C\/span\u003E\n        \u003C\/div\u003E\n    \u003C\/a\u003E\n\u003C\/div\u003E\n                    \u003Cdiv class=\u0022post-list-item post-list-item-inline\u0022\u003E\n    \u003Ca href=\u0022\/2026\/03\/24\/elle-etait-en-poste-il-navait-que-19-ans-comment-yann-traiteur-a-renverse-la-maire-sortante\/\u0022\u003E\n                    \u003Cimg class=\u0022post-cover\u0022 src=\u0022https:\/\/sobusygirls.fr\/media\/cache\/w48\/uploads\/post\/square\/3a4a01968ba2bef04d65f2c7c24fe1b30bdda03f.jpeg\u0022 alt=\u0022Elle \u00e9tait en poste, il n\u2019avait que 19 ans : comment Yann...\u0022\/\u003E\n                \u003Cdiv class=\u0022post-bottom\u0022\u003E\n            \u003Cspan class=\u0022post-title\u0022\u003EElle \u00e9tait en poste, il n\u2019avait que 19 ans\u0026nbsp;: comment Yann Traiteur a renvers\u00e9 la maire sor...\u003C\/span\u003E\n            \u003Cspan class=\u0022post-author\u0022\u003ELaura\u003C\/span\u003E\n            \u003Cspan class=\u0022post-date\u0022\u003E30 avril 2026 - 22 : 42\u003C\/span\u003E\n        \u003C\/div\u003E\n    \u003C\/a\u003E\n\u003C\/div\u003E\n                    \u003Cdiv class=\u0022post-list-item post-list-item-inline\u0022\u003E\n    \u003Ca href=\u0022\/2026\/01\/27\/emmanuel-macron-et-les-cuisiniers-de-lelysee-face-a-une-consigne-stricte-qui-fait-reagir\/\u0022\u003E\n                    \u003Cimg class=\u0022post-cover\u0022 src=\u0022https:\/\/sobusygirls.fr\/media\/cache\/w48\/uploads\/post\/square\/ff3c73432ddd4d7dfc885f933ed356184ea93fa9.jpeg\u0022 alt=\u0022Emmanuel Macron et les cuisiniers de l\u2019\u00c9lys\u00e9e face \u00e0 une c...\u0022\/\u003E\n                \u003Cdiv class=\u0022post-bottom\u0022\u003E\n            \u003Cspan class=\u0022post-title\u0022\u003EEmmanuel Macron et les cuisiniers de l\u2019\u00c9lys\u00e9e face \u00e0 une consigne stricte qui fait r\u00e9agir\u003C\/span\u003E\n            \u003Cspan class=\u0022post-author\u0022\u003ELaura\u003C\/span\u003E\n            \u003Cspan class=\u0022post-date\u0022\u003E30 avril 2026 - 22 : 39\u003C\/span\u003E\n        \u003C\/div\u003E\n    \u003C\/a\u003E\n\u003C\/div\u003E\n                    \u003Cdiv class=\u0022post-list-item post-list-item-inline\u0022\u003E\n    \u003Ca href=\u0022\/2026\/02\/13\/40-ans-a-france-televisions-comment-elise-lucet-a-defendu-sa-carriere-et-son-salaire\/\u0022\u003E\n                    \u003Cimg class=\u0022post-cover\u0022 src=\u0022https:\/\/sobusygirls.fr\/media\/cache\/w48\/uploads\/post\/square\/cebe6d82dcccc95e7f3fa9be6ed3b121a1992999.jpeg\u0022 alt=\u002240 ans \u00e0 France T\u00e9l\u00e9visions : comment \u00c9lise Lucet a d\u00e9fend...\u0022\/\u003E\n                \u003Cdiv class=\u0022post-bottom\u0022\u003E\n            \u003Cspan class=\u0022post-title\u0022\u003E40 ans \u00e0 France T\u00e9l\u00e9visions\u0026nbsp;: comment \u00c9lise Lucet a d\u00e9fendu sa carri\u00e8re et son salaire\u003C\/span\u003E\n            \u003Cspan class=\u0022post-author\u0022\u003ECl\u00e9mence\u003C\/span\u003E\n            \u003Cspan class=\u0022post-date\u0022\u003E30 avril 2026 - 22 : 36\u003C\/span\u003E\n        \u003C\/div\u003E\n    \u003C\/a\u003E\n\u003C\/div\u003E\n                    \u003Cdiv class=\u0022post-list-item post-list-item-inline\u0022\u003E\n    \u003Ca href=\u0022\/2026\/02\/23\/ce-diner-parisien-entre-un-conseiller-de-nicolas-sarkozy-et-jeffrey-epstein-relance-les-questions\/\u0022\u003E\n                    \u003Cimg class=\u0022post-cover\u0022 src=\u0022https:\/\/sobusygirls.fr\/media\/cache\/w48\/uploads\/post\/square\/ebc57425617b9fa80ca63df711af55b8c0bd36bb.jpeg\u0022 alt=\u0022Ce d\u00eener parisien entre un conseiller de Nicolas Sarkozy e...\u0022\/\u003E\n                \u003Cdiv class=\u0022post-bottom\u0022\u003E\n            \u003Cspan class=\u0022post-title\u0022\u003ECe d\u00eener parisien entre un conseiller de Nicolas Sarkozy et Jeffrey Epstein relance les qu...\u003C\/span\u003E\n            \u003Cspan class=\u0022post-author\u0022\u003ELaura\u003C\/span\u003E\n            \u003Cspan class=\u0022post-date\u0022\u003E30 avril 2026 - 22 : 33\u003C\/span\u003E\n        \u003C\/div\u003E\n    \u003C\/a\u003E\n\u003C\/div\u003E\n                    \u003Cdiv class=\u0022post-list-item post-list-item-inline\u0022\u003E\n    \u003Ca href=\u0022\/2026\/03\/12\/abominable-campagne-jack-lang-furieux-sa-lettre-tres-personnelle-agite-la-classe-politique\/\u0022\u003E\n                    \u003Cimg class=\u0022post-cover\u0022 src=\u0022https:\/\/sobusygirls.fr\/media\/cache\/w48\/uploads\/post\/square\/da98ef449e53bbe0eaffbd70bee3cdab8f737c9e.jpeg\u0022 alt=\u0022\u00ab Abominable campagne \u00bb : Jack Lang furieux, sa lettre tr\u00e8...\u0022\/\u003E\n                \u003Cdiv class=\u0022post-bottom\u0022\u003E\n            \u003Cspan class=\u0022post-title\u0022\u003E\u00ab Abominable campagne \u00bb\u0026nbsp;: Jack Lang furieux, sa lettre tr\u00e8s personnelle agite la classe po...\u003C\/span\u003E\n            \u003Cspan class=\u0022post-author\u0022\u003ELaura\u003C\/span\u003E\n            \u003Cspan class=\u0022post-date\u0022\u003E30 avril 2026 - 22 : 30\u003C\/span\u003E\n        \u003C\/div\u003E\n    \u003C\/a\u003E\n\u003C\/div\u003E\n                    \u003Cdiv class=\u0022post-list-item post-list-item-inline\u0022\u003E\n    \u003Ca href=\u0022\/2026\/03\/10\/carla-bruni-bureau-villa-montmorency-decoration-femmes\/\u0022\u003E\n                    \u003Cimg class=\u0022post-cover\u0022 src=\u0022https:\/\/sobusygirls.fr\/media\/cache\/w48\/uploads\/post\/square\/d693b307b1b46d3f41c246b193dc76ad34843031.jpeg\u0022 alt=\u0022Carla Bruni ouvre les portes de son bureau secret \u00e0 la vil...\u0022\/\u003E\n                \u003Cdiv class=\u0022post-bottom\u0022\u003E\n            \u003Cspan class=\u0022post-title\u0022\u003ECarla Bruni ouvre les portes de son bureau secret \u00e0 la villa Montmorency\u0026nbsp;: cette d\u00e9coratio...\u003C\/span\u003E\n            \u003Cspan class=\u0022post-author\u0022\u003ELaura\u003C\/span\u003E\n            \u003Cspan class=\u0022post-date\u0022\u003E30 avril 2026 - 22 : 27\u003C\/span\u003E\n        \u003C\/div\u003E\n    \u003C\/a\u003E\n\u003C\/div\u003E\n                    \u003Cdiv class=\u0022post-list-item post-list-item-inline\u0022\u003E\n    \u003Ca href=\u0022\/2026\/04\/20\/lune-bleue-signification-rarete-mai-2026\/\u0022\u003E\n                    \u003Cimg class=\u0022post-cover\u0022 src=\u0022https:\/\/sobusygirls.fr\/media\/cache\/w48\/uploads\/post\/square\/b598db37c446825946f4780c41896936774fb3e5.jpeg\u0022 alt=\u0022\u201cOn parle de lune bleue, mais elle ne sera pourtant pas bl...\u0022\/\u003E\n                \u003Cdiv class=\u0022post-bottom\u0022\u003E\n            \u003Cspan class=\u0022post-title\u0022\u003E\u201cOn parle de lune bleue, mais elle ne sera pourtant pas bleue\u201d\u0026nbsp;: pourquoi ce nom fascine a...\u003C\/span\u003E\n            \u003Cspan class=\u0022post-author\u0022\u003ECl\u00e9mence\u003C\/span\u003E\n            \u003Cspan class=\u0022post-date\u0022\u003E30 avril 2026 - 22 : 24\u003C\/span\u003E\n        \u003C\/div\u003E\n    \u003C\/a\u003E\n\u003C\/div\u003E\n            \u003C\/div\u003E\n            \u003Cdiv class=\u0022posts-load-more-container\u0022\u003E\n            \u003Ca href=\u0022\/ajax\/home\/posts?pp=1777580640\u0026amp;pc=1776675939\u0022 id=\u0022posts-load-more\u0022 class=\u0022posts-load-more\u0022\u003ECharger plus d\u0026#039;articles\u003C\/a\u003E\n        \u003C\/div\u003E\n    \u003C\/div\u003E\n"}