{"content":"\n\u003Cdiv class=\u0022ajax-loaded\u0022\u003E\n    \u003Cdiv class=\u0022posts\u0022\u003E\n                    \u003Cdiv class=\u0022post-list-item post-list-item-inline\u0022\u003E\n    \u003Ca href=\u0022\/2026\/04\/03\/elle-craignait-que-tout-sorte-cette-inquietude-delizabeth-ii-face-a-harry-revelee\/\u0022\u003E\n                    \u003Cimg class=\u0022post-cover\u0022 src=\u0022https:\/\/sobusygirls.fr\/media\/cache\/w48\/uploads\/post\/square\/8aab7fbf8d93d6dd439805fa968f8cc004c64c9a.jpeg\u0022 alt=\u0022\u00ab Elle craignait que tout sorte \u00bb : cette inqui\u00e9tude d\u2019Eli...\u0022\/\u003E\n                \u003Cdiv class=\u0022post-bottom\u0022\u003E\n            \u003Cspan class=\u0022post-title\u0022\u003E\u00ab Elle craignait que tout sorte \u00bb\u0026nbsp;: cette inqui\u00e9tude d\u2019Elizabeth II face \u00e0 Harry r\u00e9v\u00e9l\u00e9e\u003C\/span\u003E\n            \u003Cspan class=\u0022post-author\u0022\u003ECl\u00e9mence\u003C\/span\u003E\n            \u003Cspan class=\u0022post-date\u0022\u003E25 avril 2026 - 23 : 51\u003C\/span\u003E\n        \u003C\/div\u003E\n    \u003C\/a\u003E\n\u003C\/div\u003E\n                    \u003Cdiv class=\u0022post-list-item post-list-item-inline\u0022\u003E\n    \u003Ca href=\u0022\/2026\/04\/03\/le-jour-ou-ca-ne-marche-plus-on-arrete-nagui-lache-une-phrase-forte-sur-lavenir-de-son-emission\/\u0022\u003E\n                    \u003Cimg class=\u0022post-cover\u0022 src=\u0022https:\/\/sobusygirls.fr\/media\/cache\/w48\/uploads\/post\/square\/a0a06f8480a604c148780443dc0eb907d656e7a2.jpeg\u0022 alt=\u0022\u00ab Le jour o\u00f9 \u00e7a ne marche plus, on arr\u00eate \u00bb : Nagui l\u00e2che...\u0022\/\u003E\n                \u003Cdiv class=\u0022post-bottom\u0022\u003E\n            \u003Cspan class=\u0022post-title\u0022\u003E\u00ab Le jour o\u00f9 \u00e7a ne marche plus, on arr\u00eate \u00bb\u0026nbsp;: Nagui l\u00e2che une phrase forte sur l\u2019avenir de...\u003C\/span\u003E\n            \u003Cspan class=\u0022post-author\u0022\u003ECl\u00e9mence\u003C\/span\u003E\n            \u003Cspan class=\u0022post-date\u0022\u003E25 avril 2026 - 23 : 49\u003C\/span\u003E\n        \u003C\/div\u003E\n    \u003C\/a\u003E\n\u003C\/div\u003E\n                    \u003Cdiv class=\u0022post-list-item post-list-item-inline\u0022\u003E\n    \u003Ca href=\u0022\/2026\/03\/26\/la-chronique-des-bridgerton-saison-5-changement-livres-michael-michaela\/\u0022\u003E\n                    \u003Cimg class=\u0022post-cover\u0022 src=\u0022https:\/\/sobusygirls.fr\/media\/cache\/w48\/uploads\/post\/square\/6125f57e5e26456217c6899853a698b786ff39d7.jpeg\u0022 alt=\u0022\u0026quot;Ce n\u2019est plus Michael\u0026quot; : ce changement radical dans La Ch...\u0022\/\u003E\n                \u003Cdiv class=\u0022post-bottom\u0022\u003E\n            \u003Cspan class=\u0022post-title\u0022\u003E\u0022Ce n\u2019est plus Michael\u0022\u0026nbsp;: ce changement radical dans La Chronique des Bridgerton saison 5...\u003C\/span\u003E\n            \u003Cspan class=\u0022post-author\u0022\u003ECl\u00e9mence\u003C\/span\u003E\n            \u003Cspan class=\u0022post-date\u0022\u003E25 avril 2026 - 23 : 47\u003C\/span\u003E\n        \u003C\/div\u003E\n    \u003C\/a\u003E\n\u003C\/div\u003E\n                    \u003Cdiv class=\u0022post-list-item post-list-item-inline\u0022\u003E\n    \u003Ca href=\u0022\/2026\/04\/03\/cela-ne-merite-pas-de-reponse-pourquoi-emmanuel-macron-a-decide-de-couper-court-a-la-polemique-sur-son-couple-face-a-trump\/\u0022\u003E\n                    \u003Cimg class=\u0022post-cover\u0022 src=\u0022https:\/\/sobusygirls.fr\/media\/cache\/w48\/uploads\/post\/square\/dd7e2951bfc39dfd87a4c205d1cd575ba5e67c8d.jpeg\u0022 alt=\u0022\u00ab Cela ne m\u00e9rite pas de r\u00e9ponse \u00bb : pourquoi Emmanuel Macr...\u0022\/\u003E\n                \u003Cdiv class=\u0022post-bottom\u0022\u003E\n            \u003Cspan class=\u0022post-title\u0022\u003E\u00ab Cela ne m\u00e9rite pas de r\u00e9ponse \u00bb\u0026nbsp;: pourquoi Emmanuel Macron a d\u00e9cid\u00e9 de couper court \u00e0 la...\u003C\/span\u003E\n            \u003Cspan class=\u0022post-author\u0022\u003ELaura\u003C\/span\u003E\n            \u003Cspan class=\u0022post-date\u0022\u003E25 avril 2026 - 23 : 45\u003C\/span\u003E\n        \u003C\/div\u003E\n    \u003C\/a\u003E\n\u003C\/div\u003E\n                    \u003Cdiv class=\u0022post-list-item post-list-item-inline\u0022\u003E\n    \u003Ca href=\u0022\/2026\/04\/03\/ce-nest-pas-forcement-lui-quil-faut-accabler-la-defense-danny-duperey-qui-enflamme-le-debat-autour-de-patrick-bruel\/\u0022\u003E\n                    \u003Cimg class=\u0022post-cover\u0022 src=\u0022https:\/\/sobusygirls.fr\/media\/cache\/w48\/uploads\/post\/square\/2b704a311c9c18ae29035d792bb1c04c85f4c59f.jpeg\u0022 alt=\u0022\u00ab Ce n\u2019est pas forc\u00e9ment lui qu\u2019il faut accabler \u00bb : la d\u00e9...\u0022\/\u003E\n                \u003Cdiv class=\u0022post-bottom\u0022\u003E\n            \u003Cspan class=\u0022post-title\u0022\u003E\u00ab Ce n\u2019est pas forc\u00e9ment lui qu\u2019il faut accabler \u00bb\u0026nbsp;: la d\u00e9fense d\u2019Anny Duperey qui enflamm...\u003C\/span\u003E\n            \u003Cspan class=\u0022post-author\u0022\u003ECl\u00e9mence\u003C\/span\u003E\n            \u003Cspan class=\u0022post-date\u0022\u003E25 avril 2026 - 23 : 43\u003C\/span\u003E\n        \u003C\/div\u003E\n    \u003C\/a\u003E\n\u003C\/div\u003E\n                    \u003Cdiv class=\u0022post-list-item post-list-item-inline\u0022\u003E\n    \u003Ca href=\u0022\/2026\/03\/17\/brooklyn-beckham-ignore-victoria-fete-des-meres-geste-choc\/\u0022\u003E\n                    \u003Cimg class=\u0022post-cover\u0022 src=\u0022https:\/\/sobusygirls.fr\/media\/cache\/w48\/uploads\/post\/square\/380d3adc837c1aac4223c08e728912a29c98ea77.jpeg\u0022 alt=\u0022Il ne lui adresse pas un mot : le geste de Brooklyn Beckha...\u0022\/\u003E\n                \u003Cdiv class=\u0022post-bottom\u0022\u003E\n            \u003Cspan class=\u0022post-title\u0022\u003EIl ne lui adresse pas un mot\u0026nbsp;: le geste de Brooklyn Beckham qui bouleverse Victoria pour l...\u003C\/span\u003E\n            \u003Cspan class=\u0022post-author\u0022\u003ECl\u00e9mence\u003C\/span\u003E\n            \u003Cspan class=\u0022post-date\u0022\u003E25 avril 2026 - 23 : 41\u003C\/span\u003E\n        \u003C\/div\u003E\n    \u003C\/a\u003E\n\u003C\/div\u003E\n                    \u003Cdiv class=\u0022post-list-item post-list-item-inline\u0022\u003E\n    \u003Ca href=\u0022\/2026\/03\/26\/votre-dette-seleve-a-675-euros-pourquoi-ce-message-du-tresor-public-semble-si-credible\/\u0022\u003E\n                    \u003Cimg class=\u0022post-cover\u0022 src=\u0022https:\/\/sobusygirls.fr\/media\/cache\/w48\/uploads\/post\/square\/c13867fc8ed2fabdf8c2b67e19ec0530f709c5e6.jpeg\u0022 alt=\u0022\u00ab Votre dette s\u0026#039;\u00e9l\u00e8ve \u00e0 675 euros \u00bb : pourquoi ce message...\u0022\/\u003E\n                \u003Cdiv class=\u0022post-bottom\u0022\u003E\n            \u003Cspan class=\u0022post-title\u0022\u003E\u00ab Votre dette s\u0027\u00e9l\u00e8ve \u00e0 675 euros \u00bb\u0026nbsp;: pourquoi ce message du Tr\u00e9sor public semble si cr\u00e9di...\u003C\/span\u003E\n            \u003Cspan class=\u0022post-author\u0022\u003ECl\u00e9mence\u003C\/span\u003E\n            \u003Cspan class=\u0022post-date\u0022\u003E25 avril 2026 - 23 : 39\u003C\/span\u003E\n        \u003C\/div\u003E\n    \u003C\/a\u003E\n\u003C\/div\u003E\n                    \u003Cdiv class=\u0022post-list-item post-list-item-inline\u0022\u003E\n    \u003Ca href=\u0022\/2026\/04\/03\/nicolas-sarkozy-incarne-a-lecran-ce-choix-dacteur-pour-le-role-de-maire-de-neuilly-fait-reagir\/\u0022\u003E\n                    \u003Cimg class=\u0022post-cover\u0022 src=\u0022https:\/\/sobusygirls.fr\/media\/cache\/w48\/uploads\/post\/square\/d217a0f99b6782d19dbfedfb35edd59f0b0f846b.jpeg\u0022 alt=\u0022Nicolas Sarkozy incarn\u00e9 \u00e0 l\u2019\u00e9cran : ce choix d\u2019acteur pour...\u0022\/\u003E\n                \u003Cdiv class=\u0022post-bottom\u0022\u003E\n            \u003Cspan class=\u0022post-title\u0022\u003ENicolas Sarkozy incarn\u00e9 \u00e0 l\u2019\u00e9cran\u0026nbsp;: ce choix d\u2019acteur pour le r\u00f4le de maire de Neuilly fai...\u003C\/span\u003E\n            \u003Cspan class=\u0022post-author\u0022\u003ELaura\u003C\/span\u003E\n            \u003Cspan class=\u0022post-date\u0022\u003E25 avril 2026 - 23 : 37\u003C\/span\u003E\n        \u003C\/div\u003E\n    \u003C\/a\u003E\n\u003C\/div\u003E\n            \u003C\/div\u003E\n            \u003Cdiv class=\u0022posts-load-more-container\u0022\u003E\n            \u003Ca href=\u0022\/ajax\/home\/posts?pp=1777153020\u0026amp;pc=1775235281\u0022 id=\u0022posts-load-more\u0022 class=\u0022posts-load-more\u0022\u003ECharger plus d\u0026#039;articles\u003C\/a\u003E\n        \u003C\/div\u003E\n    \u003C\/div\u003E\n"}