{"content":"\n\u003Cdiv class=\u0022ajax-loaded\u0022\u003E\n    \u003Cdiv class=\u0022posts\u0022\u003E\n                    \u003Cdiv class=\u0022post-list-item post-list-item-inline\u0022\u003E\n    \u003Ca href=\u0022\/2026\/02\/23\/tous-des-voleurs-et-des-menteurs-cette-phrase-choc-dhelene-mercier-arnault-qui-en-dit-long-sur-sa-relation-avec-bernard-arnault\/\u0022\u003E\n                    \u003Cimg class=\u0022post-cover\u0022 src=\u0022https:\/\/sobusygirls.fr\/media\/cache\/w48\/uploads\/post\/square\/1403eeaaec00a32182363fad7e0af4eb7336a684.jpeg\u0022 alt=\u0022\u00ab Tous des voleurs et des menteurs \u00bb : cette phrase choc d...\u0022\/\u003E\n                \u003Cdiv class=\u0022post-bottom\u0022\u003E\n            \u003Cspan class=\u0022post-title\u0022\u003E\u00ab Tous des voleurs et des menteurs \u00bb\u0026nbsp;: cette phrase choc d\u2019H\u00e9l\u00e8ne Mercier-Arnault qui en d...\u003C\/span\u003E\n            \u003Cspan class=\u0022post-author\u0022\u003ELaura\u003C\/span\u003E\n            \u003Cspan class=\u0022post-date\u0022\u003E29 avril 2026 - 21 : 31\u003C\/span\u003E\n        \u003C\/div\u003E\n    \u003C\/a\u003E\n\u003C\/div\u003E\n                    \u003Cdiv class=\u0022post-list-item post-list-item-inline\u0022\u003E\n    \u003Ca href=\u0022\/2026\/04\/29\/presidentielle-2027-marine-le-pen-second-tour-bloc-central-melenchon-strategie\/\u0022\u003E\n                    \u003Cimg class=\u0022post-cover\u0022 src=\u0022https:\/\/sobusygirls.fr\/media\/cache\/w48\/uploads\/post\/square\/5f629203769386c45d24860c5ea8affc26813498.jpeg\u0022 alt=\u0022\u00ab \u00c9lection de choix \u00bb : pourquoi Marine Le Pen pr\u00e9f\u00e8re \u00e9vi...\u0022\/\u003E\n                \u003Cdiv class=\u0022post-bottom\u0022\u003E\n            \u003Cspan class=\u0022post-title\u0022\u003E\u00ab \u00c9lection de choix \u00bb\u0026nbsp;: pourquoi Marine Le Pen pr\u00e9f\u00e8re \u00e9viter Jean-Luc M\u00e9lenchon au second...\u003C\/span\u003E\n            \u003Cspan class=\u0022post-author\u0022\u003ELaura\u003C\/span\u003E\n            \u003Cspan class=\u0022post-date\u0022\u003E29 avril 2026 - 21 : 30\u003C\/span\u003E\n        \u003C\/div\u003E\n    \u003C\/a\u003E\n\u003C\/div\u003E\n                    \u003Cdiv class=\u0022post-list-item post-list-item-inline\u0022\u003E\n    \u003Ca href=\u0022\/2026\/03\/30\/jade-hallyday-aaron-thomas-instagram-declaration-reactions\/\u0022\u003E\n                    \u003Cimg class=\u0022post-cover\u0022 src=\u0022https:\/\/sobusygirls.fr\/media\/cache\/w48\/uploads\/post\/square\/1230d3b650308a71c41b43d1207278c97e6c3153.jpeg\u0022 alt=\u0022\u00ab Je t\u2019aime b\u00e9b\u00e9 \u00bb : la d\u00e9claration d\u2019Aaron Thomas \u00e0 Jade...\u0022\/\u003E\n                \u003Cdiv class=\u0022post-bottom\u0022\u003E\n            \u003Cspan class=\u0022post-title\u0022\u003E\u00ab Je t\u2019aime b\u00e9b\u00e9 \u00bb\u0026nbsp;: la d\u00e9claration d\u2019Aaron Thomas \u00e0 Jade Hallyday fait r\u00e9agir, un d\u00e9tail...\u003C\/span\u003E\n            \u003Cspan class=\u0022post-author\u0022\u003ECl\u00e9mence\u003C\/span\u003E\n            \u003Cspan class=\u0022post-date\u0022\u003E29 avril 2026 - 21 : 28\u003C\/span\u003E\n        \u003C\/div\u003E\n    \u003C\/a\u003E\n\u003C\/div\u003E\n                    \u003Cdiv class=\u0022post-list-item post-list-item-inline\u0022\u003E\n    \u003Ca href=\u0022\/2026\/04\/29\/jean-alexandre-trogneux-agression-fils-temoignage-douleur\/\u0022\u003E\n                    \u003Cimg class=\u0022post-cover\u0022 src=\u0022https:\/\/sobusygirls.fr\/media\/cache\/w48\/uploads\/post\/square\/baaa8c579c6d6b3e59f9755976948b639d72e3e7.jpeg\u0022 alt=\u0022\u201cMon fils aurait pu y passer\u201d : ce t\u00e9moignage bouleversant...\u0022\/\u003E\n                \u003Cdiv class=\u0022post-bottom\u0022\u003E\n            \u003Cspan class=\u0022post-title\u0022\u003E\u201cMon fils aurait pu y passer\u201d\u0026nbsp;: ce t\u00e9moignage bouleversant du neveu de Brigitte Macron qui...\u003C\/span\u003E\n            \u003Cspan class=\u0022post-author\u0022\u003ELaura\u003C\/span\u003E\n            \u003Cspan class=\u0022post-date\u0022\u003E29 avril 2026 - 21 : 25\u003C\/span\u003E\n        \u003C\/div\u003E\n    \u003C\/a\u003E\n\u003C\/div\u003E\n                    \u003Cdiv class=\u0022post-list-item post-list-item-inline\u0022\u003E\n    \u003Ca href=\u0022\/2026\/03\/25\/il-na-jamais-voulu-construire-une-victoire-rachida-dati-accuse-gabriel-attal-et-devoile-les-coulisses-explosives-de-la-campagne-parisienne\/\u0022\u003E\n                    \u003Cimg class=\u0022post-cover\u0022 src=\u0022https:\/\/sobusygirls.fr\/media\/cache\/w48\/uploads\/post\/square\/47370fd7352e4b7cdc3beaddd3d6789cdfcd0b93.jpeg\u0022 alt=\u0022\u00ab Il n\u2019a jamais voulu construire une victoire \u00bb : Rachida...\u0022\/\u003E\n                \u003Cdiv class=\u0022post-bottom\u0022\u003E\n            \u003Cspan class=\u0022post-title\u0022\u003E\u00ab Il n\u2019a jamais voulu construire une victoire \u00bb\u0026nbsp;: Rachida Dati accuse Gabriel Attal et d\u00e9v...\u003C\/span\u003E\n            \u003Cspan class=\u0022post-author\u0022\u003ELaura\u003C\/span\u003E\n            \u003Cspan class=\u0022post-date\u0022\u003E29 avril 2026 - 21 : 25\u003C\/span\u003E\n        \u003C\/div\u003E\n    \u003C\/a\u003E\n\u003C\/div\u003E\n                    \u003Cdiv class=\u0022post-list-item post-list-item-inline\u0022\u003E\n    \u003Ca href=\u0022\/2026\/02\/09\/on-ne-les-avait-jamais-vus-comme-ca-les-minions-face-a-des-monstres-dans-une-bande-annonce-explosive\/\u0022\u003E\n                    \u003Cimg class=\u0022post-cover\u0022 src=\u0022https:\/\/sobusygirls.fr\/media\/cache\/w48\/uploads\/post\/square\/97027a93fed33bad439295222f3ea8d51b37552d.jpeg\u0022 alt=\u0022On ne les avait jamais vus comme \u00e7a : les Minions face \u00e0 d...\u0022\/\u003E\n                \u003Cdiv class=\u0022post-bottom\u0022\u003E\n            \u003Cspan class=\u0022post-title\u0022\u003EOn ne les avait jamais vus comme \u00e7a\u0026nbsp;: les Minions face \u00e0 des monstres dans une bande-annon...\u003C\/span\u003E\n            \u003Cspan class=\u0022post-author\u0022\u003EMyl\u00e8ne\u003C\/span\u003E\n            \u003Cspan class=\u0022post-date\u0022\u003E29 avril 2026 - 21 : 22\u003C\/span\u003E\n        \u003C\/div\u003E\n    \u003C\/a\u003E\n\u003C\/div\u003E\n                    \u003Cdiv class=\u0022post-list-item post-list-item-inline\u0022\u003E\n    \u003Ca href=\u0022\/2026\/02\/16\/ma-vie-avec-francois-mitterrand-pourquoi-ce-livre-tres-attendu-de-jack-lang-disparait-soudainement\/\u0022\u003E\n                    \u003Cimg class=\u0022post-cover\u0022 src=\u0022https:\/\/sobusygirls.fr\/media\/cache\/w48\/uploads\/post\/square\/c9c49ff278e5dbd5101dd3e3b0839a41887e3e3f.jpeg\u0022 alt=\u0022\u201cMa vie avec Fran\u00e7ois Mitterrand\u201d : pourquoi ce livre tr\u00e8s...\u0022\/\u003E\n                \u003Cdiv class=\u0022post-bottom\u0022\u003E\n            \u003Cspan class=\u0022post-title\u0022\u003E\u201cMa vie avec Fran\u00e7ois Mitterrand\u201d\u0026nbsp;: pourquoi ce livre tr\u00e8s attendu de Jack Lang dispara\u00eet...\u003C\/span\u003E\n            \u003Cspan class=\u0022post-author\u0022\u003ELaura\u003C\/span\u003E\n            \u003Cspan class=\u0022post-date\u0022\u003E29 avril 2026 - 21 : 19\u003C\/span\u003E\n        \u003C\/div\u003E\n    \u003C\/a\u003E\n\u003C\/div\u003E\n                    \u003Cdiv class=\u0022post-list-item post-list-item-inline\u0022\u003E\n    \u003Ca href=\u0022\/2026\/02\/16\/jean-baptiste-marteau-remplacement-lea-salame-20h-france-2-declaration-rtl\/\u0022\u003E\n                    \u003Cimg class=\u0022post-cover\u0022 src=\u0022https:\/\/sobusygirls.fr\/media\/cache\/w48\/uploads\/post\/square\/f4ee91f2c03fb58f9f39b2f1b22db85bb1895014.jpeg\u0022 alt=\u0022\u201cJe suis l\u00e0\u201d : Jean-Baptiste Marteau sort du silence sur s...\u0022\/\u003E\n                \u003Cdiv class=\u0022post-bottom\u0022\u003E\n            \u003Cspan class=\u0022post-title\u0022\u003E\u201cJe suis l\u00e0\u201d\u0026nbsp;: Jean-Baptiste Marteau sort du silence sur son remplacement de L\u00e9a Salam\u00e9 au...\u003C\/span\u003E\n            \u003Cspan class=\u0022post-author\u0022\u003ECl\u00e9mence\u003C\/span\u003E\n            \u003Cspan class=\u0022post-date\u0022\u003E29 avril 2026 - 21 : 16\u003C\/span\u003E\n        \u003C\/div\u003E\n    \u003C\/a\u003E\n\u003C\/div\u003E\n            \u003C\/div\u003E\n            \u003Cdiv class=\u0022posts-load-more-container\u0022\u003E\n            \u003Ca href=\u0022\/ajax\/home\/posts?pp=1777490160\u0026amp;pc=1771262237\u0022 id=\u0022posts-load-more\u0022 class=\u0022posts-load-more\u0022\u003ECharger plus d\u0026#039;articles\u003C\/a\u003E\n        \u003C\/div\u003E\n    \u003C\/div\u003E\n"}