{"content":"\n\u003Cdiv class=\u0022ajax-loaded\u0022\u003E\n    \u003Cdiv class=\u0022posts\u0022\u003E\n                    \u003Cdiv class=\u0022post-list-item post-list-item-inline\u0022\u003E\n    \u003Ca href=\u0022\/2026\/02\/18\/meme-pour-un-cafe-cest-toujours-moi-qui-payais-les-proches-de-jack-lang-ecoeures-par-son-attitude-radine-et-mesquine\/\u0022\u003E\n                    \u003Cimg class=\u0022post-cover\u0022 src=\u0022https:\/\/sobusygirls.fr\/media\/cache\/w48\/uploads\/post\/square\/09fbe9c7b87d68bf48038158304ffb03e8e11005.jpeg\u0022 alt=\u0022\u0026quot;M\u00eame pour un caf\u00e9, c\u2019est toujours moi qui payais\u0026quot; : les p...\u0022\/\u003E\n                \u003Cdiv class=\u0022post-bottom\u0022\u003E\n            \u003Cspan class=\u0022post-title\u0022\u003E\u0022M\u00eame pour un caf\u00e9, c\u2019est toujours moi qui payais\u0022\u0026nbsp;: les proches de Jack Lang \u0022\u00e9c\u0153ur\u00e9s\u0022 pa...\u003C\/span\u003E\n            \u003Cspan class=\u0022post-author\u0022\u003ECl\u00e9mence\u003C\/span\u003E\n            \u003Cspan class=\u0022post-date\u0022\u003E01 mai 2026 - 15 : 10\u003C\/span\u003E\n        \u003C\/div\u003E\n    \u003C\/a\u003E\n\u003C\/div\u003E\n                    \u003Cdiv class=\u0022post-list-item post-list-item-inline\u0022\u003E\n    \u003Ca href=\u0022\/2026\/04\/30\/melania-trump-photos-osees-ale-de-basseville-donald-trump\/\u0022\u003E\n                    \u003Cimg class=\u0022post-cover\u0022 src=\u0022https:\/\/sobusygirls.fr\/media\/cache\/w48\/uploads\/post\/square\/8a518e5d8cc4138d1924aa3679f853ba971d1e8b.jpeg\u0022 alt=\u0022Melania Trump : ces photos os\u00e9es qui ressurgissent et emba...\u0022\/\u003E\n                \u003Cdiv class=\u0022post-bottom\u0022\u003E\n            \u003Cspan class=\u0022post-title\u0022\u003EMelania Trump\u0026nbsp;: ces photos os\u00e9es qui ressurgissent et embarrassent encore l\u2019image du coupl...\u003C\/span\u003E\n            \u003Cspan class=\u0022post-author\u0022\u003ELaura\u003C\/span\u003E\n            \u003Cspan class=\u0022post-date\u0022\u003E01 mai 2026 - 14 : 33\u003C\/span\u003E\n        \u003C\/div\u003E\n    \u003C\/a\u003E\n\u003C\/div\u003E\n                    \u003Cdiv class=\u0022post-list-item post-list-item-inline\u0022\u003E\n    \u003Ca href=\u0022\/2026\/04\/19\/deux-pleines-lunes-en-mai-ce-phenomene-rare-qui-va-transformer-vos-nuits\/\u0022\u003E\n                    \u003Cimg class=\u0022post-cover\u0022 src=\u0022https:\/\/sobusygirls.fr\/media\/cache\/w48\/uploads\/post\/square\/4b24dfba0ca5f13036eb567bbf07c3a030e9f3b9.jpeg\u0022 alt=\u0022Deux pleines lunes en mai : ce ph\u00e9nom\u00e8ne rare qui va trans...\u0022\/\u003E\n                \u003Cdiv class=\u0022post-bottom\u0022\u003E\n            \u003Cspan class=\u0022post-title\u0022\u003EDeux pleines lunes en mai\u0026nbsp;: ce ph\u00e9nom\u00e8ne rare qui va transformer vos nuits\u003C\/span\u003E\n            \u003Cspan class=\u0022post-author\u0022\u003EMyl\u00e8ne\u003C\/span\u003E\n            \u003Cspan class=\u0022post-date\u0022\u003E01 mai 2026 - 14 : 30\u003C\/span\u003E\n        \u003C\/div\u003E\n    \u003C\/a\u003E\n\u003C\/div\u003E\n                    \u003Cdiv class=\u0022post-list-item post-list-item-inline\u0022\u003E\n    \u003Ca href=\u0022\/2026\/04\/28\/brigitte-macron-retour-maroc-fille-tiphaine-confidences\/\u0022\u003E\n                    \u003Cimg class=\u0022post-cover\u0022 src=\u0022https:\/\/sobusygirls.fr\/media\/cache\/w48\/uploads\/post\/square\/17bec6de2c3f93c71d95fdf848de53fb9c26a9fb.jpeg\u0022 alt=\u0022De retour du Maroc avec sa fille Tiphaine, Brigitte Macron...\u0022\/\u003E\n                \u003Cdiv class=\u0022post-bottom\u0022\u003E\n            \u003Cspan class=\u0022post-title\u0022\u003EDe retour du Maroc avec sa fille Tiphaine, Brigitte Macron l\u00e2che des confidences inattendu...\u003C\/span\u003E\n            \u003Cspan class=\u0022post-author\u0022\u003ECl\u00e9mence\u003C\/span\u003E\n            \u003Cspan class=\u0022post-date\u0022\u003E01 mai 2026 - 14 : 27\u003C\/span\u003E\n        \u003C\/div\u003E\n    \u003C\/a\u003E\n\u003C\/div\u003E\n                    \u003Cdiv class=\u0022post-list-item post-list-item-inline\u0022\u003E\n    \u003Ca href=\u0022\/2026\/03\/30\/patrick-bruel-statut-star-silence-temoignages\/\u0022\u003E\n                    \u003Cimg class=\u0022post-cover\u0022 src=\u0022https:\/\/sobusygirls.fr\/media\/cache\/w48\/uploads\/post\/square\/dc3a5033d61db7592f940ea3a9dc5398c6c704c9.jpeg\u0022 alt=\u0022\u00ab Il \u00e9tait intouchable \u00bb : ce que le statut de Patrick Bru...\u0022\/\u003E\n                \u003Cdiv class=\u0022post-bottom\u0022\u003E\n            \u003Cspan class=\u0022post-title\u0022\u003E\u00ab Il \u00e9tait intouchable \u00bb\u0026nbsp;: ce que le statut de Patrick Bruel a chang\u00e9 dans le silence de c...\u003C\/span\u003E\n            \u003Cspan class=\u0022post-author\u0022\u003ECl\u00e9mence\u003C\/span\u003E\n            \u003Cspan class=\u0022post-date\u0022\u003E01 mai 2026 - 14 : 24\u003C\/span\u003E\n        \u003C\/div\u003E\n    \u003C\/a\u003E\n\u003C\/div\u003E\n                    \u003Cdiv class=\u0022post-list-item post-list-item-inline\u0022\u003E\n    \u003Ca href=\u0022\/2026\/03\/17\/marine-tondelier-insultee-bfmtv-agnes-evren-debat-municipales-derapage\/\u0022\u003E\n                    \u003Cimg class=\u0022post-cover\u0022 src=\u0022https:\/\/sobusygirls.fr\/media\/cache\/w48\/uploads\/post\/square\/c3060fabb958a4febf94e300460332aac0e6282d.jpeg\u0022 alt=\u0022\u201cVous \u00eates totalement tar\u00e9e\u201d : Marine Tondelier insult\u00e9e e...\u0022\/\u003E\n                \u003Cdiv class=\u0022post-bottom\u0022\u003E\n            \u003Cspan class=\u0022post-title\u0022\u003E\u201cVous \u00eates totalement tar\u00e9e\u201d\u0026nbsp;: Marine Tondelier insult\u00e9e en direct sur BFMTV, la s\u00e9quence...\u003C\/span\u003E\n            \u003Cspan class=\u0022post-author\u0022\u003ECl\u00e9mence\u003C\/span\u003E\n            \u003Cspan class=\u0022post-date\u0022\u003E01 mai 2026 - 14 : 21\u003C\/span\u003E\n        \u003C\/div\u003E\n    \u003C\/a\u003E\n\u003C\/div\u003E\n                    \u003Cdiv class=\u0022post-list-item post-list-item-inline\u0022\u003E\n    \u003Ca href=\u0022\/2025\/10\/17\/jean-dujardin-lea-salame-j-aime-le-pate-france-interview-france2\/\u0022\u003E\n                    \u003Cimg class=\u0022post-cover\u0022 src=\u0022https:\/\/sobusygirls.fr\/media\/cache\/w48\/uploads\/post\/square\/aceda3f5e9a0fe0bf5a749c9b6be0b0f8e9abf2b.jpeg\u0022 alt=\u0022\u00ab J\u2019aime le p..., et alors ? \u00bb : L\u00e9a Salam\u00e9 d\u00e9stabilis\u00e9e p...\u0022\/\u003E\n                \u003Cdiv class=\u0022post-bottom\u0022\u003E\n            \u003Cspan class=\u0022post-title\u0022\u003E\u00ab J\u2019aime le p..., et alors\u0026nbsp;? \u00bb\u0026nbsp;: L\u00e9a Salam\u00e9 d\u00e9stabilis\u00e9e par Jean Dujardin et sa r\u00e9ponse i...\u003C\/span\u003E\n            \u003Cspan class=\u0022post-author\u0022\u003EMyl\u00e8ne\u003C\/span\u003E\n            \u003Cspan class=\u0022post-date\u0022\u003E01 mai 2026 - 14 : 18\u003C\/span\u003E\n        \u003C\/div\u003E\n    \u003C\/a\u003E\n\u003C\/div\u003E\n                    \u003Cdiv class=\u0022post-list-item post-list-item-inline\u0022\u003E\n    \u003Ca href=\u0022\/2025\/08\/22\/ca-ne-menerve-meme-pas-lactrice-golshifteh-farahani-repond-aux-rumeurs-dune-liaison-avec-emmanuel-macron\/\u0022\u003E\n                    \u003Cimg class=\u0022post-cover\u0022 src=\u0022https:\/\/sobusygirls.fr\/media\/cache\/w48\/uploads\/post\/square\/31038e13993a97f70e073f8c5ad3572993055f1a.jpeg\u0022 alt=\u0022\u00ab \u00c7a ne m\u2019\u00e9nerve m\u00eame pas \u00bb : l\u0026#039;actrice Golshifteh Farahan...\u0022\/\u003E\n                \u003Cdiv class=\u0022post-bottom\u0022\u003E\n            \u003Cspan class=\u0022post-title\u0022\u003E\u00ab \u00c7a ne m\u2019\u00e9nerve m\u00eame pas \u00bb\u0026nbsp;: l\u0027actrice Golshifteh Farahani r\u00e9pond aux rumeurs d\u0027une liais...\u003C\/span\u003E\n            \u003Cspan class=\u0022post-author\u0022\u003ECl\u00e9mence\u003C\/span\u003E\n            \u003Cspan class=\u0022post-date\u0022\u003E01 mai 2026 - 14 : 15\u003C\/span\u003E\n        \u003C\/div\u003E\n    \u003C\/a\u003E\n\u003C\/div\u003E\n            \u003C\/div\u003E\n            \u003Cdiv class=\u0022posts-load-more-container\u0022\u003E\n            \u003Ca href=\u0022\/ajax\/home\/posts?pp=1777637700\u0026amp;pc=1755873730\u0022 id=\u0022posts-load-more\u0022 class=\u0022posts-load-more\u0022\u003ECharger plus d\u0026#039;articles\u003C\/a\u003E\n        \u003C\/div\u003E\n    \u003C\/div\u003E\n"}