{"content":"\n\u003Cdiv class=\u0022ajax-loaded\u0022\u003E\n    \u003Cdiv class=\u0022posts\u0022\u003E\n                    \u003Cdiv class=\u0022post-list-item post-list-item-inline\u0022\u003E\n    \u003Ca href=\u0022\/2026\/04\/11\/maria-carolina-bourbon-jordan-bardella-rencontre-couple\/\u0022\u003E\n                    \u003Cimg class=\u0022post-cover\u0022 src=\u0022https:\/\/sobusygirls.fr\/media\/cache\/w48\/uploads\/post\/square\/31ede8d123ec0008af8262d97b04e543232dc2cc.jpeg\u0022 alt=\u0022Avant les photos en Corse, leur rencontre secr\u00e8te \u00e0 Monaco...\u0022\/\u003E\n                \u003Cdiv class=\u0022post-bottom\u0022\u003E\n            \u003Cspan class=\u0022post-title\u0022\u003EAvant les photos en Corse, leur rencontre secr\u00e8te \u00e0 Monaco\u0026nbsp;: voici o\u00f9 et quand Jordan Bard...\u003C\/span\u003E\n            \u003Cspan class=\u0022post-author\u0022\u003ELaura\u003C\/span\u003E\n            \u003Cspan class=\u0022post-date\u0022\u003E01 mai 2026 - 11 : 05\u003C\/span\u003E\n        \u003C\/div\u003E\n    \u003C\/a\u003E\n\u003C\/div\u003E\n                    \u003Cdiv class=\u0022post-list-item post-list-item-inline\u0022\u003E\n    \u003Ca href=\u0022\/2026\/04\/24\/brigitte-macron-tiphaine-auziere-maroc-robes-gala-theatre-royal-rabat\/\u0022\u003E\n                    \u003Cimg class=\u0022post-cover\u0022 src=\u0022https:\/\/sobusygirls.fr\/media\/cache\/w48\/uploads\/post\/square\/843f91ad7b2b54082f8677ca9ac442f765ec4cdb.jpeg\u0022 alt=\u0022Brigitte Macron au Maroc : cette surprise avec sa fille Ti...\u0022\/\u003E\n                \u003Cdiv class=\u0022post-bottom\u0022\u003E\n            \u003Cspan class=\u0022post-title\u0022\u003EBrigitte Macron au Maroc\u0026nbsp;: cette surprise avec sa fille Tiphaine que personne n\u2019avait vue...\u003C\/span\u003E\n            \u003Cspan class=\u0022post-author\u0022\u003ELaura\u003C\/span\u003E\n            \u003Cspan class=\u0022post-date\u0022\u003E01 mai 2026 - 11 : 02\u003C\/span\u003E\n        \u003C\/div\u003E\n    \u003C\/a\u003E\n\u003C\/div\u003E\n                    \u003Cdiv class=\u0022post-list-item post-list-item-inline\u0022\u003E\n    \u003Ca href=\u0022\/2026\/04\/10\/maria-carolina-bourbon-deux-siciles-qui-est-princesse\/\u0022\u003E\n                    \u003Cimg class=\u0022post-cover\u0022 src=\u0022https:\/\/sobusygirls.fr\/media\/cache\/w48\/uploads\/post\/square\/bfacebd87b1cd7ee0dc1513ff6909f75854b0872.jpeg\u0022 alt=\u0022\u00c0 22 ans, cette princesse fascinante li\u00e9e \u00e0 Jordan Bardell...\u0022\/\u003E\n                \u003Cdiv class=\u0022post-bottom\u0022\u003E\n            \u003Cspan class=\u0022post-title\u0022\u003E\u00c0 22 ans, cette princesse fascinante li\u00e9e \u00e0 Jordan Bardella intrigue autant par son parcou...\u003C\/span\u003E\n            \u003Cspan class=\u0022post-author\u0022\u003ELaura\u003C\/span\u003E\n            \u003Cspan class=\u0022post-date\u0022\u003E01 mai 2026 - 10 : 59\u003C\/span\u003E\n        \u003C\/div\u003E\n    \u003C\/a\u003E\n\u003C\/div\u003E\n                    \u003Cdiv class=\u0022post-list-item post-list-item-inline\u0022\u003E\n    \u003Ca href=\u0022\/2025\/09\/10\/sebastien-lecornu-salaire-prime-avantages-premier-ministre\/\u0022\u003E\n                    \u003Cimg class=\u0022post-cover\u0022 src=\u0022https:\/\/sobusygirls.fr\/media\/cache\/w48\/uploads\/post\/square\/b1ee17ff410e8070aeabe72af72013988737cfe5.jpeg\u0022 alt=\u0022S\u00e9bastien Lecornu : quel salaire et quels avantages pour l...\u0022\/\u003E\n                \u003Cdiv class=\u0022post-bottom\u0022\u003E\n            \u003Cspan class=\u0022post-title\u0022\u003ES\u00e9bastien Lecornu\u0026nbsp;: quel salaire et quels avantages pour le Premier ministre\u0026nbsp;?\u003C\/span\u003E\n            \u003Cspan class=\u0022post-author\u0022\u003ECl\u00e9mence\u003C\/span\u003E\n            \u003Cspan class=\u0022post-date\u0022\u003E01 mai 2026 - 10 : 56\u003C\/span\u003E\n        \u003C\/div\u003E\n    \u003C\/a\u003E\n\u003C\/div\u003E\n                    \u003Cdiv class=\u0022post-list-item post-list-item-inline\u0022\u003E\n    \u003Ca href=\u0022\/2025\/09\/29\/david-hallyday-laeticia-conflit-nikos-aliagas\/\u0022\u003E\n                    \u003Cimg class=\u0022post-cover\u0022 src=\u0022https:\/\/sobusygirls.fr\/media\/cache\/w48\/uploads\/post\/square\/8452fde8767e2cb52dd0360909068370666480c4.jpeg\u0022 alt=\u0022Quand David Hallyday a \u0026quot;p\u00e9t\u00e9 les plombs\u0026quot; contre Laeticia e...\u0022\/\u003E\n                \u003Cdiv class=\u0022post-bottom\u0022\u003E\n            \u003Cspan class=\u0022post-title\u0022\u003EQuand David Hallyday a \u0022p\u00e9t\u00e9 les plombs\u0022 contre Laeticia et Nikos Aliagas\u0026nbsp;: voici ce qu\u0027il...\u003C\/span\u003E\n            \u003Cspan class=\u0022post-author\u0022\u003EMyl\u00e8ne\u003C\/span\u003E\n            \u003Cspan class=\u0022post-date\u0022\u003E01 mai 2026 - 10 : 53\u003C\/span\u003E\n        \u003C\/div\u003E\n    \u003C\/a\u003E\n\u003C\/div\u003E\n                    \u003Cdiv class=\u0022post-list-item post-list-item-inline\u0022\u003E\n    \u003Ca href=\u0022\/2026\/02\/19\/francois-hollande-2027-perte-de-poids-bfmtv-ambitions-presidentielle\/\u0022\u003E\n                    \u003Cimg class=\u0022post-cover\u0022 src=\u0022https:\/\/sobusygirls.fr\/media\/cache\/w48\/uploads\/post\/square\/df215a804890c704633ad05f7c929f5283c6146e.jpeg\u0022 alt=\u0022\u0026quot;Il a perdu 20 kg ou c\u0026#039;est moi ?\u0026quot; : Fran\u00e7ois Hollande appa...\u0022\/\u003E\n                \u003Cdiv class=\u0022post-bottom\u0022\u003E\n            \u003Cspan class=\u0022post-title\u0022\u003E\u0022Il a perdu 20 kg ou c\u0027est moi\u0026nbsp;?\u0022\u0026nbsp;: Fran\u00e7ois Hollande appara\u00eet aminci, cette transformatio...\u003C\/span\u003E\n            \u003Cspan class=\u0022post-author\u0022\u003ECl\u00e9mence\u003C\/span\u003E\n            \u003Cspan class=\u0022post-date\u0022\u003E01 mai 2026 - 10 : 50\u003C\/span\u003E\n        \u003C\/div\u003E\n    \u003C\/a\u003E\n\u003C\/div\u003E\n                    \u003Cdiv class=\u0022post-list-item post-list-item-inline\u0022\u003E\n    \u003Ca href=\u0022\/2026\/04\/06\/donald-trump-hue-washington-kennedy-center-melania-accueil-public\/\u0022\u003E\n                    \u003Cimg class=\u0022post-cover\u0022 src=\u0022https:\/\/sobusygirls.fr\/media\/cache\/w48\/uploads\/post\/square\/d4084079e42f4119747234659c59e7eb71454180.jpeg\u0022 alt=\u0022Donald Trump hu\u00e9 \u00e0 Washington : ce qui s\u2019est vraiment pass...\u0022\/\u003E\n                \u003Cdiv class=\u0022post-bottom\u0022\u003E\n            \u003Cspan class=\u0022post-title\u0022\u003EDonald Trump hu\u00e9 \u00e0 Washington\u0026nbsp;: ce qui s\u2019est vraiment pass\u00e9 lors de cette soir\u00e9e tr\u00e8s atte...\u003C\/span\u003E\n            \u003Cspan class=\u0022post-author\u0022\u003ELaura\u003C\/span\u003E\n            \u003Cspan class=\u0022post-date\u0022\u003E01 mai 2026 - 10 : 47\u003C\/span\u003E\n        \u003C\/div\u003E\n    \u003C\/a\u003E\n\u003C\/div\u003E\n                    \u003Cdiv class=\u0022post-list-item post-list-item-inline\u0022\u003E\n    \u003Ca href=\u0022\/2025\/05\/12\/jean-pierre-foucault-salaire-loto-tf1-2025\/\u0022\u003E\n                    \u003Cimg class=\u0022post-cover\u0022 src=\u0022https:\/\/sobusygirls.fr\/media\/cache\/w48\/uploads\/post\/square\/9b78067ec7c4197a71c5713a75f4f443d94e0621.jpeg\u0022 alt=\u0022Voici le salaire de Jean-Pierre Foucault pour pr\u00e9senter le...\u0022\/\u003E\n                \u003Cdiv class=\u0022post-bottom\u0022\u003E\n            \u003Cspan class=\u0022post-title\u0022\u003EVoici le salaire de Jean-Pierre Foucault pour pr\u00e9senter le Loto, et il fait beaucoup r\u00e9agi...\u003C\/span\u003E\n            \u003Cspan class=\u0022post-author\u0022\u003EMyl\u00e8ne\u003C\/span\u003E\n            \u003Cspan class=\u0022post-date\u0022\u003E01 mai 2026 - 10 : 42\u003C\/span\u003E\n        \u003C\/div\u003E\n    \u003C\/a\u003E\n\u003C\/div\u003E\n            \u003C\/div\u003E\n            \u003Cdiv class=\u0022posts-load-more-container\u0022\u003E\n            \u003Ca href=\u0022\/ajax\/home\/posts?pp=1777624920\u0026amp;pc=1747041040\u0022 id=\u0022posts-load-more\u0022 class=\u0022posts-load-more\u0022\u003ECharger plus d\u0026#039;articles\u003C\/a\u003E\n        \u003C\/div\u003E\n    \u003C\/div\u003E\n"}