{"content":"\n\u003Cdiv class=\u0022ajax-loaded\u0022\u003E\n\n    \n            \u003Cdiv class=\u0022list-posts-container\u0022\u003E\n            \u003Cdiv class=\u0022posts row\u0022\u003E\n                                    \u003Cdiv class=\u0022post-list-item post-list-item-small col col-4\u0022\u003E\n    \u003Ca href=\u0022\/2026\/04\/04\/je-nai-pas-dinquietude-cette-phrase-sur-patrick-bruel-qui-ne-passe-vraiment-pas\/\u0022\u003E\n                    \u003Cdiv class=\u0022post-cover\u0022 style=\u0022background-image:url(\u0027https:\/\/sobusygirls.fr\/media\/cache\/w190\/uploads\/post\/large\/6b41f887c85c275eb4318958f73f0d3eb0b94e1c.jpeg\u0027)\u0022\u003E\u003C\/div\u003E\n            \u003Cdiv class=\u0022post-cover-alt\u0022 style=\u0022background-image: url(\u0027https:\/\/sobusygirls.fr\/media\/cache\/w330\/uploads\/post\/square\/6b41f887c85c275eb4318958f73f0d3eb0b94e1c.jpeg\u0027)\u0022\u003E\u003C\/div\u003E\n                \u003Cdiv class=\u0022post-bottom\u0022\u003E\n            \u003Cspan class=\u0022post-category\u0022\u003EActus\u003C\/span\u003E\n            \u003Cspan class=\u0022post-title\u0022\u003E\u201cJe n\u2019ai pas d\u2019inqui\u00e9tude\u201d\u0026nbsp;: cette phrase sur Patrick Bruel qui ne passe vraiment pas\u003C\/span\u003E\n            \u003Cspan class=\u0022post-author\u0022\u003EMyl\u00e8ne\u003C\/span\u003E\n            \u003Cspan class=\u0022post-date\u0022\u003E18 avr. 2026\u003C\/span\u003E\n        \u003C\/div\u003E\n    \u003C\/a\u003E\n\u003C\/div\u003E\n                                    \u003Cdiv class=\u0022post-list-item post-list-item-small col col-4\u0022\u003E\n    \u003Ca href=\u0022\/2025\/08\/05\/meghan-markle-accusee-harcelement-employes-etat-psychologique-fragile\/\u0022\u003E\n                    \u003Cdiv class=\u0022post-cover\u0022 style=\u0022background-image:url(\u0027https:\/\/sobusygirls.fr\/media\/cache\/w190\/uploads\/post\/large\/de617b71bdddfdde80e691224c1cbb5177f76a57.jpeg\u0027)\u0022\u003E\u003C\/div\u003E\n            \u003Cdiv class=\u0022post-cover-alt\u0022 style=\u0022background-image: url(\u0027https:\/\/sobusygirls.fr\/media\/cache\/w330\/uploads\/post\/square\/de617b71bdddfdde80e691224c1cbb5177f76a57.jpeg\u0027)\u0022\u003E\u003C\/div\u003E\n                \u003Cdiv class=\u0022post-bottom\u0022\u003E\n            \u003Cspan class=\u0022post-category\u0022\u003EActus\u003C\/span\u003E\n            \u003Cspan class=\u0022post-title\u0022\u003EMeghan Markle accus\u00e9e d\u2019avoir bris\u00e9 psychologiquement ses anciens employ\u00e9s\u0026nbsp;: de nouvelles...\u003C\/span\u003E\n            \u003Cspan class=\u0022post-author\u0022\u003ECl\u00e9mence\u003C\/span\u003E\n            \u003Cspan class=\u0022post-date\u0022\u003E18 avr. 2026\u003C\/span\u003E\n        \u003C\/div\u003E\n    \u003C\/a\u003E\n\u003C\/div\u003E\n                                    \u003Cdiv class=\u0022post-list-item post-list-item-small col col-4\u0022\u003E\n    \u003Ca href=\u0022\/2026\/04\/03\/apres-la-prison-nicolas-sarkozy-reapparait-mais-ce-detail-intrigue-tous-ses-proches\/\u0022\u003E\n                    \u003Cdiv class=\u0022post-cover\u0022 style=\u0022background-image:url(\u0027https:\/\/sobusygirls.fr\/media\/cache\/w190\/uploads\/post\/large\/f99366a726903c263c2e890475a867b5934e889e.jpeg\u0027)\u0022\u003E\u003C\/div\u003E\n            \u003Cdiv class=\u0022post-cover-alt\u0022 style=\u0022background-image: url(\u0027https:\/\/sobusygirls.fr\/media\/cache\/w330\/uploads\/post\/square\/f99366a726903c263c2e890475a867b5934e889e.jpeg\u0027)\u0022\u003E\u003C\/div\u003E\n                \u003Cdiv class=\u0022post-bottom\u0022\u003E\n            \u003Cspan class=\u0022post-category\u0022\u003EActus\u003C\/span\u003E\n            \u003Cspan class=\u0022post-title\u0022\u003EApr\u00e8s la prison, Nicolas Sarkozy r\u00e9appara\u00eet, mais ce d\u00e9tail intrigue tous ses proches\u003C\/span\u003E\n            \u003Cspan class=\u0022post-author\u0022\u003ELaura\u003C\/span\u003E\n            \u003Cspan class=\u0022post-date\u0022\u003E18 avr. 2026\u003C\/span\u003E\n        \u003C\/div\u003E\n    \u003C\/a\u003E\n\u003C\/div\u003E\n                                    \u003Cdiv class=\u0022post-list-item post-list-item-small col col-4\u0022\u003E\n    \u003Ca href=\u0022\/2026\/04\/01\/meghan-harry-montecito-realite-vie-californie-sussex\/\u0022\u003E\n                    \u003Cdiv class=\u0022post-cover\u0022 style=\u0022background-image:url(\u0027https:\/\/sobusygirls.fr\/media\/cache\/w190\/uploads\/post\/large\/984ac351eeda927e79759a8aa1ab7661598b7d95.jpeg\u0027)\u0022\u003E\u003C\/div\u003E\n            \u003Cdiv class=\u0022post-cover-alt\u0022 style=\u0022background-image: url(\u0027https:\/\/sobusygirls.fr\/media\/cache\/w330\/uploads\/post\/square\/984ac351eeda927e79759a8aa1ab7661598b7d95.jpeg\u0027)\u0022\u003E\u003C\/div\u003E\n                \u003Cdiv class=\u0022post-bottom\u0022\u003E\n            \u003Cspan class=\u0022post-category\u0022\u003EActus\u003C\/span\u003E\n            \u003Cspan class=\u0022post-title\u0022\u003EEntre r\u00eave et d\u00e9sillusion\u0026nbsp;: la vraie vie de Meghan Markle et Harry derri\u00e8re les murs de Mo...\u003C\/span\u003E\n            \u003Cspan class=\u0022post-author\u0022\u003ECl\u00e9mence\u003C\/span\u003E\n            \u003Cspan class=\u0022post-date\u0022\u003E18 avr. 2026\u003C\/span\u003E\n        \u003C\/div\u003E\n    \u003C\/a\u003E\n\u003C\/div\u003E\n                                    \u003Cdiv class=\u0022post-list-item post-list-item-small col col-4\u0022\u003E\n    \u003Ca href=\u0022\/2026\/03\/26\/patrick-bruel-accuse-apres-alexandra-lamy-ce-message-de-chloe-jouannet-sur-instagram-ne-passe-pas-inapercu\/\u0022\u003E\n                    \u003Cdiv class=\u0022post-cover\u0022 style=\u0022background-image:url(\u0027https:\/\/sobusygirls.fr\/media\/cache\/w190\/uploads\/post\/large\/6040eda9f2eecd81e9c79bc898919abb6226af31.jpeg\u0027)\u0022\u003E\u003C\/div\u003E\n            \u003Cdiv class=\u0022post-cover-alt\u0022 style=\u0022background-image: url(\u0027https:\/\/sobusygirls.fr\/media\/cache\/w330\/uploads\/post\/square\/6040eda9f2eecd81e9c79bc898919abb6226af31.jpeg\u0027)\u0022\u003E\u003C\/div\u003E\n                \u003Cdiv class=\u0022post-bottom\u0022\u003E\n            \u003Cspan class=\u0022post-category\u0022\u003EActus\u003C\/span\u003E\n            \u003Cspan class=\u0022post-title\u0022\u003EPatrick Bruel accus\u00e9\u0026nbsp;: apr\u00e8s Alexandra Lamy, ce message de Chlo\u00e9 Jouannet sur Instagram ne...\u003C\/span\u003E\n            \u003Cspan class=\u0022post-author\u0022\u003ECl\u00e9mence\u003C\/span\u003E\n            \u003Cspan class=\u0022post-date\u0022\u003E18 avr. 2026\u003C\/span\u003E\n        \u003C\/div\u003E\n    \u003C\/a\u003E\n\u003C\/div\u003E\n                                    \u003Cdiv class=\u0022post-list-item post-list-item-small col col-4\u0022\u003E\n    \u003Ca href=\u0022\/2026\/04\/05\/danse-avec-les-stars-sous-tension-pourquoi-laffaire-lucie-bernardoni-pourrait-tout-bouleverser-en-coulisses\/\u0022\u003E\n                    \u003Cdiv class=\u0022post-cover\u0022 style=\u0022background-image:url(\u0027https:\/\/sobusygirls.fr\/media\/cache\/w190\/uploads\/post\/large\/d2016737c22bae8d01d4997773c81a78118b225f.jpeg\u0027)\u0022\u003E\u003C\/div\u003E\n            \u003Cdiv class=\u0022post-cover-alt\u0022 style=\u0022background-image: url(\u0027https:\/\/sobusygirls.fr\/media\/cache\/w330\/uploads\/post\/square\/d2016737c22bae8d01d4997773c81a78118b225f.jpeg\u0027)\u0022\u003E\u003C\/div\u003E\n                \u003Cdiv class=\u0022post-bottom\u0022\u003E\n            \u003Cspan class=\u0022post-category\u0022\u003EActus\u003C\/span\u003E\n            \u003Cspan class=\u0022post-title\u0022\u003ELucie Bernardoni devait faire partie du dernier prime, mais a disparu de l\u0027\u00e9mission au der...\u003C\/span\u003E\n            \u003Cspan class=\u0022post-author\u0022\u003EMyl\u00e8ne\u003C\/span\u003E\n            \u003Cspan class=\u0022post-date\u0022\u003E18 avr. 2026\u003C\/span\u003E\n        \u003C\/div\u003E\n    \u003C\/a\u003E\n\u003C\/div\u003E\n                            \u003C\/div\u003E\n        \u003C\/div\u003E\n                \u003Cdiv class=\u0022list-posts-container\u0022\u003E\n            \u003Cdiv class=\u0022posts row\u0022\u003E\n                                    \u003Cdiv class=\u0022post-list-item post-list-item-medium col col-6\u0022\u003E\n    \u003Ca href=\u0022\/2026\/03\/11\/charles-iii-decision-radicale-stuart-hogg-scandale-andrew\/\u0022\u003E\n                    \u003Cdiv class=\u0022post-cover\u0022 style=\u0022background-image:url(\u0027https:\/\/sobusygirls.fr\/media\/cache\/w280\/uploads\/post\/large\/d4eadbc35b57758b441fe7bb6d82d6c3279166b3.jpeg\u0027)\u0022\u003E\u003C\/div\u003E\n                \u003Cdiv class=\u0022post-bottom\u0022\u003E\n            \u003Cspan class=\u0022post-category\u0022\u003EActus\u003C\/span\u003E\n            \u003Cspan class=\u0022post-title\u0022\u003ECharles III tranche dans le vif\u0026nbsp;: cette d\u00e9cision spectaculaire du roi en pleine temp\u00eate Andrew\u003C\/span\u003E\n            \u003Cspan class=\u0022post-chapo\u0022\u003EEn pleine temp\u00eate autour du prince Andrew, Charles III prend une d\u00e9cision spectaculaire : le roi retire une prestigieuse distinction au rugbyman Stuart Hogg, condamn\u00e9 pour violences domestiques. Un geste fort qui r\u00e9v\u00e8le la strat\u00e9gie du souverain pour prot\u00e9ger la monarchie.\u003C\/span\u003E\n            \u003Cspan class=\u0022post-author\u0022\u003EMyl\u00e8ne\u003C\/span\u003E\n            \u003Cspan class=\u0022post-date\u0022\u003E18 avr. 2026\u003C\/span\u003E\n        \u003C\/div\u003E\n    \u003C\/a\u003E\n\u003C\/div\u003E\n                                    \u003Cdiv class=\u0022post-list-item post-list-item-medium col col-6\u0022\u003E\n    \u003Ca href=\u0022\/2026\/03\/07\/influenceurs-dubai-urssaf-controle-france-explications\/\u0022\u003E\n                    \u003Cdiv class=\u0022post-cover\u0022 style=\u0022background-image:url(\u0027https:\/\/sobusygirls.fr\/media\/cache\/w280\/uploads\/post\/large\/eefb71157f2789c0c2b2dccb277122eddc9a98cb.jpeg\u0027)\u0022\u003E\u003C\/div\u003E\n                \u003Cdiv class=\u0022post-bottom\u0022\u003E\n            \u003Cspan class=\u0022post-category\u0022\u003EActus\u003C\/span\u003E\n            \u003Cspan class=\u0022post-title\u0022\u003EInfluenceurs \u00e0 Duba\u00ef\u0026nbsp;: l\u2019Urssaf peut-elle vraiment les contr\u00f4ler en cas de retour en France\u0026nbsp;?\u003C\/span\u003E\n            \u003Cspan class=\u0022post-chapo\u0022\u003EInfluenceurs install\u00e9s \u00e0 Duba\u00ef : l\u2019Urssaf peut-elle r\u00e9ellement les contr\u00f4ler lorsqu\u2019ils rentrent en France ? R\u00e9sidence fiscale, cotisations sociales, r\u00e8gles et exceptions.\u003C\/span\u003E\n            \u003Cspan class=\u0022post-author\u0022\u003ECl\u00e9mence\u003C\/span\u003E\n            \u003Cspan class=\u0022post-date\u0022\u003E18 avr. 2026\u003C\/span\u003E\n        \u003C\/div\u003E\n    \u003C\/a\u003E\n\u003C\/div\u003E\n                                    \u003Cdiv class=\u0022post-list-item post-list-item-medium col col-6\u0022\u003E\n    \u003Ca href=\u0022\/2026\/02\/14\/laeticia-hallyday-et-serge-varsano-ce-projet-a-miami-qui-officialise-leur-histoire-pour-de-bon\/\u0022\u003E\n                    \u003Cdiv class=\u0022post-cover\u0022 style=\u0022background-image:url(\u0027https:\/\/sobusygirls.fr\/media\/cache\/w280\/uploads\/post\/large\/c64c5b91afdea541e44dde8096679f1532db78f1.jpeg\u0027)\u0022\u003E\u003C\/div\u003E\n                \u003Cdiv class=\u0022post-bottom\u0022\u003E\n            \u003Cspan class=\u0022post-category\u0022\u003EActus\u003C\/span\u003E\n            \u003Cspan class=\u0022post-title\u0022\u003ELaeticia Hallyday et Serge Varsano\u0026nbsp;: ce projet \u00e0 Miami qui officialise leur histoire pour de bon\u003C\/span\u003E\n            \u003Cspan class=\u0022post-chapo\u0022\u003ELaeticia Hallyday et le milliardaire Serge Varsano envisageraient d\u2019emm\u00e9nager ensemble \u00e0 Miami. Une \u00e9tape cl\u00e9 qui confirme la solidit\u00e9 de leur relation.\u003C\/span\u003E\n            \u003Cspan class=\u0022post-author\u0022\u003ECl\u00e9mence\u003C\/span\u003E\n            \u003Cspan class=\u0022post-date\u0022\u003E18 avr. 2026\u003C\/span\u003E\n        \u003C\/div\u003E\n    \u003C\/a\u003E\n\u003C\/div\u003E\n                                    \u003Cdiv class=\u0022post-list-item post-list-item-medium col col-6\u0022\u003E\n    \u003Ca href=\u0022\/2026\/02\/15\/impossible-de-ne-pas-le-remarquer-ce-detail-sur-lilibet-partage-par-meghan-qui-fait-reagir\/\u0022\u003E\n                    \u003Cdiv class=\u0022post-cover\u0022 style=\u0022background-image:url(\u0027https:\/\/sobusygirls.fr\/media\/cache\/w280\/uploads\/post\/large\/9e1b56100f08ea2e91c67832e8095f07b8247234.jpeg\u0027)\u0022\u003E\u003C\/div\u003E\n                \u003Cdiv class=\u0022post-bottom\u0022\u003E\n            \u003Cspan class=\u0022post-category\u0022\u003EActus\u003C\/span\u003E\n            \u003Cspan class=\u0022post-title\u0022\u003EImpossible de ne pas le remarquer\u0026nbsp;: ce d\u00e9tail sur Lilibet partag\u00e9 par Meghan qui fait r\u00e9agir\u003C\/span\u003E\n            \u003Cspan class=\u0022post-chapo\u0022\u003ELa nouvelle photo de Lilibet avec le prince Harry pour la Saint-Valentin met en lumi\u00e8re un d\u00e9tail frappant : sa chevelure rousse.\u003C\/span\u003E\n            \u003Cspan class=\u0022post-author\u0022\u003ELaura\u003C\/span\u003E\n            \u003Cspan class=\u0022post-date\u0022\u003E18 avr. 2026\u003C\/span\u003E\n        \u003C\/div\u003E\n    \u003C\/a\u003E\n\u003C\/div\u003E\n                            \u003C\/div\u003E\n        \u003C\/div\u003E\n                \u003Cdiv class=\u0022list-posts-container\u0022\u003E\n            \u003Cdiv class=\u0022posts row\u0022\u003E\n                                    \u003Cdiv class=\u0022row post-list-item post-list-item-large post-list-item-large-bordered post-list-item-large-inverted\u0022\u003E\n    \u003Ca href=\u0022\/2026\/03\/02\/zendaya-tom-holland-maries-secret-actor-awards-2026\/\u0022\u003E\n                                    \u003Cdiv class=\u0022col col-6\u0022\u003E\n                    \u003Cimg src=\u0022https:\/\/sobusygirls.fr\/media\/cache\/w280\/uploads\/post\/square\/bf0ca46d933a2ffe457b07500975ea44038c323e.jpeg\u0022 class=\u0022post-cover\u0022 alt=\u0022Zendaya et Tom Holland mari\u00e9s en secret ? Ce que l\u2019on sait vraiment apr\u00e8s la r\u00e9v\u00e9lation choc d\u0026#039;un de leurs proches\u0022\/\u003E\n                \u003C\/div\u003E\n                            \u003Cdiv class=\u0022col col-6 post-bottom\u0022\u003E\n            \u003Cspan class=\u0022post-category\u0022\u003EActus\u003C\/span\u003E\n            \u003Cspan class=\u0022post-title\u0022\u003EZendaya et Tom Holland mari\u00e9s en secret\u0026nbsp;? Ce que l\u2019on sait vraiment apr\u00e8s la r\u00e9v\u00e9lation choc d\u0027un de leurs proches\u003C\/span\u003E\n            \u003Cspan class=\u0022post-date\u0022\u003E18 avril 2026 - 22 : 09\u003C\/span\u003E\n            \u003Cspan class=\u0022post-author\u0022\u003EMyl\u00e8ne\u003C\/span\u003E\n        \u003C\/div\u003E\n            \u003C\/a\u003E\n\u003C\/div\u003E\n                            \u003C\/div\u003E\n        \u003C\/div\u003E\n                \u003Cdiv class=\u0022list-posts-container\u0022\u003E\n            \u003Cdiv class=\u0022posts row\u0022\u003E\n                                    \u003Cdiv class=\u0022post-list-item post-list-item-small col col-4\u0022\u003E\n    \u003Ca href=\u0022\/2026\/03\/10\/sebastien-lecornu-matignon-arbre-tradition-oublie\/\u0022\u003E\n                    \u003Cdiv class=\u0022post-cover\u0022 style=\u0022background-image:url(\u0027https:\/\/sobusygirls.fr\/media\/cache\/w190\/uploads\/post\/large\/3b3932b39586996aa70af26ed5abbd99c43218f0.jpeg\u0027)\u0022\u003E\u003C\/div\u003E\n            \u003Cdiv class=\u0022post-cover-alt\u0022 style=\u0022background-image: url(\u0027https:\/\/sobusygirls.fr\/media\/cache\/w330\/uploads\/post\/square\/3b3932b39586996aa70af26ed5abbd99c43218f0.jpeg\u0027)\u0022\u003E\u003C\/div\u003E\n                \u003Cdiv class=\u0022post-bottom\u0022\u003E\n            \u003Cspan class=\u0022post-category\u0022\u003EActus\u003C\/span\u003E\n            \u003Cspan class=\u0022post-title\u0022\u003E\u00c0 Matignon, S\u00e9bastien Lecornu a failli oublier ce rituel vieux de pr\u00e8s de 50 ans\u2026 avant de...\u003C\/span\u003E\n            \u003Cspan class=\u0022post-author\u0022\u003ECl\u00e9mence\u003C\/span\u003E\n            \u003Cspan class=\u0022post-date\u0022\u003E18 avr. 2026\u003C\/span\u003E\n        \u003C\/div\u003E\n    \u003C\/a\u003E\n\u003C\/div\u003E\n                                    \u003Cdiv class=\u0022post-list-item post-list-item-small col col-4\u0022\u003E\n    \u003Ca href=\u0022\/2026\/01\/28\/avant-brooklyn-beckham-ces-relations-ou-nicola-peltz-sest-deja-eloignee-des-familles-de-ses-compagnons\/\u0022\u003E\n                    \u003Cdiv class=\u0022post-cover\u0022 style=\u0022background-image:url(\u0027https:\/\/sobusygirls.fr\/media\/cache\/w190\/uploads\/post\/large\/aa86a92376459d46f188ad72c72d10e47b1e645b.jpeg\u0027)\u0022\u003E\u003C\/div\u003E\n            \u003Cdiv class=\u0022post-cover-alt\u0022 style=\u0022background-image: url(\u0027https:\/\/sobusygirls.fr\/media\/cache\/w330\/uploads\/post\/square\/aa86a92376459d46f188ad72c72d10e47b1e645b.jpeg\u0027)\u0022\u003E\u003C\/div\u003E\n                \u003Cdiv class=\u0022post-bottom\u0022\u003E\n            \u003Cspan class=\u0022post-category\u0022\u003EActus\u003C\/span\u003E\n            \u003Cspan class=\u0022post-title\u0022\u003EAvant Brooklyn Beckham, ces relations o\u00f9 Nicola Peltz s\u2019est d\u00e9j\u00e0 \u00e9loign\u00e9e des familles de...\u003C\/span\u003E\n            \u003Cspan class=\u0022post-author\u0022\u003ELaura\u003C\/span\u003E\n            \u003Cspan class=\u0022post-date\u0022\u003E18 avr. 2026\u003C\/span\u003E\n        \u003C\/div\u003E\n    \u003C\/a\u003E\n\u003C\/div\u003E\n                                    \u003Cdiv class=\u0022post-list-item post-list-item-small col col-4\u0022\u003E\n    \u003Ca href=\u0022\/2026\/02\/15\/carla-bruni-chante-pour-nicolas-sarkozy-ce-detail-qui-na-echappe-a-personne\/\u0022\u003E\n                    \u003Cdiv class=\u0022post-cover\u0022 style=\u0022background-image:url(\u0027https:\/\/sobusygirls.fr\/media\/cache\/w190\/uploads\/post\/large\/4d867c38aaf1543acfab5f2078ddf3a0d6b1a5ac.jpeg\u0027)\u0022\u003E\u003C\/div\u003E\n            \u003Cdiv class=\u0022post-cover-alt\u0022 style=\u0022background-image: url(\u0027https:\/\/sobusygirls.fr\/media\/cache\/w330\/uploads\/post\/square\/4d867c38aaf1543acfab5f2078ddf3a0d6b1a5ac.jpeg\u0027)\u0022\u003E\u003C\/div\u003E\n                \u003Cdiv class=\u0022post-bottom\u0022\u003E\n            \u003Cspan class=\u0022post-category\u0022\u003EActus\u003C\/span\u003E\n            \u003Cspan class=\u0022post-title\u0022\u003ECarla Bruni chante pour Nicolas Sarkozy\u0026nbsp;: ce d\u00e9tail qui n\u2019a \u00e9chapp\u00e9 \u00e0 personne\u003C\/span\u003E\n            \u003Cspan class=\u0022post-author\u0022\u003ELaura\u003C\/span\u003E\n            \u003Cspan class=\u0022post-date\u0022\u003E18 avr. 2026\u003C\/span\u003E\n        \u003C\/div\u003E\n    \u003C\/a\u003E\n\u003C\/div\u003E\n                                    \u003Cdiv class=\u0022post-list-item post-list-item-small col col-4\u0022\u003E\n    \u003Ca href=\u0022\/2026\/02\/16\/francois-fillon-renonce-au-dernier-recours-la-decision-qui-scelle-definitivement-son-destin-judiciaire\/\u0022\u003E\n                    \u003Cdiv class=\u0022post-cover\u0022 style=\u0022background-image:url(\u0027https:\/\/sobusygirls.fr\/media\/cache\/w190\/uploads\/post\/large\/0c7374c73ef62c53f4422a917bf75c1fe8b45ece.jpeg\u0027)\u0022\u003E\u003C\/div\u003E\n            \u003Cdiv class=\u0022post-cover-alt\u0022 style=\u0022background-image: url(\u0027https:\/\/sobusygirls.fr\/media\/cache\/w330\/uploads\/post\/square\/0c7374c73ef62c53f4422a917bf75c1fe8b45ece.jpeg\u0027)\u0022\u003E\u003C\/div\u003E\n                \u003Cdiv class=\u0022post-bottom\u0022\u003E\n            \u003Cspan class=\u0022post-category\u0022\u003EActus\u003C\/span\u003E\n            \u003Cspan class=\u0022post-title\u0022\u003EFran\u00e7ois Fillon renonce au dernier recours\u0026nbsp;: la d\u00e9cision qui scelle d\u00e9finitivement son des...\u003C\/span\u003E\n            \u003Cspan class=\u0022post-author\u0022\u003ELaura\u003C\/span\u003E\n            \u003Cspan class=\u0022post-date\u0022\u003E18 avr. 2026\u003C\/span\u003E\n        \u003C\/div\u003E\n    \u003C\/a\u003E\n\u003C\/div\u003E\n                                    \u003Cdiv class=\u0022post-list-item post-list-item-small col col-4\u0022\u003E\n    \u003Ca href=\u0022\/2026\/02\/15\/cette-photo-denfance-partagee-par-harper-beckham-ravive-la-nostalgie-en-pleine-crise-familiale\/\u0022\u003E\n                    \u003Cdiv class=\u0022post-cover\u0022 style=\u0022background-image:url(\u0027https:\/\/sobusygirls.fr\/media\/cache\/w190\/uploads\/post\/large\/d93e5593c0cb2605aaa1398c36bd92fcd887b6a1.jpeg\u0027)\u0022\u003E\u003C\/div\u003E\n            \u003Cdiv class=\u0022post-cover-alt\u0022 style=\u0022background-image: url(\u0027https:\/\/sobusygirls.fr\/media\/cache\/w330\/uploads\/post\/square\/d93e5593c0cb2605aaa1398c36bd92fcd887b6a1.jpeg\u0027)\u0022\u003E\u003C\/div\u003E\n                \u003Cdiv class=\u0022post-bottom\u0022\u003E\n            \u003Cspan class=\u0022post-category\u0022\u003EActus\u003C\/span\u003E\n            \u003Cspan class=\u0022post-title\u0022\u003ECette photo d\u2019enfance partag\u00e9e par Harper Beckham ravive la nostalgie en pleine crise fami...\u003C\/span\u003E\n            \u003Cspan class=\u0022post-author\u0022\u003ELaura\u003C\/span\u003E\n            \u003Cspan class=\u0022post-date\u0022\u003E18 avr. 2026\u003C\/span\u003E\n        \u003C\/div\u003E\n    \u003C\/a\u003E\n\u003C\/div\u003E\n                                    \u003Cdiv class=\u0022post-list-item post-list-item-small col col-4\u0022\u003E\n    \u003Ca href=\u0022\/2026\/02\/15\/brooklyn-beckham-nicola-peltz-harper-message-saint-valentin\/\u0022\u003E\n                    \u003Cdiv class=\u0022post-cover\u0022 style=\u0022background-image:url(\u0027https:\/\/sobusygirls.fr\/media\/cache\/w190\/uploads\/post\/large\/effd3584b04354cc6f8ca0939bd86b5a0aa214fd.jpeg\u0027)\u0022\u003E\u003C\/div\u003E\n            \u003Cdiv class=\u0022post-cover-alt\u0022 style=\u0022background-image: url(\u0027https:\/\/sobusygirls.fr\/media\/cache\/w330\/uploads\/post\/square\/effd3584b04354cc6f8ca0939bd86b5a0aa214fd.jpeg\u0027)\u0022\u003E\u003C\/div\u003E\n                \u003Cdiv class=\u0022post-bottom\u0022\u003E\n            \u003Cspan class=\u0022post-category\u0022\u003EActus\u003C\/span\u003E\n            \u003Cspan class=\u0022post-title\u0022\u003EMari\u00e9 \u00e0 Nicola Peltz et en froid avec ses parents, Brooklyn re\u00e7oit un message inattendu de...\u003C\/span\u003E\n            \u003Cspan class=\u0022post-author\u0022\u003ECl\u00e9mence\u003C\/span\u003E\n            \u003Cspan class=\u0022post-date\u0022\u003E18 avr. 2026\u003C\/span\u003E\n        \u003C\/div\u003E\n    \u003C\/a\u003E\n\u003C\/div\u003E\n                            \u003C\/div\u003E\n        \u003C\/div\u003E\n                \u003Cdiv class=\u0022list-posts-container\u0022\u003E\n            \u003Cdiv class=\u0022posts row\u0022\u003E\n                                    \u003Cdiv class=\u0022post-list-item post-list-item-medium col col-6\u0022\u003E\n    \u003Ca href=\u0022\/2026\/02\/15\/nicolas-sarkozy-podcast-legend-couple-carla-bruni\/\u0022\u003E\n                    \u003Cdiv class=\u0022post-cover\u0022 style=\u0022background-image:url(\u0027https:\/\/sobusygirls.fr\/media\/cache\/w280\/uploads\/post\/large\/6d8147e1811f8b0726cd50ea7bd59bb976d616ec.jpeg\u0027)\u0022\u003E\u003C\/div\u003E\n                \u003Cdiv class=\u0022post-bottom\u0022\u003E\n            \u003Cspan class=\u0022post-category\u0022\u003EActus\u003C\/span\u003E\n            \u003Cspan class=\u0022post-title\u0022\u003ECe que Nicolas Sarkozy a confi\u00e9 sur son couple avec Carla Bruni va vous surprendre\u003C\/span\u003E\n            \u003Cspan class=\u0022post-chapo\u0022\u003EDans le podcast Legend, Nicolas Sarkozy a livr\u00e9 sa vision du couple. Carla Bruni a partag\u00e9 cet extrait pour la Saint-Valentin, r\u00e9v\u00e9lant leur conception de l\u2019amour.\u003C\/span\u003E\n            \u003Cspan class=\u0022post-author\u0022\u003ELaura\u003C\/span\u003E\n            \u003Cspan class=\u0022post-date\u0022\u003E18 avr. 2026\u003C\/span\u003E\n        \u003C\/div\u003E\n    \u003C\/a\u003E\n\u003C\/div\u003E\n                                    \u003Cdiv class=\u0022post-list-item post-list-item-medium col col-6\u0022\u003E\n    \u003Ca href=\u0022\/2026\/04\/15\/jordan-bardella-princesse-photos-paris-match-polemique\/\u0022\u003E\n                    \u003Cdiv class=\u0022post-cover\u0022 style=\u0022background-image:url(\u0027https:\/\/sobusygirls.fr\/media\/cache\/w280\/uploads\/post\/large\/e9c3acbf382a1916854d5a67fb2cfc310c24cf1c.jpeg\u0027)\u0022\u003E\u003C\/div\u003E\n                \u003Cdiv class=\u0022post-bottom\u0022\u003E\n            \u003Cspan class=\u0022post-category\u0022\u003EActus\u003C\/span\u003E\n            \u003Cspan class=\u0022post-title\u0022\u003ECes photos de Jordan Bardella avec une princesse qui font exploser les soup\u00e7ons\u003C\/span\u003E\n            \u003Cspan class=\u0022post-chapo\u0022\u003ELes photos de Jordan Bardella avec la princesse Maria Carolina d\u00e9clenchent une pol\u00e9mique : mise en sc\u00e8ne, strat\u00e9gie et r\u00e9actions en direct.\u003C\/span\u003E\n            \u003Cspan class=\u0022post-author\u0022\u003ELaura\u003C\/span\u003E\n            \u003Cspan class=\u0022post-date\u0022\u003E18 avr. 2026\u003C\/span\u003E\n        \u003C\/div\u003E\n    \u003C\/a\u003E\n\u003C\/div\u003E\n                                    \u003Cdiv class=\u0022post-list-item post-list-item-medium col col-6\u0022\u003E\n    \u003Ca href=\u0022\/2025\/12\/11\/maison-taulier-vendue-moins-cher-laeticia-hallyday-dette\/\u0022\u003E\n                    \u003Cdiv class=\u0022post-cover\u0022 style=\u0022background-image:url(\u0027https:\/\/sobusygirls.fr\/media\/cache\/w280\/uploads\/post\/large\/d9cc10a1b9f3d189b00db9191535b5acd047af05.jpeg\u0027)\u0022\u003E\u003C\/div\u003E\n                \u003Cdiv class=\u0022post-bottom\u0022\u003E\n            \u003Cspan class=\u0022post-category\u0022\u003EActus\u003C\/span\u003E\n            \u003Cspan class=\u0022post-title\u0022\u003ELa maison du Taulier vendue bien moins cher que pr\u00e9vu\u0026nbsp;: ce que Laeticia a d\u00fb accepter pour solder la...\u003C\/span\u003E\n            \u003Cspan class=\u0022post-chapo\u0022\u003ELa maison de Johnny a \u00e9t\u00e9 vendue bien moins cher que pr\u00e9vu, une \u00e9tape cl\u00e9 pour permettre \u00e0 Laeticia Hallyday de solder la dette du Taulier.\u003C\/span\u003E\n            \u003Cspan class=\u0022post-author\u0022\u003ELaura\u003C\/span\u003E\n            \u003Cspan class=\u0022post-date\u0022\u003E18 avr. 2026\u003C\/span\u003E\n        \u003C\/div\u003E\n    \u003C\/a\u003E\n\u003C\/div\u003E\n                                    \u003Cdiv class=\u0022post-list-item post-list-item-medium col col-6\u0022\u003E\n    \u003Ca href=\u0022\/2026\/04\/16\/carla-bruni-nicolas-sarkozy-rencontre-verite-laurent-ruquier\/\u0022\u003E\n                    \u003Cdiv class=\u0022post-cover\u0022 style=\u0022background-image:url(\u0027https:\/\/sobusygirls.fr\/media\/cache\/w280\/uploads\/post\/large\/7ab1534c10fd62134411301f2b1b3f0e94f8b04e.jpeg\u0027)\u0022\u003E\u003C\/div\u003E\n                \u003Cdiv class=\u0022post-bottom\u0022\u003E\n            \u003Cspan class=\u0022post-category\u0022\u003EActus\u003C\/span\u003E\n            \u003Cspan class=\u0022post-title\u0022\u003E\u201cLes journaux continuent de l\u2019\u00e9crire\u2026\u201d\u0026nbsp;: cette pr\u00e9cision de Laurent Ruquier qui change tout sur la r...\u003C\/span\u003E\n            \u003Cspan class=\u0022post-chapo\u0022\u003EO\u00f9 Carla Bruni et Nicolas Sarkozy se sont-ils vraiment rencontr\u00e9s ? Laurent Ruquier met fin \u00e0 une rumeur persistante et r\u00e9v\u00e8le la v\u00e9rit\u00e9 sur leur coup de foudre.\u003C\/span\u003E\n            \u003Cspan class=\u0022post-author\u0022\u003ELaura\u003C\/span\u003E\n            \u003Cspan class=\u0022post-date\u0022\u003E18 avr. 2026\u003C\/span\u003E\n        \u003C\/div\u003E\n    \u003C\/a\u003E\n\u003C\/div\u003E\n                            \u003C\/div\u003E\n        \u003C\/div\u003E\n                \u003Cdiv class=\u0022list-posts-container\u0022\u003E\n            \u003Cdiv class=\u0022posts row\u0022\u003E\n                                    \u003Cdiv class=\u0022row post-list-item post-list-item-large post-list-item-large-bordered post-list-item-large-inverted\u0022\u003E\n    \u003Ca href=\u0022\/2026\/02\/19\/recadrage-emmanuel-macron-paul-larrouturou-tutoiement-interview\/\u0022\u003E\n                                    \u003Cdiv class=\u0022col col-6\u0022\u003E\n                    \u003Cimg src=\u0022https:\/\/sobusygirls.fr\/media\/cache\/w280\/uploads\/post\/square\/48051af6c4d0104c3ea14cf69d67d443c7110adf.jpeg\u0022 class=\u0022post-cover\u0022 alt=\u0022\u0026quot;Il a essay\u00e9 de me tutoyer\u0026quot; : Emmanuel Macron recadr\u00e9 par Paul Larrouturou\u0022\/\u003E\n                \u003C\/div\u003E\n                            \u003Cdiv class=\u0022col col-6 post-bottom\u0022\u003E\n            \u003Cspan class=\u0022post-category\u0022\u003EActus\u003C\/span\u003E\n            \u003Cspan class=\u0022post-title\u0022\u003E\u0022Il a essay\u00e9 de me tutoyer\u0022\u0026nbsp;: Emmanuel Macron recadr\u00e9 par Paul Larrouturou\u003C\/span\u003E\n            \u003Cspan class=\u0022post-date\u0022\u003E18 avril 2026 - 14 : 47\u003C\/span\u003E\n            \u003Cspan class=\u0022post-author\u0022\u003ECl\u00e9mence\u003C\/span\u003E\n        \u003C\/div\u003E\n            \u003C\/a\u003E\n\u003C\/div\u003E\n                            \u003C\/div\u003E\n        \u003C\/div\u003E\n                \u003Cdiv class=\u0022list-posts-container\u0022\u003E\n            \u003Cdiv class=\u0022posts row\u0022\u003E\n                                    \u003Cdiv class=\u0022post-list-item post-list-item-small col col-4\u0022\u003E\n    \u003Ca href=\u0022\/2026\/04\/15\/ce-que-cache-vraiment-la-mise-en-lumiere-du-couple-bardella-maria-carolina\/\u0022\u003E\n                    \u003Cdiv class=\u0022post-cover\u0022 style=\u0022background-image:url(\u0027https:\/\/sobusygirls.fr\/media\/cache\/w190\/uploads\/post\/large\/6c9a09cfc6a5c141fe72490017d38f61d2411e5c.jpeg\u0027)\u0022\u003E\u003C\/div\u003E\n            \u003Cdiv class=\u0022post-cover-alt\u0022 style=\u0022background-image: url(\u0027https:\/\/sobusygirls.fr\/media\/cache\/w330\/uploads\/post\/square\/6c9a09cfc6a5c141fe72490017d38f61d2411e5c.jpeg\u0027)\u0022\u003E\u003C\/div\u003E\n                \u003Cdiv class=\u0022post-bottom\u0022\u003E\n            \u003Cspan class=\u0022post-category\u0022\u003EActus\u003C\/span\u003E\n            \u003Cspan class=\u0022post-title\u0022\u003ECe que cache vraiment la mise en lumi\u00e8re du couple Bardella\u2013Maria Carolina\u003C\/span\u003E\n            \u003Cspan class=\u0022post-author\u0022\u003ECl\u00e9mence\u003C\/span\u003E\n            \u003Cspan class=\u0022post-date\u0022\u003E18 avr. 2026\u003C\/span\u003E\n        \u003C\/div\u003E\n    \u003C\/a\u003E\n\u003C\/div\u003E\n                                    \u003Cdiv class=\u0022post-list-item post-list-item-small col col-4\u0022\u003E\n    \u003Ca href=\u0022\/2026\/04\/15\/maria-carolina-bourbon-jordan-bardella-couple-reactions\/\u0022\u003E\n                    \u003Cdiv class=\u0022post-cover\u0022 style=\u0022background-image:url(\u0027https:\/\/sobusygirls.fr\/media\/cache\/w190\/uploads\/post\/large\/229a1608b14ebb967553c9b26f13eaf25178b818.jpeg\u0027)\u0022\u003E\u003C\/div\u003E\n            \u003Cdiv class=\u0022post-cover-alt\u0022 style=\u0022background-image: url(\u0027https:\/\/sobusygirls.fr\/media\/cache\/w330\/uploads\/post\/square\/229a1608b14ebb967553c9b26f13eaf25178b818.jpeg\u0027)\u0022\u003E\u003C\/div\u003E\n                \u003Cdiv class=\u0022post-bottom\u0022\u003E\n            \u003Cspan class=\u0022post-category\u0022\u003EActus\u003C\/span\u003E\n            \u003Cspan class=\u0022post-title\u0022\u003E\u201cMagnifique couple\u201d\u2026 mais pas pour tout le monde\u0026nbsp;: pourquoi Jordan Bardella et Maria Carol...\u003C\/span\u003E\n            \u003Cspan class=\u0022post-author\u0022\u003ECl\u00e9mence\u003C\/span\u003E\n            \u003Cspan class=\u0022post-date\u0022\u003E18 avr. 2026\u003C\/span\u003E\n        \u003C\/div\u003E\n    \u003C\/a\u003E\n\u003C\/div\u003E\n                                    \u003Cdiv class=\u0022post-list-item post-list-item-small col col-4\u0022\u003E\n    \u003Ca href=\u0022\/2026\/04\/18\/pres-de-150-pieces-achetees-le-profil-du-collectionneur-au-coeur-de-laffaire-de-lelysee-fascine\/\u0022\u003E\n                    \u003Cdiv class=\u0022post-cover\u0022 style=\u0022background-image:url(\u0027https:\/\/sobusygirls.fr\/media\/cache\/w190\/uploads\/post\/large\/040ea4b3bcf35c7df261618b902ea9fd905abf63.jpeg\u0027)\u0022\u003E\u003C\/div\u003E\n            \u003Cdiv class=\u0022post-cover-alt\u0022 style=\u0022background-image: url(\u0027https:\/\/sobusygirls.fr\/media\/cache\/w330\/uploads\/post\/square\/040ea4b3bcf35c7df261618b902ea9fd905abf63.jpeg\u0027)\u0022\u003E\u003C\/div\u003E\n                \u003Cdiv class=\u0022post-bottom\u0022\u003E\n            \u003Cspan class=\u0022post-category\u0022\u003EActus\u003C\/span\u003E\n            \u003Cspan class=\u0022post-title\u0022\u003EPr\u00e8s de 150 pi\u00e8ces achet\u00e9es\u0026nbsp;: le profil du collectionneur au c\u0153ur de l\u2019affaire de l\u2019\u00c9lys\u00e9e...\u003C\/span\u003E\n            \u003Cspan class=\u0022post-author\u0022\u003ELaura\u003C\/span\u003E\n            \u003Cspan class=\u0022post-date\u0022\u003E18 avr. 2026\u003C\/span\u003E\n        \u003C\/div\u003E\n    \u003C\/a\u003E\n\u003C\/div\u003E\n                                    \u003Cdiv class=\u0022post-list-item post-list-item-small col col-4\u0022\u003E\n    \u003Ca href=\u0022\/2026\/02\/03\/stocks-impressionnants-cadeaux-malaise-ce-qui-inquiete-vraiment-dans-laventure-as-ever-de-meghan-markle\/\u0022\u003E\n                    \u003Cdiv class=\u0022post-cover\u0022 style=\u0022background-image:url(\u0027https:\/\/sobusygirls.fr\/media\/cache\/w190\/uploads\/post\/large\/c916aaea1dbe837f1a194bd41e4eb60ef44104d8.jpeg\u0027)\u0022\u003E\u003C\/div\u003E\n            \u003Cdiv class=\u0022post-cover-alt\u0022 style=\u0022background-image: url(\u0027https:\/\/sobusygirls.fr\/media\/cache\/w330\/uploads\/post\/square\/c916aaea1dbe837f1a194bd41e4eb60ef44104d8.jpeg\u0027)\u0022\u003E\u003C\/div\u003E\n                \u003Cdiv class=\u0022post-bottom\u0022\u003E\n            \u003Cspan class=\u0022post-category\u0022\u003EActus\u003C\/span\u003E\n            \u003Cspan class=\u0022post-title\u0022\u003EStocks impressionnants, cadeaux, malaise\u0026nbsp;: ce qui inqui\u00e8te vraiment dans l\u2019aventure As Eve...\u003C\/span\u003E\n            \u003Cspan class=\u0022post-author\u0022\u003ELaura\u003C\/span\u003E\n            \u003Cspan class=\u0022post-date\u0022\u003E18 avr. 2026\u003C\/span\u003E\n        \u003C\/div\u003E\n    \u003C\/a\u003E\n\u003C\/div\u003E\n                                    \u003Cdiv class=\u0022post-list-item post-list-item-small col col-4\u0022\u003E\n    \u003Ca href=\u0022\/2026\/03\/30\/ecologistes-municipales-deroute-tondelier-reactions\/\u0022\u003E\n                    \u003Cdiv class=\u0022post-cover\u0022 style=\u0022background-image:url(\u0027https:\/\/sobusygirls.fr\/media\/cache\/w190\/uploads\/post\/large\/989b3ba7aeff89eec94f2fc631273711cf1fdf18.jpeg\u0027)\u0022\u003E\u003C\/div\u003E\n            \u003Cdiv class=\u0022post-cover-alt\u0022 style=\u0022background-image: url(\u0027https:\/\/sobusygirls.fr\/media\/cache\/w330\/uploads\/post\/square\/989b3ba7aeff89eec94f2fc631273711cf1fdf18.jpeg\u0027)\u0022\u003E\u003C\/div\u003E\n                \u003Cdiv class=\u0022post-bottom\u0022\u003E\n            \u003Cspan class=\u0022post-category\u0022\u003EActus\u003C\/span\u003E\n            \u003Cspan class=\u0022post-title\u0022\u003E\u00ab Si on continue, on va dispara\u00eetre \u00bb\u0026nbsp;: la phrase qui a glac\u00e9 les \u00e9cologistes apr\u00e8s une nu...\u003C\/span\u003E\n            \u003Cspan class=\u0022post-author\u0022\u003ELaura\u003C\/span\u003E\n            \u003Cspan class=\u0022post-date\u0022\u003E18 avr. 2026\u003C\/span\u003E\n        \u003C\/div\u003E\n    \u003C\/a\u003E\n\u003C\/div\u003E\n                                    \u003Cdiv class=\u0022post-list-item post-list-item-small col col-4\u0022\u003E\n    \u003Ca href=\u0022\/2026\/03\/25\/patrick-bruel-accuse-en-pleine-polemique-il-est-toujours-a-laffiche-au-theatre-a-paris\/\u0022\u003E\n                    \u003Cdiv class=\u0022post-cover\u0022 style=\u0022background-image:url(\u0027https:\/\/sobusygirls.fr\/media\/cache\/w190\/uploads\/post\/large\/917e4bc6078b873697943e9cc360dfd766b7e8b8.jpeg\u0027)\u0022\u003E\u003C\/div\u003E\n            \u003Cdiv class=\u0022post-cover-alt\u0022 style=\u0022background-image: url(\u0027https:\/\/sobusygirls.fr\/media\/cache\/w330\/uploads\/post\/square\/917e4bc6078b873697943e9cc360dfd766b7e8b8.jpeg\u0027)\u0022\u003E\u003C\/div\u003E\n                \u003Cdiv class=\u0022post-bottom\u0022\u003E\n            \u003Cspan class=\u0022post-category\u0022\u003EActus\u003C\/span\u003E\n            \u003Cspan class=\u0022post-title\u0022\u003EPatrick Bruel accus\u00e9\u0026nbsp;: en pleine pol\u00e9mique, il est toujours \u00e0 l\u2019affiche au th\u00e9\u00e2tre \u00e0 Paris\u003C\/span\u003E\n            \u003Cspan class=\u0022post-author\u0022\u003ECl\u00e9mence\u003C\/span\u003E\n            \u003Cspan class=\u0022post-date\u0022\u003E18 avr. 2026\u003C\/span\u003E\n        \u003C\/div\u003E\n    \u003C\/a\u003E\n\u003C\/div\u003E\n                            \u003C\/div\u003E\n        \u003C\/div\u003E\n    \n            \u003Cdiv class=\u0022posts-load-more-container\u0022\u003E\n            \u003Ca href=\u0022\/ajax\/category\/posts?slug=geek-blog\u0026amp;pp=1776466920\u0026amp;pc=1774463731\u0022 id=\u0022posts-load-more\u0022 class=\u0022posts-load-more\u0022\u003ECharger plus d\u0026#039;articles\u003C\/a\u003E\n        \u003C\/div\u003E\n    \u003C\/div\u003E\n","top_category_title":"Actus","sub_category_title":"Geek"}