{"content":"\n\u003Cdiv class=\u0022ajax-loaded\u0022\u003E\n\n    \n            \u003Cdiv class=\u0022list-posts-container\u0022\u003E\n            \u003Cdiv class=\u0022posts row\u0022\u003E\n                                    \u003Cdiv class=\u0022post-list-item post-list-item-small col col-4\u0022\u003E\n    \u003Ca href=\u0022\/2026\/03\/23\/je-vais-saisir-la-justice-adriana-karembeu-passe-a-laction-pour-proteger-sa-fille-nina\/\u0022\u003E\n                    \u003Cdiv class=\u0022post-cover\u0022 style=\u0022background-image:url(\u0027https:\/\/sobusygirls.fr\/media\/cache\/w190\/uploads\/post\/large\/a3f87046e8d0a2a68c735dafee31ba475855e88e.jpeg\u0027)\u0022\u003E\u003C\/div\u003E\n            \u003Cdiv class=\u0022post-cover-alt\u0022 style=\u0022background-image: url(\u0027https:\/\/sobusygirls.fr\/media\/cache\/w330\/uploads\/post\/square\/a3f87046e8d0a2a68c735dafee31ba475855e88e.jpeg\u0027)\u0022\u003E\u003C\/div\u003E\n                \u003Cdiv class=\u0022post-bottom\u0022\u003E\n            \u003Cspan class=\u0022post-category\u0022\u003EActus\u003C\/span\u003E\n            \u003Cspan class=\u0022post-title\u0022\u003E\u201cJe vais saisir la justice\u201d\u0026nbsp;: Adriana Karembeu passe \u00e0 l\u2019action pour prot\u00e9ger sa fille Nin...\u003C\/span\u003E\n            \u003Cspan class=\u0022post-author\u0022\u003ECl\u00e9mence\u003C\/span\u003E\n            \u003Cspan class=\u0022post-date\u0022\u003E10 avr. 2026\u003C\/span\u003E\n        \u003C\/div\u003E\n    \u003C\/a\u003E\n\u003C\/div\u003E\n                                    \u003Cdiv class=\u0022post-list-item post-list-item-small col col-4\u0022\u003E\n    \u003Ca href=\u0022\/2026\/03\/24\/noix-de-cajou-jus-de-tomate-comment-le-chef-de-lelysee-a-sauve-un-diner-demmanuel-macron-a-la-derniere-minute\/\u0022\u003E\n                    \u003Cdiv class=\u0022post-cover\u0022 style=\u0022background-image:url(\u0027https:\/\/sobusygirls.fr\/media\/cache\/w190\/uploads\/post\/large\/85a7785982d671ca4633e5ca32d37cb572083239.jpeg\u0027)\u0022\u003E\u003C\/div\u003E\n            \u003Cdiv class=\u0022post-cover-alt\u0022 style=\u0022background-image: url(\u0027https:\/\/sobusygirls.fr\/media\/cache\/w330\/uploads\/post\/square\/85a7785982d671ca4633e5ca32d37cb572083239.jpeg\u0027)\u0022\u003E\u003C\/div\u003E\n                \u003Cdiv class=\u0022post-bottom\u0022\u003E\n            \u003Cspan class=\u0022post-category\u0022\u003EActus\u003C\/span\u003E\n            \u003Cspan class=\u0022post-title\u0022\u003E\u0022Noix de cajou, jus de tomate\u0022\u0026nbsp;: comment le chef de l\u2019\u00c9lys\u00e9e a sauv\u00e9 un d\u00eener d\u2019Emmanuel M...\u003C\/span\u003E\n            \u003Cspan class=\u0022post-author\u0022\u003ELaura\u003C\/span\u003E\n            \u003Cspan class=\u0022post-date\u0022\u003E10 avr. 2026\u003C\/span\u003E\n        \u003C\/div\u003E\n    \u003C\/a\u003E\n\u003C\/div\u003E\n                                    \u003Cdiv class=\u0022post-list-item post-list-item-small col col-4\u0022\u003E\n    \u003Ca href=\u0022\/2026\/03\/25\/patrick-bruel-accuse-le-recit-glacant-dune-adolescente-de-15-ans-evoquant-un-baiser-force-a-lus-open-en-1992\/\u0022\u003E\n                    \u003Cdiv class=\u0022post-cover\u0022 style=\u0022background-image:url(\u0027https:\/\/sobusygirls.fr\/media\/cache\/w190\/uploads\/post\/large\/af76a5f2e09fe84d0d104f4658310b934c5ab058.jpeg\u0027)\u0022\u003E\u003C\/div\u003E\n            \u003Cdiv class=\u0022post-cover-alt\u0022 style=\u0022background-image: url(\u0027https:\/\/sobusygirls.fr\/media\/cache\/w330\/uploads\/post\/square\/af76a5f2e09fe84d0d104f4658310b934c5ab058.jpeg\u0027)\u0022\u003E\u003C\/div\u003E\n                \u003Cdiv class=\u0022post-bottom\u0022\u003E\n            \u003Cspan class=\u0022post-category\u0022\u003EActus\u003C\/span\u003E\n            \u003Cspan class=\u0022post-title\u0022\u003EPatrick Bruel accus\u00e9\u0026nbsp;: le r\u00e9cit gla\u00e7ant d\u2019une adolescente de 15 ans \u00e9voquant un baiser for...\u003C\/span\u003E\n            \u003Cspan class=\u0022post-author\u0022\u003ELaura\u003C\/span\u003E\n            \u003Cspan class=\u0022post-date\u0022\u003E10 avr. 2026\u003C\/span\u003E\n        \u003C\/div\u003E\n    \u003C\/a\u003E\n\u003C\/div\u003E\n                                    \u003Cdiv class=\u0022post-list-item post-list-item-small col col-4\u0022\u003E\n    \u003Ca href=\u0022\/2025\/12\/08\/david-hallyday-brise-le-silence-temps-n-arrange-pas-johnny\/\u0022\u003E\n                    \u003Cdiv class=\u0022post-cover\u0022 style=\u0022background-image:url(\u0027https:\/\/sobusygirls.fr\/media\/cache\/w190\/uploads\/post\/large\/c2874b19bd097c49e4851c37b18b508a70c4d4c5.jpeg\u0027)\u0022\u003E\u003C\/div\u003E\n            \u003Cdiv class=\u0022post-cover-alt\u0022 style=\u0022background-image: url(\u0027https:\/\/sobusygirls.fr\/media\/cache\/w330\/uploads\/post\/square\/c2874b19bd097c49e4851c37b18b508a70c4d4c5.jpeg\u0027)\u0022\u003E\u003C\/div\u003E\n                \u003Cdiv class=\u0022post-bottom\u0022\u003E\n            \u003Cspan class=\u0022post-category\u0022\u003EActus\u003C\/span\u003E\n            \u003Cspan class=\u0022post-title\u0022\u003EDavid Hallyday brise le silence\u0026nbsp;: ce que \u0022le temps n\u2019arrange pas\u0022 depuis la mort de Johnny\u003C\/span\u003E\n            \u003Cspan class=\u0022post-author\u0022\u003ECl\u00e9mence\u003C\/span\u003E\n            \u003Cspan class=\u0022post-date\u0022\u003E10 avr. 2026\u003C\/span\u003E\n        \u003C\/div\u003E\n    \u003C\/a\u003E\n\u003C\/div\u003E\n                                    \u003Cdiv class=\u0022post-list-item post-list-item-small col col-4\u0022\u003E\n    \u003Ca href=\u0022\/2026\/03\/31\/je-nai-pas-dormi-jai-flippe-elodie-gossuin-raconte-la-nuit-ou-tout-a-bascule-a-dubai\/\u0022\u003E\n                    \u003Cdiv class=\u0022post-cover\u0022 style=\u0022background-image:url(\u0027https:\/\/sobusygirls.fr\/media\/cache\/w190\/uploads\/post\/large\/52ed124f3e5132512f3a63f783d6ee2be999f41b.jpeg\u0027)\u0022\u003E\u003C\/div\u003E\n            \u003Cdiv class=\u0022post-cover-alt\u0022 style=\u0022background-image: url(\u0027https:\/\/sobusygirls.fr\/media\/cache\/w330\/uploads\/post\/square\/52ed124f3e5132512f3a63f783d6ee2be999f41b.jpeg\u0027)\u0022\u003E\u003C\/div\u003E\n                \u003Cdiv class=\u0022post-bottom\u0022\u003E\n            \u003Cspan class=\u0022post-category\u0022\u003EActus\u003C\/span\u003E\n            \u003Cspan class=\u0022post-title\u0022\u003E\u00ab Je n\u2019ai pas dormi, j\u2019ai flipp\u00e9 \u00bb\u0026nbsp;: \u00c9lodie Gossuin raconte la nuit o\u00f9 tout a bascul\u00e9 \u00e0 Du...\u003C\/span\u003E\n            \u003Cspan class=\u0022post-author\u0022\u003ECl\u00e9mence\u003C\/span\u003E\n            \u003Cspan class=\u0022post-date\u0022\u003E10 avr. 2026\u003C\/span\u003E\n        \u003C\/div\u003E\n    \u003C\/a\u003E\n\u003C\/div\u003E\n                                    \u003Cdiv class=\u0022post-list-item post-list-item-small col col-4\u0022\u003E\n    \u003Ca href=\u0022\/2026\/03\/31\/52-contre-48-ce-face-a-face-inattendu-entre-edouard-philippe-et-jordan-bardella-change-tout\/\u0022\u003E\n                    \u003Cdiv class=\u0022post-cover\u0022 style=\u0022background-image:url(\u0027https:\/\/sobusygirls.fr\/media\/cache\/w190\/uploads\/post\/large\/81f76ae3f3542b9ebeb223d15dbce16852f1207a.jpeg\u0027)\u0022\u003E\u003C\/div\u003E\n            \u003Cdiv class=\u0022post-cover-alt\u0022 style=\u0022background-image: url(\u0027https:\/\/sobusygirls.fr\/media\/cache\/w330\/uploads\/post\/square\/81f76ae3f3542b9ebeb223d15dbce16852f1207a.jpeg\u0027)\u0022\u003E\u003C\/div\u003E\n                \u003Cdiv class=\u0022post-bottom\u0022\u003E\n            \u003Cspan class=\u0022post-category\u0022\u003EActus\u003C\/span\u003E\n            \u003Cspan class=\u0022post-title\u0022\u003E52% contre 48%\u0026nbsp;: ce face-\u00e0-face inattendu entre \u00c9douard Philippe et Jordan Bardella change...\u003C\/span\u003E\n            \u003Cspan class=\u0022post-author\u0022\u003ELaura\u003C\/span\u003E\n            \u003Cspan class=\u0022post-date\u0022\u003E10 avr. 2026\u003C\/span\u003E\n        \u003C\/div\u003E\n    \u003C\/a\u003E\n\u003C\/div\u003E\n                            \u003C\/div\u003E\n        \u003C\/div\u003E\n                \u003Cdiv class=\u0022list-posts-container\u0022\u003E\n            \u003Cdiv class=\u0022posts row\u0022\u003E\n                                    \u003Cdiv class=\u0022post-list-item post-list-item-medium col col-6\u0022\u003E\n    \u003Ca href=\u0022\/2026\/03\/31\/ma-facture-a-augmente-dun-tiers-ce-patron-de-transport-raconte-une-situation-devenue-ingerable\/\u0022\u003E\n                    \u003Cdiv class=\u0022post-cover\u0022 style=\u0022background-image:url(\u0027https:\/\/sobusygirls.fr\/media\/cache\/w280\/uploads\/post\/large\/04e6b78b0b9e918d7d674f4258d30e5fb1014506.jpeg\u0027)\u0022\u003E\u003C\/div\u003E\n                \u003Cdiv class=\u0022post-bottom\u0022\u003E\n            \u003Cspan class=\u0022post-category\u0022\u003EActus\u003C\/span\u003E\n            \u003Cspan class=\u0022post-title\u0022\u003E\u201cMa facture a augment\u00e9 d\u2019un tiers\u201d\u0026nbsp;: ce patron de transport raconte une situation devenue ing\u00e9rable\u003C\/span\u003E\n            \u003Cspan class=\u0022post-chapo\u0022\u003EFace \u00e0 la hausse des prix des carburants, les entreprises de transport tirent la sonnette d\u2019alarme. T\u00e9moignage d\u2019un patron dont les co\u00fbts ont explos\u00e9.\u003C\/span\u003E\n            \u003Cspan class=\u0022post-author\u0022\u003ELaura\u003C\/span\u003E\n            \u003Cspan class=\u0022post-date\u0022\u003E10 avr. 2026\u003C\/span\u003E\n        \u003C\/div\u003E\n    \u003C\/a\u003E\n\u003C\/div\u003E\n                                    \u003Cdiv class=\u0022post-list-item post-list-item-medium col col-6\u0022\u003E\n    \u003Ca href=\u0022\/2025\/12\/11\/36-millions-deuros-ventes-forcees-pression-mediatique-laeticia-hallyday-raconte-lepreuve-quelle-veut-oublier\/\u0022\u003E\n                    \u003Cdiv class=\u0022post-cover\u0022 style=\u0022background-image:url(\u0027https:\/\/sobusygirls.fr\/media\/cache\/w280\/uploads\/post\/large\/5e5866ee2bbc46c306c5e21259353f4829691942.jpeg\u0027)\u0022\u003E\u003C\/div\u003E\n                \u003Cdiv class=\u0022post-bottom\u0022\u003E\n            \u003Cspan class=\u0022post-category\u0022\u003EActus\u003C\/span\u003E\n            \u003Cspan class=\u0022post-title\u0022\u003E36 millions d\u2019euros, ventes forc\u00e9es, pression m\u00e9diatique\u0026nbsp;: Laeticia Hallyday raconte l\u2019\u00e9preuve qu\u2019el...\u003C\/span\u003E\n            \u003Cspan class=\u0022post-chapo\u0022\u003EEntre ventes forc\u00e9es, pression m\u00e9diatique et dette colossale, Laeticia Hallyday revient sur l\u2019\u00e9preuve de huit ans qui a suivi la mort de Johnny.\u003C\/span\u003E\n            \u003Cspan class=\u0022post-author\u0022\u003ELaura\u003C\/span\u003E\n            \u003Cspan class=\u0022post-date\u0022\u003E10 avr. 2026\u003C\/span\u003E\n        \u003C\/div\u003E\n    \u003C\/a\u003E\n\u003C\/div\u003E\n                                    \u003Cdiv class=\u0022post-list-item post-list-item-medium col col-6\u0022\u003E\n    \u003Ca href=\u0022\/2026\/03\/13\/kate-william-enfants-nounou-maria-borrallo-regle-ecole\/\u0022\u003E\n                    \u003Cdiv class=\u0022post-cover\u0022 style=\u0022background-image:url(\u0027https:\/\/sobusygirls.fr\/media\/cache\/w280\/uploads\/post\/large\/aee079dbdf85f1075987809eda104b52e3bbacd0.jpeg\u0027)\u0022\u003E\u003C\/div\u003E\n                \u003Cdiv class=\u0022post-bottom\u0022\u003E\n            \u003Cspan class=\u0022post-category\u0022\u003EActus\u003C\/span\u003E\n            \u003Cspan class=\u0022post-title\u0022\u003EGeorge, Charlotte et Louis\u0026nbsp;: cette r\u00e8gle tr\u00e8s stricte que Kate et William imposent \u00e0 leur nounou\u003C\/span\u003E\n            \u003Cspan class=\u0022post-chapo\u0022\u003EPourquoi Kate Middleton et le prince William refusent-ils de confier certaines t\u00e2ches \u00e0 leur nounou Maria Borrallo ? Leur d\u00e9cision concernant George, Charlotte et Louis r\u00e9v\u00e8le une vision tr\u00e8s pr\u00e9cise de l\u2019\u00e9ducation royale.\u003C\/span\u003E\n            \u003Cspan class=\u0022post-author\u0022\u003EMyl\u00e8ne\u003C\/span\u003E\n            \u003Cspan class=\u0022post-date\u0022\u003E10 avr. 2026\u003C\/span\u003E\n        \u003C\/div\u003E\n    \u003C\/a\u003E\n\u003C\/div\u003E\n                                    \u003Cdiv class=\u0022post-list-item post-list-item-medium col col-6\u0022\u003E\n    \u003Ca href=\u0022\/2025\/12\/05\/femme-licenciee-trop-tot-travail-justice-raison-employeur\/\u0022\u003E\n                    \u003Cdiv class=\u0022post-cover\u0022 style=\u0022background-image:url(\u0027https:\/\/sobusygirls.fr\/media\/cache\/w280\/uploads\/post\/large\/a303511171ef9fed7714b96be6caea2120c2edfe.jpeg\u0027)\u0022\u003E\u003C\/div\u003E\n                \u003Cdiv class=\u0022post-bottom\u0022\u003E\n            \u003Cspan class=\u0022post-category\u0022\u003EAstrologie\u003C\/span\u003E\n            \u003Cspan class=\u0022post-title\u0022\u003ESon employeur la vire pour \u00eatre arriv\u00e9e trop t\u00f4t au travail, la justice confirme le licenciement pou...\u003C\/span\u003E\n            \u003Cspan class=\u0022post-chapo\u0022\u003ELicenci\u00e9e pour \u00eatre arriv\u00e9e trop t\u00f4t au travail, une employ\u00e9e espagnole voit la justice donner raison \u00e0 son employeur. Une affaire inattendue qui interroge sur la loyaut\u00e9 et le cadre professionnel.\u003C\/span\u003E\n            \u003Cspan class=\u0022post-author\u0022\u003EMyl\u00e8ne\u003C\/span\u003E\n            \u003Cspan class=\u0022post-date\u0022\u003E10 avr. 2026\u003C\/span\u003E\n        \u003C\/div\u003E\n    \u003C\/a\u003E\n\u003C\/div\u003E\n                            \u003C\/div\u003E\n        \u003C\/div\u003E\n                \u003Cdiv class=\u0022list-posts-container\u0022\u003E\n            \u003Cdiv class=\u0022posts row\u0022\u003E\n                                    \u003Cdiv class=\u0022row post-list-item post-list-item-large post-list-item-large-bordered post-list-item-large-inverted\u0022\u003E\n    \u003Ca href=\u0022\/2026\/02\/09\/entre-emmanuel-macron-et-gabriel-attal-une-relation-qui-sest-transformee-en-rapport-de-force-discret\/\u0022\u003E\n                                    \u003Cdiv class=\u0022col col-6\u0022\u003E\n                    \u003Cimg src=\u0022https:\/\/sobusygirls.fr\/media\/cache\/w280\/uploads\/post\/square\/609978b6d4e790949432bd252b6d397c8bb98871.jpeg\u0022 class=\u0022post-cover\u0022 alt=\u0022Entre Emmanuel Macron et Gabriel Attal, une relation qui s\u2019est transform\u00e9e en rapport de force discret\u0022\/\u003E\n                \u003C\/div\u003E\n                            \u003Cdiv class=\u0022col col-6 post-bottom\u0022\u003E\n            \u003Cspan class=\u0022post-category\u0022\u003EActus\u003C\/span\u003E\n            \u003Cspan class=\u0022post-title\u0022\u003EEntre Emmanuel Macron et Gabriel Attal, une relation qui s\u2019est transform\u00e9e en rapport de force discret\u003C\/span\u003E\n            \u003Cspan class=\u0022post-date\u0022\u003E10 avril 2026 - 09 : 32\u003C\/span\u003E\n            \u003Cspan class=\u0022post-author\u0022\u003ELaura\u003C\/span\u003E\n        \u003C\/div\u003E\n            \u003C\/a\u003E\n\u003C\/div\u003E\n                            \u003C\/div\u003E\n        \u003C\/div\u003E\n                \u003Cdiv class=\u0022list-posts-container\u0022\u003E\n            \u003Cdiv class=\u0022posts row\u0022\u003E\n                                    \u003Cdiv class=\u0022post-list-item post-list-item-small col col-4\u0022\u003E\n    \u003Ca href=\u0022\/2026\/03\/31\/anthony-delon-message-instagram-accusations-chien-obba\/\u0022\u003E\n                    \u003Cdiv class=\u0022post-cover\u0022 style=\u0022background-image:url(\u0027https:\/\/sobusygirls.fr\/media\/cache\/w190\/uploads\/post\/large\/40561b4d045f2c2d2805ecfd1ccec8f0286de63c.jpeg\u0027)\u0022\u003E\u003C\/div\u003E\n            \u003Cdiv class=\u0022post-cover-alt\u0022 style=\u0022background-image: url(\u0027https:\/\/sobusygirls.fr\/media\/cache\/w330\/uploads\/post\/square\/40561b4d045f2c2d2805ecfd1ccec8f0286de63c.jpeg\u0027)\u0022\u003E\u003C\/div\u003E\n                \u003Cdiv class=\u0022post-bottom\u0022\u003E\n            \u003Cspan class=\u0022post-category\u0022\u003EActus\u003C\/span\u003E\n            \u003Cspan class=\u0022post-title\u0022\u003E\u201cQuand on aime les animaux, c\u2019est pour la vie\u201d\u0026nbsp;: le message d\u2019Anthony Delon qui fait r\u00e9agi...\u003C\/span\u003E\n            \u003Cspan class=\u0022post-author\u0022\u003ECl\u00e9mence\u003C\/span\u003E\n            \u003Cspan class=\u0022post-date\u0022\u003E10 avr. 2026\u003C\/span\u003E\n        \u003C\/div\u003E\n    \u003C\/a\u003E\n\u003C\/div\u003E\n                                    \u003Cdiv class=\u0022post-list-item post-list-item-small col col-4\u0022\u003E\n    \u003Ca href=\u0022\/2025\/12\/12\/huit-ans-apres-johnny-laeticia-hallyday-tourne-une-page-et-ose-a-nouveau-aimer\/\u0022\u003E\n                    \u003Cdiv class=\u0022post-cover\u0022 style=\u0022background-image:url(\u0027https:\/\/sobusygirls.fr\/media\/cache\/w190\/uploads\/post\/large\/ffe5dfc7a881992650aff431b42d6f9599f450d2.jpeg\u0027)\u0022\u003E\u003C\/div\u003E\n            \u003Cdiv class=\u0022post-cover-alt\u0022 style=\u0022background-image: url(\u0027https:\/\/sobusygirls.fr\/media\/cache\/w330\/uploads\/post\/square\/ffe5dfc7a881992650aff431b42d6f9599f450d2.jpeg\u0027)\u0022\u003E\u003C\/div\u003E\n                \u003Cdiv class=\u0022post-bottom\u0022\u003E\n            \u003Cspan class=\u0022post-category\u0022\u003EActus\u003C\/span\u003E\n            \u003Cspan class=\u0022post-title\u0022\u003EHuit ans apr\u00e8s Johnny, Laeticia Hallyday tourne une page\u2026 et ose \u00e0 nouveau aimer\u003C\/span\u003E\n            \u003Cspan class=\u0022post-author\u0022\u003ELaura\u003C\/span\u003E\n            \u003Cspan class=\u0022post-date\u0022\u003E10 avr. 2026\u003C\/span\u003E\n        \u003C\/div\u003E\n    \u003C\/a\u003E\n\u003C\/div\u003E\n                                    \u003Cdiv class=\u0022post-list-item post-list-item-small col col-4\u0022\u003E\n    \u003Ca href=\u0022\/2026\/03\/31\/isla-phillips-14-ans-cette-apparition-qui-change-son-image\/\u0022\u003E\n                    \u003Cdiv class=\u0022post-cover\u0022 style=\u0022background-image:url(\u0027https:\/\/sobusygirls.fr\/media\/cache\/w190\/uploads\/post\/large\/a6f0125d5c6c4e6e565f4f7df06582e9e04ee862.jpeg\u0027)\u0022\u003E\u003C\/div\u003E\n            \u003Cdiv class=\u0022post-cover-alt\u0022 style=\u0022background-image: url(\u0027https:\/\/sobusygirls.fr\/media\/cache\/w330\/uploads\/post\/square\/a6f0125d5c6c4e6e565f4f7df06582e9e04ee862.jpeg\u0027)\u0022\u003E\u003C\/div\u003E\n                \u003Cdiv class=\u0022post-bottom\u0022\u003E\n            \u003Cspan class=\u0022post-category\u0022\u003EActus\u003C\/span\u003E\n            \u003Cspan class=\u0022post-title\u0022\u003E\u00ab Elle n\u2019est plus une enfant \u00bb\u0026nbsp;: \u00e0 14 ans, Isla Phillips de la famille royale britannique...\u003C\/span\u003E\n            \u003Cspan class=\u0022post-author\u0022\u003ECl\u00e9mence\u003C\/span\u003E\n            \u003Cspan class=\u0022post-date\u0022\u003E10 avr. 2026\u003C\/span\u003E\n        \u003C\/div\u003E\n    \u003C\/a\u003E\n\u003C\/div\u003E\n                                    \u003Cdiv class=\u0022post-list-item post-list-item-small col col-4\u0022\u003E\n    \u003Ca href=\u0022\/2026\/03\/23\/une-attitude-de-tonton-flingueur-marine-tondelier-vise-jean-luc-melenchon-et-decrit-une-campagne-sous-tension\/\u0022\u003E\n                    \u003Cdiv class=\u0022post-cover\u0022 style=\u0022background-image:url(\u0027https:\/\/sobusygirls.fr\/media\/cache\/w190\/uploads\/post\/large\/177855c161cb8622e1dcb58b462b9dbfccdfa71c.jpeg\u0027)\u0022\u003E\u003C\/div\u003E\n            \u003Cdiv class=\u0022post-cover-alt\u0022 style=\u0022background-image: url(\u0027https:\/\/sobusygirls.fr\/media\/cache\/w330\/uploads\/post\/square\/177855c161cb8622e1dcb58b462b9dbfccdfa71c.jpeg\u0027)\u0022\u003E\u003C\/div\u003E\n                \u003Cdiv class=\u0022post-bottom\u0022\u003E\n            \u003Cspan class=\u0022post-category\u0022\u003EActus\u003C\/span\u003E\n            \u003Cspan class=\u0022post-title\u0022\u003E\u00ab Une attitude de Tonton flingueur \u00bb\u0026nbsp;: Marine Tondelier vise Jean-Luc M\u00e9lenchon et d\u00e9crit...\u003C\/span\u003E\n            \u003Cspan class=\u0022post-author\u0022\u003ELaura\u003C\/span\u003E\n            \u003Cspan class=\u0022post-date\u0022\u003E10 avr. 2026\u003C\/span\u003E\n        \u003C\/div\u003E\n    \u003C\/a\u003E\n\u003C\/div\u003E\n                                    \u003Cdiv class=\u0022post-list-item post-list-item-small col col-4\u0022\u003E\n    \u003Ca href=\u0022\/2026\/03\/23\/lunion-pour-lunion-nest-pas-une-ligne-francois-hollande-lache-une-phrase-qui-secoue-toute-la-gauche\/\u0022\u003E\n                    \u003Cdiv class=\u0022post-cover\u0022 style=\u0022background-image:url(\u0027https:\/\/sobusygirls.fr\/media\/cache\/w190\/uploads\/post\/large\/34029cc88176d766db24f78d9c656d52c8785ec8.jpeg\u0027)\u0022\u003E\u003C\/div\u003E\n            \u003Cdiv class=\u0022post-cover-alt\u0022 style=\u0022background-image: url(\u0027https:\/\/sobusygirls.fr\/media\/cache\/w330\/uploads\/post\/square\/34029cc88176d766db24f78d9c656d52c8785ec8.jpeg\u0027)\u0022\u003E\u003C\/div\u003E\n                \u003Cdiv class=\u0022post-bottom\u0022\u003E\n            \u003Cspan class=\u0022post-category\u0022\u003EActus\u003C\/span\u003E\n            \u003Cspan class=\u0022post-title\u0022\u003E\u00ab L\u2019union pour l\u2019union n\u2019est pas une ligne \u00bb\u0026nbsp;: Fran\u00e7ois Hollande l\u00e2che une phrase qui seco...\u003C\/span\u003E\n            \u003Cspan class=\u0022post-author\u0022\u003ELaura\u003C\/span\u003E\n            \u003Cspan class=\u0022post-date\u0022\u003E10 avr. 2026\u003C\/span\u003E\n        \u003C\/div\u003E\n    \u003C\/a\u003E\n\u003C\/div\u003E\n                                    \u003Cdiv class=\u0022post-list-item post-list-item-small col col-4\u0022\u003E\n    \u003Ca href=\u0022\/2026\/03\/31\/celine-dion-prepare-son-retour-avec-une-nouvelle-chanson-signee-jean-jacques-goldman\/\u0022\u003E\n                    \u003Cdiv class=\u0022post-cover\u0022 style=\u0022background-image:url(\u0027https:\/\/sobusygirls.fr\/media\/cache\/w190\/uploads\/post\/large\/5be5d31546bcc8ac14a08ff88a11b7b3dde66b37.jpeg\u0027)\u0022\u003E\u003C\/div\u003E\n            \u003Cdiv class=\u0022post-cover-alt\u0022 style=\u0022background-image: url(\u0027https:\/\/sobusygirls.fr\/media\/cache\/w330\/uploads\/post\/square\/5be5d31546bcc8ac14a08ff88a11b7b3dde66b37.jpeg\u0027)\u0022\u003E\u003C\/div\u003E\n                \u003Cdiv class=\u0022post-bottom\u0022\u003E\n            \u003Cspan class=\u0022post-category\u0022\u003EActus\u003C\/span\u003E\n            \u003Cspan class=\u0022post-title\u0022\u003EC\u00e9line Dion pr\u00e9pare son retour avec une nouvelle chanson sign\u00e9e Jean-Jacques Goldman\u003C\/span\u003E\n            \u003Cspan class=\u0022post-author\u0022\u003EMyl\u00e8ne\u003C\/span\u003E\n            \u003Cspan class=\u0022post-date\u0022\u003E10 avr. 2026\u003C\/span\u003E\n        \u003C\/div\u003E\n    \u003C\/a\u003E\n\u003C\/div\u003E\n                            \u003C\/div\u003E\n        \u003C\/div\u003E\n                \u003Cdiv class=\u0022list-posts-container\u0022\u003E\n            \u003Cdiv class=\u0022posts row\u0022\u003E\n                                    \u003Cdiv class=\u0022post-list-item post-list-item-medium col col-6\u0022\u003E\n    \u003Ca href=\u0022\/2026\/03\/24\/mais-qui-est-vraiment-claire-peyron-la-compagne-demmanuel-gregoire-qui-intrigue-depuis-sa-victoire\/\u0022\u003E\n                    \u003Cdiv class=\u0022post-cover\u0022 style=\u0022background-image:url(\u0027https:\/\/sobusygirls.fr\/media\/cache\/w280\/uploads\/post\/large\/5c38832faaf31a13914f87441bd52ec3ab984536.jpeg\u0027)\u0022\u003E\u003C\/div\u003E\n                \u003Cdiv class=\u0022post-bottom\u0022\u003E\n            \u003Cspan class=\u0022post-category\u0022\u003EActus\u003C\/span\u003E\n            \u003Cspan class=\u0022post-title\u0022\u003EMais qui est vraiment Claire Peyron, la compagne d\u2019Emmanuel Gr\u00e9goire qui intrigue depuis sa victoire...\u003C\/span\u003E\n            \u003Cspan class=\u0022post-chapo\u0022\u003EQui est Claire Peyron, la compagne d\u2019Emmanuel Gr\u00e9goire ? Son apparition lors de la victoire \u00e0 Paris intrigue et d\u00e9voile un parcours politique discret.\u003C\/span\u003E\n            \u003Cspan class=\u0022post-author\u0022\u003ELaura\u003C\/span\u003E\n            \u003Cspan class=\u0022post-date\u0022\u003E10 avr. 2026\u003C\/span\u003E\n        \u003C\/div\u003E\n    \u003C\/a\u003E\n\u003C\/div\u003E\n                                    \u003Cdiv class=\u0022post-list-item post-list-item-medium col col-6\u0022\u003E\n    \u003Ca href=\u0022\/2026\/03\/25\/mais-nous-avons-achete-nos-places-la-scene-tendue-de-jack-lang-au-mk2-bastille-sous-les-yeux-du-public\/\u0022\u003E\n                    \u003Cdiv class=\u0022post-cover\u0022 style=\u0022background-image:url(\u0027https:\/\/sobusygirls.fr\/media\/cache\/w280\/uploads\/post\/large\/3b7b72423e367c8f26bfc34364f54ecb115e338d.jpeg\u0027)\u0022\u003E\u003C\/div\u003E\n                \u003Cdiv class=\u0022post-bottom\u0022\u003E\n            \u003Cspan class=\u0022post-category\u0022\u003EActus\u003C\/span\u003E\n            \u003Cspan class=\u0022post-title\u0022\u003E\u00ab Mais nous avons achet\u00e9 nos places\u0026nbsp;! \u00bb\u0026nbsp;: la sc\u00e8ne tendue de Jack Lang au MK2 Bastille sous les yeux...\u003C\/span\u003E\n            \u003Cspan class=\u0022post-chapo\u0022\u003EAu MK2 Bastille, Jack Lang s\u2019agace apr\u00e8s avoir d\u00fb faire la queue malgr\u00e9 ses billets. Une sc\u00e8ne observ\u00e9e par de nombreux spectateurs.\u003C\/span\u003E\n            \u003Cspan class=\u0022post-author\u0022\u003ELaura\u003C\/span\u003E\n            \u003Cspan class=\u0022post-date\u0022\u003E10 avr. 2026\u003C\/span\u003E\n        \u003C\/div\u003E\n    \u003C\/a\u003E\n\u003C\/div\u003E\n                                    \u003Cdiv class=\u0022post-list-item post-list-item-medium col col-6\u0022\u003E\n    \u003Ca href=\u0022\/2026\/03\/23\/jai-plombe-lambiance-ce-clash-explosif-entre-rachida-dati-et-patrick-cohen-qui-refait-surface\/\u0022\u003E\n                    \u003Cdiv class=\u0022post-cover\u0022 style=\u0022background-image:url(\u0027https:\/\/sobusygirls.fr\/media\/cache\/w280\/uploads\/post\/large\/e6f996ed3fd5808267a159eda78ea48feaab1c83.jpeg\u0027)\u0022\u003E\u003C\/div\u003E\n                \u003Cdiv class=\u0022post-bottom\u0022\u003E\n            \u003Cspan class=\u0022post-category\u0022\u003EActus\u003C\/span\u003E\n            \u003Cspan class=\u0022post-title\u0022\u003E\u201cJ\u2019ai plomb\u00e9 l\u2019ambiance\u201d\u0026nbsp;: ce clash explosif entre Rachida Dati et Patrick Cohen qui refait surface\u003C\/span\u003E\n            \u003Cspan class=\u0022post-chapo\u0022\u003ERetour sur le clash explosif entre Rachida Dati et Patrick Cohen dans C \u00e0 vous, un \u00e9pisode qui \u00e9claire leurs tensions actuelles.\u003C\/span\u003E\n            \u003Cspan class=\u0022post-author\u0022\u003ELaura\u003C\/span\u003E\n            \u003Cspan class=\u0022post-date\u0022\u003E10 avr. 2026\u003C\/span\u003E\n        \u003C\/div\u003E\n    \u003C\/a\u003E\n\u003C\/div\u003E\n                                    \u003Cdiv class=\u0022post-list-item post-list-item-medium col col-6\u0022\u003E\n    \u003Ca href=\u0022\/2026\/03\/05\/guerre-moyen-orient-prix-evacuation-dubai-vols-suspendus\/\u0022\u003E\n                    \u003Cdiv class=\u0022post-cover\u0022 style=\u0022background-image:url(\u0027https:\/\/sobusygirls.fr\/media\/cache\/w280\/uploads\/post\/large\/c555d616b2bba57d8aaa67c90044f6df63fb14bb.jpeg\u0027)\u0022\u003E\u003C\/div\u003E\n                \u003Cdiv class=\u0022post-bottom\u0022\u003E\n            \u003Cspan class=\u0022post-category\u0022\u003EActus\u003C\/span\u003E\n            \u003Cspan class=\u0022post-title\u0022\u003EVoici la somme vertigineuse que paient certains expatri\u00e9s pour quitter Duba\u00ef en pleine guerre au Moy...\u003C\/span\u003E\n            \u003Cspan class=\u0022post-chapo\u0022\u003EDepuis l\u2019escalade de la guerre au Moyen-Orient, quitter Duba\u00ef devient extr\u00eamement co\u00fbteux. Jets priv\u00e9s \u00e0 250 000 dollars, taxis \u00e0 plusieurs milliers : voici combien co\u00fbte r\u00e9ellement une \u00e9vacuation depuis Duba\u00ef.\u003C\/span\u003E\n            \u003Cspan class=\u0022post-author\u0022\u003EMyl\u00e8ne\u003C\/span\u003E\n            \u003Cspan class=\u0022post-date\u0022\u003E10 avr. 2026\u003C\/span\u003E\n        \u003C\/div\u003E\n    \u003C\/a\u003E\n\u003C\/div\u003E\n                            \u003C\/div\u003E\n        \u003C\/div\u003E\n                \u003Cdiv class=\u0022list-posts-container\u0022\u003E\n            \u003Cdiv class=\u0022posts row\u0022\u003E\n                                    \u003Cdiv class=\u0022row post-list-item post-list-item-large post-list-item-large-bordered post-list-item-large-inverted\u0022\u003E\n    \u003Ca href=\u0022\/2026\/03\/27\/adriana-karembeu-fortune-et-luxe-a-marrakech-pourquoi-lempire-impressionnant-de-son-ex-mari-intrigue-autant\/\u0022\u003E\n                                    \u003Cdiv class=\u0022col col-6\u0022\u003E\n                    \u003Cimg src=\u0022https:\/\/sobusygirls.fr\/media\/cache\/w280\/uploads\/post\/square\/76dfc2f66c8a65e4b34ebceca90ba0245be3b1be.jpeg\u0022 class=\u0022post-cover\u0022 alt=\u0022Adriana Karembeu : fortune et luxe \u00e0 Marrakech, pourquoi l\u2019empire impressionnant de son ex-mari intrigue autant\u0022\/\u003E\n                \u003C\/div\u003E\n                            \u003Cdiv class=\u0022col col-6 post-bottom\u0022\u003E\n            \u003Cspan class=\u0022post-category\u0022\u003EActus\u003C\/span\u003E\n            \u003Cspan class=\u0022post-title\u0022\u003EAdriana Karembeu\u0026nbsp;: fortune et luxe \u00e0 Marrakech, pourquoi l\u2019empire impressionnant de son ex-mari intrigue autant\u003C\/span\u003E\n            \u003Cspan class=\u0022post-date\u0022\u003E10 avril 2026 - 08 : 32\u003C\/span\u003E\n            \u003Cspan class=\u0022post-author\u0022\u003ELaura\u003C\/span\u003E\n        \u003C\/div\u003E\n            \u003C\/a\u003E\n\u003C\/div\u003E\n                            \u003C\/div\u003E\n        \u003C\/div\u003E\n                \u003Cdiv class=\u0022list-posts-container\u0022\u003E\n            \u003Cdiv class=\u0022posts row\u0022\u003E\n                                    \u003Cdiv class=\u0022post-list-item post-list-item-small col col-4\u0022\u003E\n    \u003Ca href=\u0022\/2026\/03\/26\/au-mk2-bastille-cette-scene-tendue-avec-jack-lang-et-des-employes-du-cinema-fait-reagir-les-spectateurs\/\u0022\u003E\n                    \u003Cdiv class=\u0022post-cover\u0022 style=\u0022background-image:url(\u0027https:\/\/sobusygirls.fr\/media\/cache\/w190\/uploads\/post\/large\/d6266b86126aea0b93ef3bb0128b90737e30d39e.jpeg\u0027)\u0022\u003E\u003C\/div\u003E\n            \u003Cdiv class=\u0022post-cover-alt\u0022 style=\u0022background-image: url(\u0027https:\/\/sobusygirls.fr\/media\/cache\/w330\/uploads\/post\/square\/d6266b86126aea0b93ef3bb0128b90737e30d39e.jpeg\u0027)\u0022\u003E\u003C\/div\u003E\n                \u003Cdiv class=\u0022post-bottom\u0022\u003E\n            \u003Cspan class=\u0022post-category\u0022\u003EActus\u003C\/span\u003E\n            \u003Cspan class=\u0022post-title\u0022\u003EAu MK2 Bastille, cette sc\u00e8ne tendue avec Jack Lang et des employ\u00e9s du cin\u00e9ma fait r\u00e9agir l...\u003C\/span\u003E\n            \u003Cspan class=\u0022post-author\u0022\u003ELaura\u003C\/span\u003E\n            \u003Cspan class=\u0022post-date\u0022\u003E10 avr. 2026\u003C\/span\u003E\n        \u003C\/div\u003E\n    \u003C\/a\u003E\n\u003C\/div\u003E\n                                    \u003Cdiv class=\u0022post-list-item post-list-item-small col col-4\u0022\u003E\n    \u003Ca href=\u0022\/2026\/03\/25\/basse-manoeuvre-la-phrase-de-rachida-dati-qui-fait-reagir-apres-le-retrait-surprise-de-pierre-yves-bournazel\/\u0022\u003E\n                    \u003Cdiv class=\u0022post-cover\u0022 style=\u0022background-image:url(\u0027https:\/\/sobusygirls.fr\/media\/cache\/w190\/uploads\/post\/large\/954ee370ddcf25b6adb638fc66f1c1c9ce8e3b48.jpeg\u0027)\u0022\u003E\u003C\/div\u003E\n            \u003Cdiv class=\u0022post-cover-alt\u0022 style=\u0022background-image: url(\u0027https:\/\/sobusygirls.fr\/media\/cache\/w330\/uploads\/post\/square\/954ee370ddcf25b6adb638fc66f1c1c9ce8e3b48.jpeg\u0027)\u0022\u003E\u003C\/div\u003E\n                \u003Cdiv class=\u0022post-bottom\u0022\u003E\n            \u003Cspan class=\u0022post-category\u0022\u003EActus\u003C\/span\u003E\n            \u003Cspan class=\u0022post-title\u0022\u003E\u00ab Basse man\u0153uvre \u00bb\u0026nbsp;: la phrase de Rachida Dati qui fait r\u00e9agir apr\u00e8s le retrait surprise d...\u003C\/span\u003E\n            \u003Cspan class=\u0022post-author\u0022\u003ELaura\u003C\/span\u003E\n            \u003Cspan class=\u0022post-date\u0022\u003E10 avr. 2026\u003C\/span\u003E\n        \u003C\/div\u003E\n    \u003C\/a\u003E\n\u003C\/div\u003E\n                                    \u003Cdiv class=\u0022post-list-item post-list-item-small col col-4\u0022\u003E\n    \u003Ca href=\u0022\/2026\/03\/24\/marc-lavoine-cite-dans-laffaire-ce-detail-qui-fait-basculer-le-dossier-adriana-karembeu\/\u0022\u003E\n                    \u003Cdiv class=\u0022post-cover\u0022 style=\u0022background-image:url(\u0027https:\/\/sobusygirls.fr\/media\/cache\/w190\/uploads\/post\/large\/99ff4390b909aab787d7907239ebf95549a3fe2a.jpeg\u0027)\u0022\u003E\u003C\/div\u003E\n            \u003Cdiv class=\u0022post-cover-alt\u0022 style=\u0022background-image: url(\u0027https:\/\/sobusygirls.fr\/media\/cache\/w330\/uploads\/post\/square\/99ff4390b909aab787d7907239ebf95549a3fe2a.jpeg\u0027)\u0022\u003E\u003C\/div\u003E\n                \u003Cdiv class=\u0022post-bottom\u0022\u003E\n            \u003Cspan class=\u0022post-category\u0022\u003EActus\u003C\/span\u003E\n            \u003Cspan class=\u0022post-title\u0022\u003EMarc Lavoine cit\u00e9 dans l\u2019affaire\u0026nbsp;: ce d\u00e9tail qui fait basculer le dossier Adriana Karembeu\u003C\/span\u003E\n            \u003Cspan class=\u0022post-author\u0022\u003ECl\u00e9mence\u003C\/span\u003E\n            \u003Cspan class=\u0022post-date\u0022\u003E10 avr. 2026\u003C\/span\u003E\n        \u003C\/div\u003E\n    \u003C\/a\u003E\n\u003C\/div\u003E\n                                    \u003Cdiv class=\u0022post-list-item post-list-item-small col col-4\u0022\u003E\n    \u003Ca href=\u0022\/2026\/03\/23\/presidentielle-2027-selon-un-sondage-retailleau-a-7-zemmour-a-5-dupont-aignan-a-2-la-droite-serait-distancee-par-bardella\/\u0022\u003E\n                    \u003Cdiv class=\u0022post-cover\u0022 style=\u0022background-image:url(\u0027https:\/\/sobusygirls.fr\/media\/cache\/w190\/uploads\/post\/large\/2493a0eeb18d75a923389bcec3bcb518314fef87.jpeg\u0027)\u0022\u003E\u003C\/div\u003E\n            \u003Cdiv class=\u0022post-cover-alt\u0022 style=\u0022background-image: url(\u0027https:\/\/sobusygirls.fr\/media\/cache\/w330\/uploads\/post\/square\/2493a0eeb18d75a923389bcec3bcb518314fef87.jpeg\u0027)\u0022\u003E\u003C\/div\u003E\n                \u003Cdiv class=\u0022post-bottom\u0022\u003E\n            \u003Cspan class=\u0022post-category\u0022\u003EActus\u003C\/span\u003E\n            \u003Cspan class=\u0022post-title\u0022\u003EPr\u00e9sidentielle 2027\u0026nbsp;: selon un sondage, Retailleau \u00e0 7 %, Zemmour \u00e0 5 %, Dupont-Aignan \u00e0 2...\u003C\/span\u003E\n            \u003Cspan class=\u0022post-author\u0022\u003ELaura\u003C\/span\u003E\n            \u003Cspan class=\u0022post-date\u0022\u003E10 avr. 2026\u003C\/span\u003E\n        \u003C\/div\u003E\n    \u003C\/a\u003E\n\u003C\/div\u003E\n                                    \u003Cdiv class=\u0022post-list-item post-list-item-small col col-4\u0022\u003E\n    \u003Ca href=\u0022\/2026\/03\/31\/nous-ne-sommes-pas-tous-rentiers-battu-a-menton-louis-sarkozy-repond-sans-detour-et-annonce-deja-la-suite\/\u0022\u003E\n                    \u003Cdiv class=\u0022post-cover\u0022 style=\u0022background-image:url(\u0027https:\/\/sobusygirls.fr\/media\/cache\/w190\/uploads\/post\/large\/a5d338efe86c4a408277e95b4fe28e834f5eea3a.jpeg\u0027)\u0022\u003E\u003C\/div\u003E\n            \u003Cdiv class=\u0022post-cover-alt\u0022 style=\u0022background-image: url(\u0027https:\/\/sobusygirls.fr\/media\/cache\/w330\/uploads\/post\/square\/a5d338efe86c4a408277e95b4fe28e834f5eea3a.jpeg\u0027)\u0022\u003E\u003C\/div\u003E\n                \u003Cdiv class=\u0022post-bottom\u0022\u003E\n            \u003Cspan class=\u0022post-category\u0022\u003EActus\u003C\/span\u003E\n            \u003Cspan class=\u0022post-title\u0022\u003E\u00ab Nous ne sommes pas tous rentiers \u00bb\u0026nbsp;: battu \u00e0 Menton, Louis Sarkozy r\u00e9pond sans d\u00e9tour et...\u003C\/span\u003E\n            \u003Cspan class=\u0022post-author\u0022\u003ELaura\u003C\/span\u003E\n            \u003Cspan class=\u0022post-date\u0022\u003E10 avr. 2026\u003C\/span\u003E\n        \u003C\/div\u003E\n    \u003C\/a\u003E\n\u003C\/div\u003E\n                                    \u003Cdiv class=\u0022post-list-item post-list-item-small col col-4\u0022\u003E\n    \u003Ca href=\u0022\/2026\/03\/12\/meghan-markle-decision-quitter-netflix\/\u0022\u003E\n                    \u003Cdiv class=\u0022post-cover\u0022 style=\u0022background-image:url(\u0027https:\/\/sobusygirls.fr\/media\/cache\/w190\/uploads\/post\/large\/61400bc36fdc3032c37d729493e518f8966726d6.jpeg\u0027)\u0022\u003E\u003C\/div\u003E\n            \u003Cdiv class=\u0022post-cover-alt\u0022 style=\u0022background-image: url(\u0027https:\/\/sobusygirls.fr\/media\/cache\/w330\/uploads\/post\/square\/61400bc36fdc3032c37d729493e518f8966726d6.jpeg\u0027)\u0022\u003E\u003C\/div\u003E\n                \u003Cdiv class=\u0022post-bottom\u0022\u003E\n            \u003Cspan class=\u0022post-category\u0022\u003EActus\u003C\/span\u003E\n            \u003Cspan class=\u0022post-title\u0022\u003EMeghan Markle prend tout le monde de court\u0026nbsp;: la d\u00e9cision radicale qui change ses projets\u003C\/span\u003E\n            \u003Cspan class=\u0022post-author\u0022\u003ELaura\u003C\/span\u003E\n            \u003Cspan class=\u0022post-date\u0022\u003E10 avr. 2026\u003C\/span\u003E\n        \u003C\/div\u003E\n    \u003C\/a\u003E\n\u003C\/div\u003E\n                            \u003C\/div\u003E\n        \u003C\/div\u003E\n    \n            \u003Cdiv class=\u0022posts-load-more-container\u0022\u003E\n            \u003Ca href=\u0022\/ajax\/category\/posts?slug=culture\u0026amp;pp=1775800920\u0026amp;pc=1773338265\u0022 id=\u0022posts-load-more\u0022 class=\u0022posts-load-more\u0022\u003ECharger plus d\u0026#039;articles\u003C\/a\u003E\n        \u003C\/div\u003E\n    \u003C\/div\u003E\n","top_category_title":"Actus","sub_category_title":null}