{"content":"\n\u003Cdiv class=\u0022ajax-loaded\u0022\u003E\n\n    \n            \u003Cdiv class=\u0022list-posts-container\u0022\u003E\n            \u003Cdiv class=\u0022posts row\u0022\u003E\n                                    \u003Cdiv class=\u0022post-list-item post-list-item-small col col-4\u0022\u003E\n    \u003Ca href=\u0022\/2025\/09\/16\/kate-middleton-collection-bijoux-valeur-astronomique\/\u0022\u003E\n                    \u003Cdiv class=\u0022post-cover\u0022 style=\u0022background-image:url(\u0027https:\/\/sobusygirls.fr\/media\/cache\/w190\/uploads\/post\/large\/ee8a29cb341e96b47d1db77ba617a7eaff24507d.jpeg\u0027)\u0022\u003E\u003C\/div\u003E\n            \u003Cdiv class=\u0022post-cover-alt\u0022 style=\u0022background-image: url(\u0027https:\/\/sobusygirls.fr\/media\/cache\/w330\/uploads\/post\/square\/ee8a29cb341e96b47d1db77ba617a7eaff24507d.jpeg\u0027)\u0022\u003E\u003C\/div\u003E\n                \u003Cdiv class=\u0022post-bottom\u0022\u003E\n            \u003Cspan class=\u0022post-category\u0022\u003EMode\u003C\/span\u003E\n            \u003Cspan class=\u0022post-title\u0022\u003EKate Middleton\u0026nbsp;: la valeur folle de sa collection de bijoux enfin r\u00e9v\u00e9l\u00e9e\u003C\/span\u003E\n            \u003Cspan class=\u0022post-author\u0022\u003EMyl\u00e8ne\u003C\/span\u003E\n            \u003Cspan class=\u0022post-date\u0022\u003E26 oct. 2025\u003C\/span\u003E\n        \u003C\/div\u003E\n    \u003C\/a\u003E\n\u003C\/div\u003E\n                                    \u003Cdiv class=\u0022post-list-item post-list-item-small col col-4\u0022\u003E\n    \u003Ca href=\u0022\/2025\/10\/24\/5-raisons-doffrir-ou-de-soffrir-un-sweat-plaid-cet-hiver\/\u0022\u003E\n                    \u003Cdiv class=\u0022post-cover\u0022 style=\u0022background-image:url(\u0027https:\/\/sobusygirls.fr\/media\/cache\/w190\/uploads\/post\/large\/1a35fecdf428a83e426a00a638dc8192773f8393.jpeg\u0027)\u0022\u003E\u003C\/div\u003E\n            \u003Cdiv class=\u0022post-cover-alt\u0022 style=\u0022background-image: url(\u0027https:\/\/sobusygirls.fr\/media\/cache\/w330\/uploads\/post\/square\/1a35fecdf428a83e426a00a638dc8192773f8393.jpeg\u0027)\u0022\u003E\u003C\/div\u003E\n                \u003Cdiv class=\u0022post-bottom\u0022\u003E\n            \u003Cspan class=\u0022post-category\u0022\u003EMode\u003C\/span\u003E\n            \u003Cspan class=\u0022post-title\u0022\u003E5 raisons d\u2019offrir (ou de s\u2019offrir) un sweat plaid cet hiver\u003C\/span\u003E\n            \u003Cspan class=\u0022post-author\u0022\u003EMyl\u00e8ne\u003C\/span\u003E\n            \u003Cspan class=\u0022post-date\u0022\u003E24 oct. 2025\u003C\/span\u003E\n        \u003C\/div\u003E\n    \u003C\/a\u003E\n\u003C\/div\u003E\n                                    \u003Cdiv class=\u0022post-list-item post-list-item-small col col-4\u0022\u003E\n    \u003Ca href=\u0022\/2025\/10\/20\/kate-middleton-joaillerie-irlande-du-nord-bague-princesse-diana\/\u0022\u003E\n                    \u003Cdiv class=\u0022post-cover\u0022 style=\u0022background-image:url(\u0027https:\/\/sobusygirls.fr\/media\/cache\/w190\/uploads\/post\/large\/1442902600bdf4e78ec6fa42197dbee6b6cc04b1.jpeg\u0027)\u0022\u003E\u003C\/div\u003E\n            \u003Cdiv class=\u0022post-cover-alt\u0022 style=\u0022background-image: url(\u0027https:\/\/sobusygirls.fr\/media\/cache\/w330\/uploads\/post\/square\/1442902600bdf4e78ec6fa42197dbee6b6cc04b1.jpeg\u0027)\u0022\u003E\u003C\/div\u003E\n                \u003Cdiv class=\u0022post-bottom\u0022\u003E\n            \u003Cspan class=\u0022post-category\u0022\u003EMode\u003C\/span\u003E\n            \u003Cspan class=\u0022post-title\u0022\u003EKate Middleton brise les codes\u0026nbsp;: le prix de ses bijoux mythiques fait tourner la t\u00eate\u003C\/span\u003E\n            \u003Cspan class=\u0022post-author\u0022\u003EMyl\u00e8ne\u003C\/span\u003E\n            \u003Cspan class=\u0022post-date\u0022\u003E23 oct. 2025\u003C\/span\u003E\n        \u003C\/div\u003E\n    \u003C\/a\u003E\n\u003C\/div\u003E\n                                    \u003Cdiv class=\u0022post-list-item post-list-item-small col col-4\u0022\u003E\n    \u003Ca href=\u0022\/2025\/10\/15\/meghan-markle-erreur-paris-video-pont-alma-balenciaga\/\u0022\u003E\n                    \u003Cdiv class=\u0022post-cover\u0022 style=\u0022background-image:url(\u0027https:\/\/sobusygirls.fr\/media\/cache\/w190\/uploads\/post\/large\/b0ea8dbd9ec9eab21ced38943dd34f2b9c1c6f33.jpeg\u0027)\u0022\u003E\u003C\/div\u003E\n            \u003Cdiv class=\u0022post-cover-alt\u0022 style=\u0022background-image: url(\u0027https:\/\/sobusygirls.fr\/media\/cache\/w330\/uploads\/post\/square\/b0ea8dbd9ec9eab21ced38943dd34f2b9c1c6f33.jpeg\u0027)\u0022\u003E\u003C\/div\u003E\n                \u003Cdiv class=\u0022post-bottom\u0022\u003E\n            \u003Cspan class=\u0022post-category\u0022\u003EMode\u003C\/span\u003E\n            \u003Cspan class=\u0022post-title\u0022\u003EMeghan Markle critiqu\u00e9e pour une vid\u00e9o pol\u00e9mique jug\u00e9e irrespectueuse pr\u00e8s du Pont de l\u2019Al...\u003C\/span\u003E\n            \u003Cspan class=\u0022post-author\u0022\u003EMyl\u00e8ne\u003C\/span\u003E\n            \u003Cspan class=\u0022post-date\u0022\u003E23 oct. 2025\u003C\/span\u003E\n        \u003C\/div\u003E\n    \u003C\/a\u003E\n\u003C\/div\u003E\n                                    \u003Cdiv class=\u0022post-list-item post-list-item-small col col-4\u0022\u003E\n    \u003Ca href=\u0022\/2025\/10\/19\/kim-kardashian-masque-integral-gala-academy-museum-2025\/\u0022\u003E\n                    \u003Cdiv class=\u0022post-cover\u0022 style=\u0022background-image:url(\u0027https:\/\/sobusygirls.fr\/media\/cache\/w190\/uploads\/post\/large\/48ffad02986ffb9fa4d1d98a1b7d068643fe3cbe.jpeg\u0027)\u0022\u003E\u003C\/div\u003E\n            \u003Cdiv class=\u0022post-cover-alt\u0022 style=\u0022background-image: url(\u0027https:\/\/sobusygirls.fr\/media\/cache\/w330\/uploads\/post\/square\/48ffad02986ffb9fa4d1d98a1b7d068643fe3cbe.jpeg\u0027)\u0022\u003E\u003C\/div\u003E\n                \u003Cdiv class=\u0022post-bottom\u0022\u003E\n            \u003Cspan class=\u0022post-category\u0022\u003EMode\u003C\/span\u003E\n            \u003Cspan class=\u0022post-title\u0022\u003EKim Kardashian m\u00e9connaissable au gala de l\u2019Academy Museum\u0026nbsp;: son look int\u00e9gralement masqu\u00e9...\u003C\/span\u003E\n            \u003Cspan class=\u0022post-author\u0022\u003EMyl\u00e8ne\u003C\/span\u003E\n            \u003Cspan class=\u0022post-date\u0022\u003E23 oct. 2025\u003C\/span\u003E\n        \u003C\/div\u003E\n    \u003C\/a\u003E\n\u003C\/div\u003E\n                                    \u003Cdiv class=\u0022post-list-item post-list-item-small col col-4\u0022\u003E\n    \u003Ca href=\u0022\/2025\/10\/16\/anouchka-delon-marque-be-delon-guerre-familiale-heritage-alain-delon\/\u0022\u003E\n                    \u003Cdiv class=\u0022post-cover\u0022 style=\u0022background-image:url(\u0027https:\/\/sobusygirls.fr\/media\/cache\/w190\/uploads\/post\/large\/1c9d544bffb8dbd9095c0b0a3c4f1851361db907.jpeg\u0027)\u0022\u003E\u003C\/div\u003E\n            \u003Cdiv class=\u0022post-cover-alt\u0022 style=\u0022background-image: url(\u0027https:\/\/sobusygirls.fr\/media\/cache\/w330\/uploads\/post\/square\/1c9d544bffb8dbd9095c0b0a3c4f1851361db907.jpeg\u0027)\u0022\u003E\u003C\/div\u003E\n                \u003Cdiv class=\u0022post-bottom\u0022\u003E\n            \u003Cspan class=\u0022post-category\u0022\u003EMode\u003C\/span\u003E\n            \u003Cspan class=\u0022post-title\u0022\u003ESuccession Delon\u0026nbsp;: le lancement de la marque \u201cBe DELON\u201d par Anouchka provoque un nouveau s...\u003C\/span\u003E\n            \u003Cspan class=\u0022post-author\u0022\u003EMyl\u00e8ne\u003C\/span\u003E\n            \u003Cspan class=\u0022post-date\u0022\u003E21 oct. 2025\u003C\/span\u003E\n        \u003C\/div\u003E\n    \u003C\/a\u003E\n\u003C\/div\u003E\n                            \u003C\/div\u003E\n        \u003C\/div\u003E\n                \u003Cdiv class=\u0022list-posts-container\u0022\u003E\n            \u003Cdiv class=\u0022posts row\u0022\u003E\n                                    \u003Cdiv class=\u0022post-list-item post-list-item-medium col col-6\u0022\u003E\n    \u003Ca href=\u0022\/2025\/10\/20\/bhv-paris-polemique-shein-avant-170e-anniversaire\/\u0022\u003E\n                    \u003Cdiv class=\u0022post-cover\u0022 style=\u0022background-image:url(\u0027https:\/\/sobusygirls.fr\/media\/cache\/w280\/uploads\/post\/large\/1892e48a21d4dedde0f09cd6a441121d85d48776.jpeg\u0027)\u0022\u003E\u003C\/div\u003E\n                \u003Cdiv class=\u0022post-bottom\u0022\u003E\n            \u003Cspan class=\u0022post-category\u0022\u003EMode\u003C\/span\u003E\n            \u003Cspan class=\u0022post-title\u0022\u003EDe temple du progr\u00e8s m\u00e9nager \u00e0 vitrine de la fast-fashion, le BHV fait scandale en accueillant Shein...\u003C\/span\u003E\n            \u003Cspan class=\u0022post-chapo\u0022\u003ELe BHV Marais, institution parisienne centenaire, cr\u00e9e la pol\u00e9mique \u00e0 l\u2019approche de son 170e anniversaire en accueillant une boutique Shein. Un virage controvers\u00e9 pour le grand magasin historique de la rue de Rivoli.\u003C\/span\u003E\n            \u003Cspan class=\u0022post-author\u0022\u003EMyl\u00e8ne\u003C\/span\u003E\n            \u003Cspan class=\u0022post-date\u0022\u003E20 oct. 2025\u003C\/span\u003E\n        \u003C\/div\u003E\n    \u003C\/a\u003E\n\u003C\/div\u003E\n                                    \u003Cdiv class=\u0022post-list-item post-list-item-medium col col-6\u0022\u003E\n    \u003Ca href=\u0022\/2025\/10\/09\/laeticia-hallyday-absente-fashion-week-raison-vraie\/\u0022\u003E\n                    \u003Cdiv class=\u0022post-cover\u0022 style=\u0022background-image:url(\u0027https:\/\/sobusygirls.fr\/media\/cache\/w280\/uploads\/post\/large\/5ba44b6bd71dcc50d3638c6de4841dc209a87098.jpeg\u0027)\u0022\u003E\u003C\/div\u003E\n                \u003Cdiv class=\u0022post-bottom\u0022\u003E\n            \u003Cspan class=\u0022post-category\u0022\u003EMode\u003C\/span\u003E\n            \u003Cspan class=\u0022post-title\u0022\u003ELa vraie raison pour laquelle Laeticia Hallyday a zapp\u00e9 la Fashion Week 2025\u003C\/span\u003E\n            \u003Cspan class=\u0022post-chapo\u0022\u003EAbsente de la Fashion Week de Paris 2025, Laeticia Hallyday traverse une p\u00e9riode \u00e9prouvante : deux d\u00e9m\u00e9nagements, la vente de La Savannah et des impr\u00e9vus \u00e0 Los Angeles l\u2019ont pouss\u00e9e \u00e0 se retirer des mondanit\u00e9s pour se recentrer sur sa vie personnelle.\u003C\/span\u003E\n            \u003Cspan class=\u0022post-author\u0022\u003EMyl\u00e8ne\u003C\/span\u003E\n            \u003Cspan class=\u0022post-date\u0022\u003E17 oct. 2025\u003C\/span\u003E\n        \u003C\/div\u003E\n    \u003C\/a\u003E\n\u003C\/div\u003E\n                                    \u003Cdiv class=\u0022post-list-item post-list-item-medium col col-6\u0022\u003E\n    \u003Ca href=\u0022\/2025\/10\/16\/taxe-colis-shein-temu-hausse-prix-france-2026\/\u0022\u003E\n                    \u003Cdiv class=\u0022post-cover\u0022 style=\u0022background-image:url(\u0027https:\/\/sobusygirls.fr\/media\/cache\/w280\/uploads\/post\/large\/52b95d8b023b28aaf78c1803d8b60f5a13d9b1d8.jpeg\u0027)\u0022\u003E\u003C\/div\u003E\n                \u003Cdiv class=\u0022post-bottom\u0022\u003E\n            \u003Cspan class=\u0022post-category\u0022\u003EMode\u003C\/span\u003E\n            \u003Cspan class=\u0022post-title\u0022\u003EShein et Temu\u0026nbsp;: pourquoi vos commandes vous co\u00fbteront plus cher d\u00e8s 2026\u003C\/span\u003E\n            \u003Cspan class=\u0022post-chapo\u0022\u003ED\u00e8s 2026, une taxe sur les petits colis venus de l\u2019\u00e9tranger pourrait rendre les commandes sur Shein et Temu plus ch\u00e8res. Objectif : soutenir les commer\u00e7ants fran\u00e7ais et lutter contre la fast-fashion \u00e0 bas prix.\u003C\/span\u003E\n            \u003Cspan class=\u0022post-author\u0022\u003EMyl\u00e8ne\u003C\/span\u003E\n            \u003Cspan class=\u0022post-date\u0022\u003E16 oct. 2025\u003C\/span\u003E\n        \u003C\/div\u003E\n    \u003C\/a\u003E\n\u003C\/div\u003E\n                                    \u003Cdiv class=\u0022post-list-item post-list-item-medium col col-6\u0022\u003E\n    \u003Ca href=\u0022\/2025\/05\/21\/justin-bieber-hailey-vogue-dispute-humiliation\/\u0022\u003E\n                    \u003Cdiv class=\u0022post-cover\u0022 style=\u0022background-image:url(\u0027https:\/\/sobusygirls.fr\/media\/cache\/w280\/uploads\/post\/large\/d959591d6d2178d884283306ca6498b721da3b5a.jpeg\u0027)\u0022\u003E\u003C\/div\u003E\n                \u003Cdiv class=\u0022post-bottom\u0022\u003E\n            \u003Cspan class=\u0022post-category\u0022\u003EMode\u003C\/span\u003E\n            \u003Cspan class=\u0022post-title\u0022\u003E\u201cTu ne feras jamais la une de Vogue\u201d\u0026nbsp;: Justin Bieber rattrap\u00e9 par cette humiliation inflig\u00e9e \u00e0 Haile...\u003C\/span\u003E\n            \u003Cspan class=\u0022post-chapo\u0022\u003EJustin Bieber a reconnu avoir bless\u00e9 Hailey en lui affirmant qu\u2019elle ne ferait jamais la une de Vogue. Un tacle humiliant\u2026 suivi d\u2019une revanche \u00e9clatante de sa femme.\u003C\/span\u003E\n            \u003Cspan class=\u0022post-author\u0022\u003EMyl\u00e8ne\u003C\/span\u003E\n            \u003Cspan class=\u0022post-date\u0022\u003E16 oct. 2025\u003C\/span\u003E\n        \u003C\/div\u003E\n    \u003C\/a\u003E\n\u003C\/div\u003E\n                            \u003C\/div\u003E\n        \u003C\/div\u003E\n                \u003Cdiv class=\u0022list-posts-container\u0022\u003E\n            \u003Cdiv class=\u0022posts row\u0022\u003E\n                                    \u003Cdiv class=\u0022row post-list-item post-list-item-large post-list-item-large-bordered post-list-item-large-inverted\u0022\u003E\n    \u003Ca href=\u0022\/2025\/10\/06\/meghan-markle-anna-wintour-echange-explosif-fashion-week-paris\/\u0022\u003E\n                                    \u003Cdiv class=\u0022col col-6\u0022\u003E\n                    \u003Cimg src=\u0022https:\/\/sobusygirls.fr\/media\/cache\/w280\/uploads\/post\/square\/c3b67f58a40ee85895b04271ec21000ba77cfa5e.jpeg\u0022 class=\u0022post-cover\u0022 alt=\u0022Sous les sourires, la tension : les v\u00e9ritables raisons du clash entre Meghan Markle et Anna Wintour\u0022\/\u003E\n                \u003C\/div\u003E\n                            \u003Cdiv class=\u0022col col-6 post-bottom\u0022\u003E\n            \u003Cspan class=\u0022post-category\u0022\u003EMode\u003C\/span\u003E\n            \u003Cspan class=\u0022post-title\u0022\u003ESous les sourires, la tension\u0026nbsp;: les v\u00e9ritables raisons du clash entre Meghan Markle et Anna Wintour\u003C\/span\u003E\n            \u003Cspan class=\u0022post-date\u0022\u003E11 octobre 2025 - 00 : 22\u003C\/span\u003E\n            \u003Cspan class=\u0022post-author\u0022\u003EMyl\u00e8ne\u003C\/span\u003E\n        \u003C\/div\u003E\n            \u003C\/a\u003E\n\u003C\/div\u003E\n                            \u003C\/div\u003E\n        \u003C\/div\u003E\n                \u003Cdiv class=\u0022list-posts-container\u0022\u003E\n            \u003Cdiv class=\u0022posts row\u0022\u003E\n                                    \u003Cdiv class=\u0022post-list-item post-list-item-small col col-4\u0022\u003E\n    \u003Ca href=\u0022\/2025\/09\/25\/anne-roumanoff-fille-alice-vaillant-hommage-pere-fashion-week\/\u0022\u003E\n                    \u003Cdiv class=\u0022post-cover\u0022 style=\u0022background-image:url(\u0027https:\/\/sobusygirls.fr\/media\/cache\/w190\/uploads\/post\/large\/ae6b596821d64b571e23ba962361c1c795839b64.jpeg\u0027)\u0022\u003E\u003C\/div\u003E\n            \u003Cdiv class=\u0022post-cover-alt\u0022 style=\u0022background-image: url(\u0027https:\/\/sobusygirls.fr\/media\/cache\/w330\/uploads\/post\/square\/ae6b596821d64b571e23ba962361c1c795839b64.jpeg\u0027)\u0022\u003E\u003C\/div\u003E\n                \u003Cdiv class=\u0022post-bottom\u0022\u003E\n            \u003Cspan class=\u0022post-category\u0022\u003EMode\u003C\/span\u003E\n            \u003Cspan class=\u0022post-title\u0022\u003EAnne Roumanoff \u00e9mue\u0026nbsp;: sa fille Alice impressionne \u00e0 la Fashion Week et rend un hommage bou...\u003C\/span\u003E\n            \u003Cspan class=\u0022post-author\u0022\u003EMyl\u00e8ne\u003C\/span\u003E\n            \u003Cspan class=\u0022post-date\u0022\u003E10 oct. 2025\u003C\/span\u003E\n        \u003C\/div\u003E\n    \u003C\/a\u003E\n\u003C\/div\u003E\n                                    \u003Cdiv class=\u0022post-list-item post-list-item-small col col-4\u0022\u003E\n    \u003Ca href=\u0022\/2025\/09\/29\/cristina-cordula-chaine-youtube-nouveau-projet-2025\/\u0022\u003E\n                    \u003Cdiv class=\u0022post-cover\u0022 style=\u0022background-image:url(\u0027https:\/\/sobusygirls.fr\/media\/cache\/w190\/uploads\/post\/large\/c87b9647da968fa78da5dab101d8626ef473b7fb.jpeg\u0027)\u0022\u003E\u003C\/div\u003E\n            \u003Cdiv class=\u0022post-cover-alt\u0022 style=\u0022background-image: url(\u0027https:\/\/sobusygirls.fr\/media\/cache\/w330\/uploads\/post\/square\/c87b9647da968fa78da5dab101d8626ef473b7fb.jpeg\u0027)\u0022\u003E\u003C\/div\u003E\n                \u003Cdiv class=\u0022post-bottom\u0022\u003E\n            \u003Cspan class=\u0022post-category\u0022\u003EMode\u003C\/span\u003E\n            \u003Cspan class=\u0022post-title\u0022\u003E\u0022J\u2019avais envie depuis tr\u00e8s longtemps\u0022\u0026nbsp;: Cristina Cordula surprend tout le monde en d\u00e9voila...\u003C\/span\u003E\n            \u003Cspan class=\u0022post-author\u0022\u003EMyl\u00e8ne\u003C\/span\u003E\n            \u003Cspan class=\u0022post-date\u0022\u003E10 oct. 2025\u003C\/span\u003E\n        \u003C\/div\u003E\n    \u003C\/a\u003E\n\u003C\/div\u003E\n                                    \u003Cdiv class=\u0022post-list-item post-list-item-small col col-4\u0022\u003E\n    \u003Ca href=\u0022\/2025\/09\/26\/scarlett-johansson-tendance-beaute-ongles-courts-soap-nails-automne-2025\/\u0022\u003E\n                    \u003Cdiv class=\u0022post-cover\u0022 style=\u0022background-image:url(\u0027https:\/\/sobusygirls.fr\/media\/cache\/w190\/uploads\/post\/large\/17f3d2360daa7ec78e910bbefbd228533c880bad.jpeg\u0027)\u0022\u003E\u003C\/div\u003E\n            \u003Cdiv class=\u0022post-cover-alt\u0022 style=\u0022background-image: url(\u0027https:\/\/sobusygirls.fr\/media\/cache\/w330\/uploads\/post\/square\/17f3d2360daa7ec78e910bbefbd228533c880bad.jpeg\u0027)\u0022\u003E\u003C\/div\u003E\n                \u003Cdiv class=\u0022post-bottom\u0022\u003E\n            \u003Cspan class=\u0022post-category\u0022\u003EMode\u003C\/span\u003E\n            \u003Cspan class=\u0022post-title\u0022\u003EScarlett Johansson lance la tendance des \u0022soap nails\u0022 qui sera la manucure star de l\u2019autom...\u003C\/span\u003E\n            \u003Cspan class=\u0022post-author\u0022\u003EMyl\u00e8ne\u003C\/span\u003E\n            \u003Cspan class=\u0022post-date\u0022\u003E10 oct. 2025\u003C\/span\u003E\n        \u003C\/div\u003E\n    \u003C\/a\u003E\n\u003C\/div\u003E\n                                    \u003Cdiv class=\u0022post-list-item post-list-item-small col col-4\u0022\u003E\n    \u003Ca href=\u0022\/2025\/10\/10\/adriana-karembeu-soiree-parisienne-sans-marc-lavoine-hotel-meurice\/\u0022\u003E\n                    \u003Cdiv class=\u0022post-cover\u0022 style=\u0022background-image:url(\u0027https:\/\/sobusygirls.fr\/media\/cache\/w190\/uploads\/post\/large\/012b1b59704d8a7c327d59eb1dd690eec9656868.jpeg\u0027)\u0022\u003E\u003C\/div\u003E\n            \u003Cdiv class=\u0022post-cover-alt\u0022 style=\u0022background-image: url(\u0027https:\/\/sobusygirls.fr\/media\/cache\/w330\/uploads\/post\/square\/012b1b59704d8a7c327d59eb1dd690eec9656868.jpeg\u0027)\u0022\u003E\u003C\/div\u003E\n                \u003Cdiv class=\u0022post-bottom\u0022\u003E\n            \u003Cspan class=\u0022post-category\u0022\u003EMode\u003C\/span\u003E\n            \u003Cspan class=\u0022post-title\u0022\u003EAdriana Karembeu rayonne sans Marc Lavoine lors d\u2019une soir\u00e9e parisienne tr\u00e8s chic entour\u00e9e...\u003C\/span\u003E\n            \u003Cspan class=\u0022post-author\u0022\u003EMyl\u00e8ne\u003C\/span\u003E\n            \u003Cspan class=\u0022post-date\u0022\u003E10 oct. 2025\u003C\/span\u003E\n        \u003C\/div\u003E\n    \u003C\/a\u003E\n\u003C\/div\u003E\n                                    \u003Cdiv class=\u0022post-list-item post-list-item-small col col-4\u0022\u003E\n    \u003Ca href=\u0022\/2018\/08\/15\/bonnes-raisons-de-ne-pas-porter-de-talons-meme-si-on-est-petite\/\u0022\u003E\n                    \u003Cdiv class=\u0022post-cover\u0022 style=\u0022background-image:url(\u0027https:\/\/sobusygirls.fr\/media\/cache\/w190\/uploads\/post\/large\/ee6cb48b0e345b39bde4c56b8c76393b57121a1a.jpeg\u0027)\u0022\u003E\u003C\/div\u003E\n            \u003Cdiv class=\u0022post-cover-alt\u0022 style=\u0022background-image: url(\u0027https:\/\/sobusygirls.fr\/media\/cache\/w330\/uploads\/post\/square\/ee6cb48b0e345b39bde4c56b8c76393b57121a1a.jpeg\u0027)\u0022\u003E\u003C\/div\u003E\n                \u003Cdiv class=\u0022post-bottom\u0022\u003E\n            \u003Cspan class=\u0022post-category\u0022\u003EMode\u003C\/span\u003E\n            \u003Cspan class=\u0022post-title\u0022\u003E5 bonnes raisons de ne pas porter de talons m\u00eame si on est petite\u003C\/span\u003E\n            \u003Cspan class=\u0022post-author\u0022\u003ECl\u00e9mence\u003C\/span\u003E\n            \u003Cspan class=\u0022post-date\u0022\u003E10 oct. 2025\u003C\/span\u003E\n        \u003C\/div\u003E\n    \u003C\/a\u003E\n\u003C\/div\u003E\n                                    \u003Cdiv class=\u0022post-list-item post-list-item-small col col-4\u0022\u003E\n    \u003Ca href=\u0022\/2025\/09\/29\/eco-score-vetements-nouvelle-etiquette-1er-octobre-2025\/\u0022\u003E\n                    \u003Cdiv class=\u0022post-cover\u0022 style=\u0022background-image:url(\u0027https:\/\/sobusygirls.fr\/media\/cache\/w190\/uploads\/post\/large\/23404dd72dd16f269ee959ec7242c798c79491bd.jpeg\u0027)\u0022\u003E\u003C\/div\u003E\n            \u003Cdiv class=\u0022post-cover-alt\u0022 style=\u0022background-image: url(\u0027https:\/\/sobusygirls.fr\/media\/cache\/w330\/uploads\/post\/square\/23404dd72dd16f269ee959ec7242c798c79491bd.jpeg\u0027)\u0022\u003E\u003C\/div\u003E\n                \u003Cdiv class=\u0022post-bottom\u0022\u003E\n            \u003Cspan class=\u0022post-category\u0022\u003EMode\u003C\/span\u003E\n            \u003Cspan class=\u0022post-title\u0022\u003EEco-score sur les v\u00eatements et fast-fashion dans le viseur\u0026nbsp;: ce qui change dans vos magasi...\u003C\/span\u003E\n            \u003Cspan class=\u0022post-author\u0022\u003EMyl\u00e8ne\u003C\/span\u003E\n            \u003Cspan class=\u0022post-date\u0022\u003E06 oct. 2025\u003C\/span\u003E\n        \u003C\/div\u003E\n    \u003C\/a\u003E\n\u003C\/div\u003E\n                            \u003C\/div\u003E\n        \u003C\/div\u003E\n                \u003Cdiv class=\u0022list-posts-container\u0022\u003E\n            \u003Cdiv class=\u0022posts row\u0022\u003E\n                                    \u003Cdiv class=\u0022post-list-item post-list-item-medium col col-6\u0022\u003E\n    \u003Ca href=\u0022\/2025\/09\/29\/meryl-streep-anna-wintour-rencontre-fashion-week-milan\/\u0022\u003E\n                    \u003Cdiv class=\u0022post-cover\u0022 style=\u0022background-image:url(\u0027https:\/\/sobusygirls.fr\/media\/cache\/w280\/uploads\/post\/large\/0560e77678d7fffea37c855cc9d4ba8c084c102c.jpeg\u0027)\u0022\u003E\u003C\/div\u003E\n                \u003Cdiv class=\u0022post-bottom\u0022\u003E\n            \u003Cspan class=\u0022post-category\u0022\u003EMode\u003C\/span\u003E\n            \u003Cspan class=\u0022post-title\u0022\u003EFashion Week de Milan\u0026nbsp;: la rencontre inattendue entre Meryl Streep et Anna Wintour fait vibrer la mo...\u003C\/span\u003E\n            \u003Cspan class=\u0022post-chapo\u0022\u003EMoment iconique \u00e0 la Fashion Week de Milan : Meryl Streep et Anna Wintour se sont retrouv\u00e9es apr\u00e8s le d\u00e9fil\u00e9 Dolce \u0026 Gabbana. Une rencontre entre fiction et r\u00e9alit\u00e9 qui a enchant\u00e9 le monde de la mode.\u003C\/span\u003E\n            \u003Cspan class=\u0022post-author\u0022\u003EMyl\u00e8ne\u003C\/span\u003E\n            \u003Cspan class=\u0022post-date\u0022\u003E06 oct. 2025\u003C\/span\u003E\n        \u003C\/div\u003E\n    \u003C\/a\u003E\n\u003C\/div\u003E\n                                    \u003Cdiv class=\u0022post-list-item post-list-item-medium col col-6\u0022\u003E\n    \u003Ca href=\u0022\/2025\/10\/05\/meghan-markle-fashion-week-paris-defile-balenciaga-pierpaolo-piccioli\/\u0022\u003E\n                    \u003Cdiv class=\u0022post-cover\u0022 style=\u0022background-image:url(\u0027https:\/\/sobusygirls.fr\/media\/cache\/w280\/uploads\/post\/large\/5ab4f7d26c2955ec0e79fd4e0349303e0c206325.jpeg\u0027)\u0022\u003E\u003C\/div\u003E\n                \u003Cdiv class=\u0022post-bottom\u0022\u003E\n            \u003Cspan class=\u0022post-category\u0022\u003EMode\u003C\/span\u003E\n            \u003Cspan class=\u0022post-title\u0022\u003EMeghan Markle cr\u00e9e la surprise au d\u00e9fil\u00e9 Balenciaga \u00e0 la Fashion Week de Paris\u003C\/span\u003E\n            \u003Cspan class=\u0022post-chapo\u0022\u003EInvit\u00e9e surprise du d\u00e9fil\u00e9 Balenciaga \u00e0 la Paris Fashion Week, Meghan Markle a marqu\u00e9 les esprits dans un ensemble blanc oversize sign\u00e9 du nouveau directeur artistique Pierpaolo Piccioli. Une apparition rare et ultra-comment\u00e9e.\u003C\/span\u003E\n            \u003Cspan class=\u0022post-author\u0022\u003EMyl\u00e8ne\u003C\/span\u003E\n            \u003Cspan class=\u0022post-date\u0022\u003E05 oct. 2025\u003C\/span\u003E\n        \u003C\/div\u003E\n    \u003C\/a\u003E\n\u003C\/div\u003E\n                                    \u003Cdiv class=\u0022post-list-item post-list-item-medium col col-6\u0022\u003E\n    \u003Ca href=\u0022\/2025\/10\/05\/shein-arrivee-france-magasin-impact-mode-francaise\/\u0022\u003E\n                    \u003Cdiv class=\u0022post-cover\u0022 style=\u0022background-image:url(\u0027https:\/\/sobusygirls.fr\/media\/cache\/w280\/uploads\/post\/large\/04cfa6cb5b9f636ecc819cc1ec069c0c4840308e.jpeg\u0027)\u0022\u003E\u003C\/div\u003E\n                \u003Cdiv class=\u0022post-bottom\u0022\u003E\n            \u003Cspan class=\u0022post-category\u0022\u003EMode\u003C\/span\u003E\n            \u003Cspan class=\u0022post-title\u0022\u003E\u00ab Certains n\u2019y survivront pas \u00bb\u0026nbsp;: Shein arrive en magasin, vers la fin du pr\u00eat-\u00e0-porter fran\u00e7ais\u0026nbsp;?\u003C\/span\u003E\n            \u003Cspan class=\u0022post-chapo\u0022\u003EAvec son implantation dans six magasins fran\u00e7ais, Shein fait trembler le pr\u00eat-\u00e0-porter hexagonal. Si l\u2019ogre chinois menace d\u00e9j\u00e0 un secteur en crise, son arriv\u00e9e physique pourrait aussi rebattre les cartes du march\u00e9.\u003C\/span\u003E\n            \u003Cspan class=\u0022post-author\u0022\u003EMyl\u00e8ne\u003C\/span\u003E\n            \u003Cspan class=\u0022post-date\u0022\u003E05 oct. 2025\u003C\/span\u003E\n        \u003C\/div\u003E\n    \u003C\/a\u003E\n\u003C\/div\u003E\n                                    \u003Cdiv class=\u0022post-list-item post-list-item-medium col col-6\u0022\u003E\n    \u003Ca href=\u0022\/2025\/10\/03\/magasins-shein-france-boycott-marques-bhv-galeries-lafayette\/\u0022\u003E\n                    \u003Cdiv class=\u0022post-cover\u0022 style=\u0022background-image:url(\u0027https:\/\/sobusygirls.fr\/media\/cache\/w280\/uploads\/post\/large\/20127dea7f012c5e0a4144a0f89a981d8ad79026.jpeg\u0027)\u0022\u003E\u003C\/div\u003E\n                \u003Cdiv class=\u0022post-bottom\u0022\u003E\n            \u003Cspan class=\u0022post-category\u0022\u003EMode\u003C\/span\u003E\n            \u003Cspan class=\u0022post-title\u0022\u003EMagasins Shein en France\u0026nbsp;: des marques se d\u00e9solidarisent du projet BHV et Galeries Lafayette\u003C\/span\u003E\n            \u003Cspan class=\u0022post-chapo\u0022\u003EL\u2019arriv\u00e9e de Shein au BHV et aux Galeries Lafayette continue de provoquer la controverse. Plusieurs marques comme Aime, Talm ou Merci Handy annoncent leur retrait en signe de protestation.\u003C\/span\u003E\n            \u003Cspan class=\u0022post-author\u0022\u003EMyl\u00e8ne\u003C\/span\u003E\n            \u003Cspan class=\u0022post-date\u0022\u003E03 oct. 2025\u003C\/span\u003E\n        \u003C\/div\u003E\n    \u003C\/a\u003E\n\u003C\/div\u003E\n                            \u003C\/div\u003E\n        \u003C\/div\u003E\n                \u003Cdiv class=\u0022list-posts-container\u0022\u003E\n            \u003Cdiv class=\u0022posts row\u0022\u003E\n                                    \u003Cdiv class=\u0022row post-list-item post-list-item-large post-list-item-large-bordered post-list-item-large-inverted\u0022\u003E\n    \u003Ca href=\u0022\/2025\/09\/18\/lily-collins-body-shaming-defile-calvin-klein\/\u0022\u003E\n                                    \u003Cdiv class=\u0022col col-6\u0022\u003E\n                    \u003Cimg src=\u0022https:\/\/sobusygirls.fr\/media\/cache\/w280\/uploads\/post\/square\/f10f63a8576211f8c648b77c5fe042b40631e8d5.jpeg\u0022 class=\u0022post-cover\u0022 alt=\u0022\u00ab Donnez-lui un sandwich \u00bb, \u00ab Elle est trop maigre \u00bb : Lily Collins critiqu\u00e9e sur son physique apr\u00e8s le d\u00e9fil\u00e9 Calvin Klein\u0022\/\u003E\n                \u003C\/div\u003E\n                            \u003Cdiv class=\u0022col col-6 post-bottom\u0022\u003E\n            \u003Cspan class=\u0022post-category\u0022\u003EMode\u003C\/span\u003E\n            \u003Cspan class=\u0022post-title\u0022\u003E\u00ab Donnez-lui un sandwich \u00bb, \u00ab Elle est trop maigre \u00bb\u0026nbsp;: Lily Collins critiqu\u00e9e sur son physique apr\u00e8s le d\u00e9fil\u00e9 Calvin Klein\u003C\/span\u003E\n            \u003Cspan class=\u0022post-date\u0022\u003E03 octobre 2025 - 17 : 33\u003C\/span\u003E\n            \u003Cspan class=\u0022post-author\u0022\u003EMyl\u00e8ne\u003C\/span\u003E\n        \u003C\/div\u003E\n            \u003C\/a\u003E\n\u003C\/div\u003E\n                            \u003C\/div\u003E\n        \u003C\/div\u003E\n                \u003Cdiv class=\u0022list-posts-container\u0022\u003E\n            \u003Cdiv class=\u0022posts row\u0022\u003E\n                                    \u003Cdiv class=\u0022post-list-item post-list-item-small col col-4\u0022\u003E\n    \u003Ca href=\u0022\/2025\/10\/03\/bhv-galeries-lafayette-controverse-shein-image\/\u0022\u003E\n                    \u003Cdiv class=\u0022post-cover\u0022 style=\u0022background-image:url(\u0027https:\/\/sobusygirls.fr\/media\/cache\/w190\/uploads\/post\/large\/12c535dee6c5703739ca51c30176bad88f60e261.jpeg\u0027)\u0022\u003E\u003C\/div\u003E\n            \u003Cdiv class=\u0022post-cover-alt\u0022 style=\u0022background-image: url(\u0027https:\/\/sobusygirls.fr\/media\/cache\/w330\/uploads\/post\/square\/12c535dee6c5703739ca51c30176bad88f60e261.jpeg\u0027)\u0022\u003E\u003C\/div\u003E\n                \u003Cdiv class=\u0022post-bottom\u0022\u003E\n            \u003Cspan class=\u0022post-category\u0022\u003EMode\u003C\/span\u003E\n            \u003Cspan class=\u0022post-title\u0022\u003EBHV et Galeries Lafayette\u0026nbsp;: leur pari risqu\u00e9 avec Shein cr\u00e9e la pol\u00e9mique\u003C\/span\u003E\n            \u003Cspan class=\u0022post-author\u0022\u003EMyl\u00e8ne\u003C\/span\u003E\n            \u003Cspan class=\u0022post-date\u0022\u003E03 oct. 2025\u003C\/span\u003E\n        \u003C\/div\u003E\n    \u003C\/a\u003E\n\u003C\/div\u003E\n                                    \u003Cdiv class=\u0022post-list-item post-list-item-small col col-4\u0022\u003E\n    \u003Ca href=\u0022\/2025\/09\/18\/pimkie-shein-partenariat-salaries-en-colere\/\u0022\u003E\n                    \u003Cdiv class=\u0022post-cover\u0022 style=\u0022background-image:url(\u0027https:\/\/sobusygirls.fr\/media\/cache\/w190\/uploads\/post\/large\/da4d030ceac4399e6bba97698322a604ba12dc6c.jpeg\u0027)\u0022\u003E\u003C\/div\u003E\n            \u003Cdiv class=\u0022post-cover-alt\u0022 style=\u0022background-image: url(\u0027https:\/\/sobusygirls.fr\/media\/cache\/w330\/uploads\/post\/square\/da4d030ceac4399e6bba97698322a604ba12dc6c.jpeg\u0027)\u0022\u003E\u003C\/div\u003E\n                \u003Cdiv class=\u0022post-bottom\u0022\u003E\n            \u003Cspan class=\u0022post-category\u0022\u003EMode\u003C\/span\u003E\n            \u003Cspan class=\u0022post-title\u0022\u003E\u00ab C\u2019est incompr\u00e9hensible \u00bb\u0026nbsp;: Pimkie vend son \u00e2me \u00e0 Shein\u0026nbsp;? Les salari\u00e9s d\u00e9noncent une trah...\u003C\/span\u003E\n            \u003Cspan class=\u0022post-author\u0022\u003EMyl\u00e8ne\u003C\/span\u003E\n            \u003Cspan class=\u0022post-date\u0022\u003E03 oct. 2025\u003C\/span\u003E\n        \u003C\/div\u003E\n    \u003C\/a\u003E\n\u003C\/div\u003E\n                                    \u003Cdiv class=\u0022post-list-item post-list-item-small col col-4\u0022\u003E\n    \u003Ca href=\u0022\/2025\/10\/02\/nicole-kidman-divorce-fille-sunday-rose-defile-dior-paris\/\u0022\u003E\n                    \u003Cdiv class=\u0022post-cover\u0022 style=\u0022background-image:url(\u0027https:\/\/sobusygirls.fr\/media\/cache\/w190\/uploads\/post\/large\/04bddb3d62e4579ed3cbb0c1da6580cfebf3469a.jpeg\u0027)\u0022\u003E\u003C\/div\u003E\n            \u003Cdiv class=\u0022post-cover-alt\u0022 style=\u0022background-image: url(\u0027https:\/\/sobusygirls.fr\/media\/cache\/w330\/uploads\/post\/square\/04bddb3d62e4579ed3cbb0c1da6580cfebf3469a.jpeg\u0027)\u0022\u003E\u003C\/div\u003E\n                \u003Cdiv class=\u0022post-bottom\u0022\u003E\n            \u003Cspan class=\u0022post-category\u0022\u003EMode\u003C\/span\u003E\n            \u003Cspan class=\u0022post-title\u0022\u003ENicole Kidman et Keith Urban\u0026nbsp;: leur fille a\u00een\u00e9e d\u00e9file pour Dior \u00e0 la Fashion Week de Pari...\u003C\/span\u003E\n            \u003Cspan class=\u0022post-author\u0022\u003EMyl\u00e8ne\u003C\/span\u003E\n            \u003Cspan class=\u0022post-date\u0022\u003E02 oct. 2025\u003C\/span\u003E\n        \u003C\/div\u003E\n    \u003C\/a\u003E\n\u003C\/div\u003E\n                                    \u003Cdiv class=\u0022post-list-item post-list-item-small col col-4\u0022\u003E\n    \u003Ca href=\u0022\/2025\/09\/25\/serena-williams-defile-gucci-perte-poids-look-sexy\/\u0022\u003E\n                    \u003Cdiv class=\u0022post-cover\u0022 style=\u0022background-image:url(\u0027https:\/\/sobusygirls.fr\/media\/cache\/w190\/uploads\/post\/large\/dcee5e1b3b9f08aa07d0804d8b73def40c0ee2b1.jpeg\u0027)\u0022\u003E\u003C\/div\u003E\n            \u003Cdiv class=\u0022post-cover-alt\u0022 style=\u0022background-image: url(\u0027https:\/\/sobusygirls.fr\/media\/cache\/w330\/uploads\/post\/square\/dcee5e1b3b9f08aa07d0804d8b73def40c0ee2b1.jpeg\u0027)\u0022\u003E\u003C\/div\u003E\n                \u003Cdiv class=\u0022post-bottom\u0022\u003E\n            \u003Cspan class=\u0022post-category\u0022\u003EMode\u003C\/span\u003E\n            \u003Cspan class=\u0022post-title\u0022\u003ESerena Williams m\u00e9tamorphos\u00e9e\u0026nbsp;: sa perte de poids spectaculaire et son string apparent fon...\u003C\/span\u003E\n            \u003Cspan class=\u0022post-author\u0022\u003EMyl\u00e8ne\u003C\/span\u003E\n            \u003Cspan class=\u0022post-date\u0022\u003E30 sept. 2025\u003C\/span\u003E\n        \u003C\/div\u003E\n    \u003C\/a\u003E\n\u003C\/div\u003E\n                                    \u003Cdiv class=\u0022post-list-item post-list-item-small col col-4\u0022\u003E\n    \u003Ca href=\u0022\/2025\/09\/24\/kate-middleton-banquet-trump-melania-windsor\/\u0022\u003E\n                    \u003Cdiv class=\u0022post-cover\u0022 style=\u0022background-image:url(\u0027https:\/\/sobusygirls.fr\/media\/cache\/w190\/uploads\/post\/large\/27db19d01d2b1eb00bd7d867818f2fdd700a504b.jpeg\u0027)\u0022\u003E\u003C\/div\u003E\n            \u003Cdiv class=\u0022post-cover-alt\u0022 style=\u0022background-image: url(\u0027https:\/\/sobusygirls.fr\/media\/cache\/w330\/uploads\/post\/square\/27db19d01d2b1eb00bd7d867818f2fdd700a504b.jpeg\u0027)\u0022\u003E\u003C\/div\u003E\n                \u003Cdiv class=\u0022post-bottom\u0022\u003E\n            \u003Cspan class=\u0022post-category\u0022\u003EMode\u003C\/span\u003E\n            \u003Cspan class=\u0022post-title\u0022\u003EKate Middleton face \u00e0 Trump\u0026nbsp;: \u0022Tous les yeux \u00e9taient riv\u00e9s sur elle\u0022, ce d\u00e9tail qui a tout...\u003C\/span\u003E\n            \u003Cspan class=\u0022post-author\u0022\u003EMyl\u00e8ne\u003C\/span\u003E\n            \u003Cspan class=\u0022post-date\u0022\u003E29 sept. 2025\u003C\/span\u003E\n        \u003C\/div\u003E\n    \u003C\/a\u003E\n\u003C\/div\u003E\n                                    \u003Cdiv class=\u0022post-list-item post-list-item-small col col-4\u0022\u003E\n    \u003Ca href=\u0022\/2025\/09\/24\/juliette-binoche-look-matrix-festival-saint-sebastien\/\u0022\u003E\n                    \u003Cdiv class=\u0022post-cover\u0022 style=\u0022background-image:url(\u0027https:\/\/sobusygirls.fr\/media\/cache\/w190\/uploads\/post\/large\/f2ccb220de0a5e33ce880fb10f677304bbf57fe5.jpeg\u0027)\u0022\u003E\u003C\/div\u003E\n            \u003Cdiv class=\u0022post-cover-alt\u0022 style=\u0022background-image: url(\u0027https:\/\/sobusygirls.fr\/media\/cache\/w330\/uploads\/post\/square\/f2ccb220de0a5e33ce880fb10f677304bbf57fe5.jpeg\u0027)\u0022\u003E\u003C\/div\u003E\n                \u003Cdiv class=\u0022post-bottom\u0022\u003E\n            \u003Cspan class=\u0022post-category\u0022\u003EMode\u003C\/span\u003E\n            \u003Cspan class=\u0022post-title\u0022\u003EJuliette Binoche incroyablement sexy\u0026nbsp;: son look Matrix a \u00e9lectris\u00e9 le Festival de Saint-S\u00e9...\u003C\/span\u003E\n            \u003Cspan class=\u0022post-author\u0022\u003EMyl\u00e8ne\u003C\/span\u003E\n            \u003Cspan class=\u0022post-date\u0022\u003E29 sept. 2025\u003C\/span\u003E\n        \u003C\/div\u003E\n    \u003C\/a\u003E\n\u003C\/div\u003E\n                            \u003C\/div\u003E\n        \u003C\/div\u003E\n    \n            \u003Cdiv class=\u0022posts-load-more-container\u0022\u003E\n            \u003Ca href=\u0022\/ajax\/category\/posts?slug=mode\u0026amp;pp=1759159200\u0026amp;pc=1758702566\u0022 id=\u0022posts-load-more\u0022 class=\u0022posts-load-more\u0022\u003ECharger plus d\u0026#039;articles\u003C\/a\u003E\n        \u003C\/div\u003E\n    \u003C\/div\u003E\n","top_category_title":"Mode","sub_category_title":null}