{"content":"\n\u003Cdiv class=\u0022ajax-loaded\u0022\u003E\n\n    \n            \u003Cdiv class=\u0022list-posts-container\u0022\u003E\n            \u003Cdiv class=\u0022posts row\u0022\u003E\n                                    \u003Cdiv class=\u0022post-list-item post-list-item-small col col-4\u0022\u003E\n    \u003Ca href=\u0022\/2026\/02\/03\/comment-organiser-un-cercle-de-tricot-autour-des-modeles-gratuits\/\u0022\u003E\n                    \u003Cdiv class=\u0022post-cover\u0022 style=\u0022background-image:url(\u0027https:\/\/sobusygirls.fr\/media\/cache\/w190\/uploads\/post\/large\/d79535572353e898c0635204c6173c80a6900d2e.jpeg\u0027)\u0022\u003E\u003C\/div\u003E\n            \u003Cdiv class=\u0022post-cover-alt\u0022 style=\u0022background-image: url(\u0027https:\/\/sobusygirls.fr\/media\/cache\/w330\/uploads\/post\/square\/d79535572353e898c0635204c6173c80a6900d2e.jpeg\u0027)\u0022\u003E\u003C\/div\u003E\n                \u003Cdiv class=\u0022post-bottom\u0022\u003E\n            \u003Cspan class=\u0022post-category\u0022\u003ELifestyle\u003C\/span\u003E\n            \u003Cspan class=\u0022post-title\u0022\u003EComment organiser un cercle de tricot autour des mod\u00e8les gratuits\u003C\/span\u003E\n            \u003Cspan class=\u0022post-author\u0022\u003EMyl\u00e8ne\u003C\/span\u003E\n            \u003Cspan class=\u0022post-date\u0022\u003E03 f\u00e9vr. 2026\u003C\/span\u003E\n        \u003C\/div\u003E\n    \u003C\/a\u003E\n\u003C\/div\u003E\n                                    \u003Cdiv class=\u0022post-list-item post-list-item-small col col-4\u0022\u003E\n    \u003Ca href=\u0022\/2026\/01\/29\/la-rochelle-le-temps-dun-break-lart-de-sevader-meme-quand-on-manque-de-temps\/\u0022\u003E\n                    \u003Cdiv class=\u0022post-cover\u0022 style=\u0022background-image:url(\u0027https:\/\/sobusygirls.fr\/media\/cache\/w190\/uploads\/post\/large\/335e90ef1cfd7f1bd4a230e143ba9f61e7c1c597.jpeg\u0027)\u0022\u003E\u003C\/div\u003E\n            \u003Cdiv class=\u0022post-cover-alt\u0022 style=\u0022background-image: url(\u0027https:\/\/sobusygirls.fr\/media\/cache\/w330\/uploads\/post\/square\/335e90ef1cfd7f1bd4a230e143ba9f61e7c1c597.jpeg\u0027)\u0022\u003E\u003C\/div\u003E\n                \u003Cdiv class=\u0022post-bottom\u0022\u003E\n            \u003Cspan class=\u0022post-category\u0022\u003ELifestyle\u003C\/span\u003E\n            \u003Cspan class=\u0022post-title\u0022\u003ELa Rochelle le temps d\u2019un break\u0026nbsp;: l\u2019art de s\u2019\u00e9vader m\u00eame quand on manque de temps\u003C\/span\u003E\n            \u003Cspan class=\u0022post-author\u0022\u003ECl\u00e9mence\u003C\/span\u003E\n            \u003Cspan class=\u0022post-date\u0022\u003E29 janv. 2026\u003C\/span\u003E\n        \u003C\/div\u003E\n    \u003C\/a\u003E\n\u003C\/div\u003E\n                                    \u003Cdiv class=\u0022post-list-item post-list-item-small col col-4\u0022\u003E\n    \u003Ca href=\u0022\/2026\/01\/22\/deco-murale-chaleureuse-et-elegante-pour-un-salon-plus-cosy\/\u0022\u003E\n                    \u003Cdiv class=\u0022post-cover\u0022 style=\u0022background-image:url(\u0027https:\/\/sobusygirls.fr\/media\/cache\/w190\/uploads\/post\/large\/b5f28c22a1e21923cd1c7c0511ef14678cd2959b.jpeg\u0027)\u0022\u003E\u003C\/div\u003E\n            \u003Cdiv class=\u0022post-cover-alt\u0022 style=\u0022background-image: url(\u0027https:\/\/sobusygirls.fr\/media\/cache\/w330\/uploads\/post\/square\/b5f28c22a1e21923cd1c7c0511ef14678cd2959b.jpeg\u0027)\u0022\u003E\u003C\/div\u003E\n                \u003Cdiv class=\u0022post-bottom\u0022\u003E\n            \u003Cspan class=\u0022post-category\u0022\u003ELifestyle\u003C\/span\u003E\n            \u003Cspan class=\u0022post-title\u0022\u003ED\u00e9co murale chaleureuse et \u00e9l\u00e9gante pour un salon plus cosy\u003C\/span\u003E\n            \u003Cspan class=\u0022post-author\u0022\u003EMyl\u00e8ne\u003C\/span\u003E\n            \u003Cspan class=\u0022post-date\u0022\u003E22 janv. 2026\u003C\/span\u003E\n        \u003C\/div\u003E\n    \u003C\/a\u003E\n\u003C\/div\u003E\n                                    \u003Cdiv class=\u0022post-list-item post-list-item-small col col-4\u0022\u003E\n    \u003Ca href=\u0022\/2026\/01\/19\/budget-fiabilite-et-confort-les-vrais-criteres-dun-choix-de-voiture\/\u0022\u003E\n                    \u003Cdiv class=\u0022post-cover\u0022 style=\u0022background-image:url(\u0027https:\/\/sobusygirls.fr\/media\/cache\/w190\/uploads\/post\/large\/ac955816eda2ff3c972238b86f1307475cc6e6a5.jpeg\u0027)\u0022\u003E\u003C\/div\u003E\n            \u003Cdiv class=\u0022post-cover-alt\u0022 style=\u0022background-image: url(\u0027https:\/\/sobusygirls.fr\/media\/cache\/w330\/uploads\/post\/square\/ac955816eda2ff3c972238b86f1307475cc6e6a5.jpeg\u0027)\u0022\u003E\u003C\/div\u003E\n                \u003Cdiv class=\u0022post-bottom\u0022\u003E\n            \u003Cspan class=\u0022post-category\u0022\u003ELifestyle\u003C\/span\u003E\n            \u003Cspan class=\u0022post-title\u0022\u003EBudget, fiabilit\u00e9 et confort\u0026nbsp;: les vrais crit\u00e8res d\u2019un choix de voiture\u003C\/span\u003E\n            \u003Cspan class=\u0022post-author\u0022\u003EMyl\u00e8ne\u003C\/span\u003E\n            \u003Cspan class=\u0022post-date\u0022\u003E19 janv. 2026\u003C\/span\u003E\n        \u003C\/div\u003E\n    \u003C\/a\u003E\n\u003C\/div\u003E\n                                    \u003Cdiv class=\u0022post-list-item post-list-item-small col col-4\u0022\u003E\n    \u003Ca href=\u0022\/2026\/01\/05\/on-nen-pouvait-plus-du-froid-ce-reflexe-tout-simple-adopte-par-des-milliers-de-foyers-cet-hiver\/\u0022\u003E\n                    \u003Cdiv class=\u0022post-cover\u0022 style=\u0022background-image:url(\u0027https:\/\/sobusygirls.fr\/media\/cache\/w190\/uploads\/post\/large\/0e6184991f18fac85d00859871d9ca45bf88af37.jpeg\u0027)\u0022\u003E\u003C\/div\u003E\n            \u003Cdiv class=\u0022post-cover-alt\u0022 style=\u0022background-image: url(\u0027https:\/\/sobusygirls.fr\/media\/cache\/w330\/uploads\/post\/square\/0e6184991f18fac85d00859871d9ca45bf88af37.jpeg\u0027)\u0022\u003E\u003C\/div\u003E\n                \u003Cdiv class=\u0022post-bottom\u0022\u003E\n            \u003Cspan class=\u0022post-category\u0022\u003ELifestyle\u003C\/span\u003E\n            \u003Cspan class=\u0022post-title\u0022\u003E\u0022On n\u2019en pouvait plus du froid\u0022\u0026nbsp;: ce r\u00e9flexe tout simple adopt\u00e9 par des milliers de foyers...\u003C\/span\u003E\n            \u003Cspan class=\u0022post-author\u0022\u003ELaura\u003C\/span\u003E\n            \u003Cspan class=\u0022post-date\u0022\u003E12 janv. 2026\u003C\/span\u003E\n        \u003C\/div\u003E\n    \u003C\/a\u003E\n\u003C\/div\u003E\n                                    \u003Cdiv class=\u0022post-list-item post-list-item-small col col-4\u0022\u003E\n    \u003Ca href=\u0022\/2026\/01\/09\/le-jardin-prolongement-decoratif-de-la-maison\/\u0022\u003E\n                    \u003Cdiv class=\u0022post-cover\u0022 style=\u0022background-image:url(\u0027https:\/\/sobusygirls.fr\/media\/cache\/w190\/uploads\/post\/large\/0e92cc73dcfd96aa2fb79e18180e92a41b9c4d6c.jpeg\u0027)\u0022\u003E\u003C\/div\u003E\n            \u003Cdiv class=\u0022post-cover-alt\u0022 style=\u0022background-image: url(\u0027https:\/\/sobusygirls.fr\/media\/cache\/w330\/uploads\/post\/square\/0e92cc73dcfd96aa2fb79e18180e92a41b9c4d6c.jpeg\u0027)\u0022\u003E\u003C\/div\u003E\n                \u003Cdiv class=\u0022post-bottom\u0022\u003E\n            \u003Cspan class=\u0022post-category\u0022\u003ELifestyle\u003C\/span\u003E\n            \u003Cspan class=\u0022post-title\u0022\u003ELe jardin, prolongement d\u00e9coratif de la maison\u003C\/span\u003E\n            \u003Cspan class=\u0022post-author\u0022\u003ELaura\u003C\/span\u003E\n            \u003Cspan class=\u0022post-date\u0022\u003E09 janv. 2026\u003C\/span\u003E\n        \u003C\/div\u003E\n    \u003C\/a\u003E\n\u003C\/div\u003E\n                            \u003C\/div\u003E\n        \u003C\/div\u003E\n                \u003Cdiv class=\u0022list-posts-container\u0022\u003E\n            \u003Cdiv class=\u0022posts row\u0022\u003E\n                                    \u003Cdiv class=\u0022post-list-item post-list-item-medium col col-6\u0022\u003E\n    \u003Ca href=\u0022\/2026\/01\/08\/argent-prestige-et-strategie-royale-ce-choix-audacieux-qui-intrigue-le-royaume-uni\/\u0022\u003E\n                    \u003Cdiv class=\u0022post-cover\u0022 style=\u0022background-image:url(\u0027https:\/\/sobusygirls.fr\/media\/cache\/w280\/uploads\/post\/large\/7e7733fd70eaa1640dd56adcacd586a9eb10b25f.jpeg\u0027)\u0022\u003E\u003C\/div\u003E\n                \u003Cdiv class=\u0022post-bottom\u0022\u003E\n            \u003Cspan class=\u0022post-category\u0022\u003ELifestyle\u003C\/span\u003E\n            \u003Cspan class=\u0022post-title\u0022\u003EArgent, prestige et strat\u00e9gie royale\u0026nbsp;: ce choix audacieux qui intrigue le Royaume-Uni\u003C\/span\u003E\n            \u003Cspan class=\u0022post-chapo\u0022\u003EUne r\u00e9sidence royale \u00e9cossaise s\u2019appr\u00eate \u00e0 changer de destin gr\u00e2ce \u00e0 un investissement massif, r\u00e9v\u00e9lant une strat\u00e9gie royale bien plus moderne qu\u2019il n\u2019y para\u00eet.\u003C\/span\u003E\n            \u003Cspan class=\u0022post-author\u0022\u003ECl\u00e9mence\u003C\/span\u003E\n            \u003Cspan class=\u0022post-date\u0022\u003E08 janv. 2026\u003C\/span\u003E\n        \u003C\/div\u003E\n    \u003C\/a\u003E\n\u003C\/div\u003E\n                                    \u003Cdiv class=\u0022post-list-item post-list-item-medium col col-6\u0022\u003E\n    \u003Ca href=\u0022\/2026\/01\/08\/quand-une-demeure-royale-change-de-destin-lincroyable-transformation-qui-se-prepare-en-ecosse\/\u0022\u003E\n                    \u003Cdiv class=\u0022post-cover\u0022 style=\u0022background-image:url(\u0027https:\/\/sobusygirls.fr\/media\/cache\/w280\/uploads\/post\/large\/362e380a5aaa0ee7b54f7a4c1b0df1549d99c15f.jpeg\u0027)\u0022\u003E\u003C\/div\u003E\n                \u003Cdiv class=\u0022post-bottom\u0022\u003E\n            \u003Cspan class=\u0022post-category\u0022\u003ELifestyle\u003C\/span\u003E\n            \u003Cspan class=\u0022post-title\u0022\u003EQuand une demeure royale change de destin\u0026nbsp;: l\u2019incroyable transformation qui se pr\u00e9pare en \u00c9cosse\u003C\/span\u003E\n            \u003Cspan class=\u0022post-chapo\u0022\u003EUne r\u00e9sidence historique \u00e9cossaise s\u2019appr\u00eate \u00e0 vivre une m\u00e9tamorphose spectaculaire, entre \u00e9v\u00e9nements de prestige et nouvelle ambition royale.\u003C\/span\u003E\n            \u003Cspan class=\u0022post-author\u0022\u003ELaura\u003C\/span\u003E\n            \u003Cspan class=\u0022post-date\u0022\u003E08 janv. 2026\u003C\/span\u003E\n        \u003C\/div\u003E\n    \u003C\/a\u003E\n\u003C\/div\u003E\n                                    \u003Cdiv class=\u0022post-list-item post-list-item-medium col col-6\u0022\u003E\n    \u003Ca href=\u0022\/2026\/01\/08\/mariages-de-luxe-millions-deuros-et-vision-royale-ce-projet-fou-de-charles-iii-dont-tout-le-monde-parle\/\u0022\u003E\n                    \u003Cdiv class=\u0022post-cover\u0022 style=\u0022background-image:url(\u0027https:\/\/sobusygirls.fr\/media\/cache\/w280\/uploads\/post\/large\/d15b36cb829ef2c0ee373d8758f92f5ec0fc3746.jpeg\u0027)\u0022\u003E\u003C\/div\u003E\n                \u003Cdiv class=\u0022post-bottom\u0022\u003E\n            \u003Cspan class=\u0022post-category\u0022\u003ELifestyle\u003C\/span\u003E\n            \u003Cspan class=\u0022post-title\u0022\u003EMariages de luxe, millions d\u2019euros et vision royale\u0026nbsp;: ce projet fou de Charles III dont tout le mond...\u003C\/span\u003E\n            \u003Cspan class=\u0022post-chapo\u0022\u003ELa famille royale britannique investit pr\u00e8s de 9 millions d\u2019euros pour transformer Dumfries House en un lieu d\u2019exception d\u00e9di\u00e9 aux mariages et \u00e9v\u00e9nements de prestige, sous l\u2019impulsion de Charles III.\u003C\/span\u003E\n            \u003Cspan class=\u0022post-author\u0022\u003EMyl\u00e8ne\u003C\/span\u003E\n            \u003Cspan class=\u0022post-date\u0022\u003E08 janv. 2026\u003C\/span\u003E\n        \u003C\/div\u003E\n    \u003C\/a\u003E\n\u003C\/div\u003E\n                                    \u003Cdiv class=\u0022post-list-item post-list-item-medium col col-6\u0022\u003E\n    \u003Ca href=\u0022\/2026\/01\/08\/laeticia-hallyday-incendie-maison-los-angeles-un-an-apres\/\u0022\u003E\n                    \u003Cdiv class=\u0022post-cover\u0022 style=\u0022background-image:url(\u0027https:\/\/sobusygirls.fr\/media\/cache\/w280\/uploads\/post\/large\/14d24468d456c1d8cd302efdb2f282b95d58ccfc.jpeg\u0027)\u0022\u003E\u003C\/div\u003E\n                \u003Cdiv class=\u0022post-bottom\u0022\u003E\n            \u003Cspan class=\u0022post-category\u0022\u003ELifestyle\u003C\/span\u003E\n            \u003Cspan class=\u0022post-title\u0022\u003ELaeticia Hallyday, un traumatisme toujours pr\u00e9sent un an apr\u00e8s l\u2019incendie\u003C\/span\u003E\n            \u003Cspan class=\u0022post-chapo\u0022\u003EUn an apr\u00e8s l\u2019incendie qui a d\u00e9truit sa maison \u00e0 Los Angeles, Laeticia Hallyday revient sur un drame intime qui la hante encore et raconte sa lente reconstruction.\u003C\/span\u003E\n            \u003Cspan class=\u0022post-author\u0022\u003EMyl\u00e8ne\u003C\/span\u003E\n            \u003Cspan class=\u0022post-date\u0022\u003E08 janv. 2026\u003C\/span\u003E\n        \u003C\/div\u003E\n    \u003C\/a\u003E\n\u003C\/div\u003E\n                            \u003C\/div\u003E\n        \u003C\/div\u003E\n                \u003Cdiv class=\u0022list-posts-container\u0022\u003E\n            \u003Cdiv class=\u0022posts row\u0022\u003E\n                                    \u003Cdiv class=\u0022row post-list-item post-list-item-large post-list-item-large-bordered post-list-item-large-inverted\u0022\u003E\n    \u003Ca href=\u0022\/2022\/12\/19\/tuto-deco-pour-faire-une-etoile-en-macrame-de-noel-a-accrocher-sur-le-sapin-facile\/\u0022\u003E\n                                    \u003Cdiv class=\u0022col col-6\u0022\u003E\n                    \u003Cimg src=\u0022https:\/\/sobusygirls.fr\/media\/cache\/w280\/uploads\/post\/square\/43fe37932faa42a9feb2cb5ee9d8aa20d3293acc.jpeg\u0022 class=\u0022post-cover\u0022 alt=\u0022DIY : le tuto d\u00e9co facile pour faire une \u00e9toile de No\u00ebl sublime en macram\u00e9\u0022\/\u003E\n                \u003C\/div\u003E\n                            \u003Cdiv class=\u0022col col-6 post-bottom\u0022\u003E\n            \u003Cspan class=\u0022post-category\u0022\u003ELifestyle\u003C\/span\u003E\n            \u003Cspan class=\u0022post-title\u0022\u003EDIY\u0026nbsp;: le tuto d\u00e9co facile pour faire une \u00e9toile de No\u00ebl sublime en macram\u00e9\u003C\/span\u003E\n            \u003Cspan class=\u0022post-date\u0022\u003E06 janvier 2026 - 15 : 07\u003C\/span\u003E\n            \u003Cspan class=\u0022post-author\u0022\u003EMyl\u00e8ne\u003C\/span\u003E\n        \u003C\/div\u003E\n            \u003C\/a\u003E\n\u003C\/div\u003E\n                            \u003C\/div\u003E\n        \u003C\/div\u003E\n                \u003Cdiv class=\u0022list-posts-container\u0022\u003E\n            \u003Cdiv class=\u0022posts row\u0022\u003E\n                                    \u003Cdiv class=\u0022post-list-item post-list-item-small col col-4\u0022\u003E\n    \u003Ca href=\u0022\/2025\/12\/30\/ce-meuble-quon-choisit-souvent-a-la-legere-et-qui-change-pourtant-toute-la-salle-a-manger\/\u0022\u003E\n                    \u003Cdiv class=\u0022post-cover\u0022 style=\u0022background-image:url(\u0027https:\/\/sobusygirls.fr\/media\/cache\/w190\/uploads\/post\/large\/8bd6949ff95ff7ddc89bcb2179bb1a2f413594e2.jpeg\u0027)\u0022\u003E\u003C\/div\u003E\n            \u003Cdiv class=\u0022post-cover-alt\u0022 style=\u0022background-image: url(\u0027https:\/\/sobusygirls.fr\/media\/cache\/w330\/uploads\/post\/square\/8bd6949ff95ff7ddc89bcb2179bb1a2f413594e2.jpeg\u0027)\u0022\u003E\u003C\/div\u003E\n                \u003Cdiv class=\u0022post-bottom\u0022\u003E\n            \u003Cspan class=\u0022post-category\u0022\u003ELifestyle\u003C\/span\u003E\n            \u003Cspan class=\u0022post-title\u0022\u003ECe meuble qu\u2019on choisit souvent \u00e0 la l\u00e9g\u00e8re\u2026 et qui change pourtant toute la salle \u00e0 mange...\u003C\/span\u003E\n            \u003Cspan class=\u0022post-author\u0022\u003EMyl\u00e8ne\u003C\/span\u003E\n            \u003Cspan class=\u0022post-date\u0022\u003E30 d\u00e9c. 2025\u003C\/span\u003E\n        \u003C\/div\u003E\n    \u003C\/a\u003E\n\u003C\/div\u003E\n                                    \u003Cdiv class=\u0022post-list-item post-list-item-small col col-4\u0022\u003E\n    \u003Ca href=\u0022\/2025\/12\/02\/kate-william-forest-lodge-colere-habitants-noel-securite\/\u0022\u003E\n                    \u003Cdiv class=\u0022post-cover\u0022 style=\u0022background-image:url(\u0027https:\/\/sobusygirls.fr\/media\/cache\/w190\/uploads\/post\/large\/0c79481d15f7ed18e1bbee9f51706038b228eafe.jpeg\u0027)\u0022\u003E\u003C\/div\u003E\n            \u003Cdiv class=\u0022post-cover-alt\u0022 style=\u0022background-image: url(\u0027https:\/\/sobusygirls.fr\/media\/cache\/w330\/uploads\/post\/square\/0c79481d15f7ed18e1bbee9f51706038b228eafe.jpeg\u0027)\u0022\u003E\u003C\/div\u003E\n                \u003Cdiv class=\u0022post-bottom\u0022\u003E\n            \u003Cspan class=\u0022post-category\u0022\u003ELifestyle\u003C\/span\u003E\n            \u003Cspan class=\u0022post-title\u0022\u003EForest Lodge\u0026nbsp;: pourquoi la nouvelle maison royale cr\u00e9e une ambiance \u00e9lectrique avant No\u00ebl\u003C\/span\u003E\n            \u003Cspan class=\u0022post-author\u0022\u003EMyl\u00e8ne\u003C\/span\u003E\n            \u003Cspan class=\u0022post-date\u0022\u003E30 d\u00e9c. 2025\u003C\/span\u003E\n        \u003C\/div\u003E\n    \u003C\/a\u003E\n\u003C\/div\u003E\n                                    \u003Cdiv class=\u0022post-list-item post-list-item-small col col-4\u0022\u003E\n    \u003Ca href=\u0022\/2025\/12\/15\/patrick-bruel-hotel-5-etoiles-lisle-de-leos-mgallery-vaucluse\/\u0022\u003E\n                    \u003Cdiv class=\u0022post-cover\u0022 style=\u0022background-image:url(\u0027https:\/\/sobusygirls.fr\/media\/cache\/w190\/uploads\/post\/large\/b2f58d8b602b1c3de068769afe9dd170dcc0f7ef.jpeg\u0027)\u0022\u003E\u003C\/div\u003E\n            \u003Cdiv class=\u0022post-cover-alt\u0022 style=\u0022background-image: url(\u0027https:\/\/sobusygirls.fr\/media\/cache\/w330\/uploads\/post\/square\/b2f58d8b602b1c3de068769afe9dd170dcc0f7ef.jpeg\u0027)\u0022\u003E\u003C\/div\u003E\n                \u003Cdiv class=\u0022post-bottom\u0022\u003E\n            \u003Cspan class=\u0022post-category\u0022\u003ELifestyle\u003C\/span\u003E\n            \u003Cspan class=\u0022post-title\u0022\u003E5 \u00e9toiles\u0026nbsp;: Patrick Bruel d\u00e9croche enfin la reconnaissance pour son h\u00f4tel de luxe\u003C\/span\u003E\n            \u003Cspan class=\u0022post-author\u0022\u003EMyl\u00e8ne\u003C\/span\u003E\n            \u003Cspan class=\u0022post-date\u0022\u003E29 d\u00e9c. 2025\u003C\/span\u003E\n        \u003C\/div\u003E\n    \u003C\/a\u003E\n\u003C\/div\u003E\n                                    \u003Cdiv class=\u0022post-list-item post-list-item-small col col-4\u0022\u003E\n    \u003Ca href=\u0022\/2022\/12\/07\/tuto-diy-comment-faire-un-pere-noel-facile-en-laine-activite-pour-enfant\/\u0022\u003E\n                    \u003Cdiv class=\u0022post-cover\u0022 style=\u0022background-image:url(\u0027https:\/\/sobusygirls.fr\/media\/cache\/w190\/uploads\/post\/large\/e7ecc21e3d75890043b995271d8963b039f4e8ad.jpeg\u0027)\u0022\u003E\u003C\/div\u003E\n            \u003Cdiv class=\u0022post-cover-alt\u0022 style=\u0022background-image: url(\u0027https:\/\/sobusygirls.fr\/media\/cache\/w330\/uploads\/post\/square\/e7ecc21e3d75890043b995271d8963b039f4e8ad.jpeg\u0027)\u0022\u003E\u003C\/div\u003E\n                \u003Cdiv class=\u0022post-bottom\u0022\u003E\n            \u003Cspan class=\u0022post-category\u0022\u003ELifestyle\u003C\/span\u003E\n            \u003Cspan class=\u0022post-title\u0022\u003EDIY\u0026nbsp;: le tuto facile pour faire un petit P\u00e8re-No\u00ebl en laine avec les enfants\u003C\/span\u003E\n            \u003Cspan class=\u0022post-author\u0022\u003ECl\u00e9mence\u003C\/span\u003E\n            \u003Cspan class=\u0022post-date\u0022\u003E29 d\u00e9c. 2025\u003C\/span\u003E\n        \u003C\/div\u003E\n    \u003C\/a\u003E\n\u003C\/div\u003E\n                                    \u003Cdiv class=\u0022post-list-item post-list-item-small col col-4\u0022\u003E\n    \u003Ca href=\u0022\/2025\/12\/22\/comment-utiliser-des-etiquettes-vierges-pour-organiser-sa-maison\/\u0022\u003E\n                    \u003Cdiv class=\u0022post-cover\u0022 style=\u0022background-image:url(\u0027https:\/\/sobusygirls.fr\/media\/cache\/w190\/uploads\/post\/large\/2be0212bdab578bb1b52df0d89d10ba1bdf1c171.jpeg\u0027)\u0022\u003E\u003C\/div\u003E\n            \u003Cdiv class=\u0022post-cover-alt\u0022 style=\u0022background-image: url(\u0027https:\/\/sobusygirls.fr\/media\/cache\/w330\/uploads\/post\/square\/2be0212bdab578bb1b52df0d89d10ba1bdf1c171.jpeg\u0027)\u0022\u003E\u003C\/div\u003E\n                \u003Cdiv class=\u0022post-bottom\u0022\u003E\n            \u003Cspan class=\u0022post-category\u0022\u003ELifestyle\u003C\/span\u003E\n            \u003Cspan class=\u0022post-title\u0022\u003EComment utiliser des \u00e9tiquettes vierges pour organiser sa maison\u003C\/span\u003E\n            \u003Cspan class=\u0022post-author\u0022\u003ECl\u00e9mence\u003C\/span\u003E\n            \u003Cspan class=\u0022post-date\u0022\u003E22 d\u00e9c. 2025\u003C\/span\u003E\n        \u003C\/div\u003E\n    \u003C\/a\u003E\n\u003C\/div\u003E\n                                    \u003Cdiv class=\u0022post-list-item post-list-item-small col col-4\u0022\u003E\n    \u003Ca href=\u0022\/2020\/12\/01\/quand-acheter-un-sapin-de-noel-quel-est-le-meilleur-moment\/\u0022\u003E\n                    \u003Cdiv class=\u0022post-cover\u0022 style=\u0022background-image:url(\u0027https:\/\/sobusygirls.fr\/media\/cache\/w190\/uploads\/post\/large\/75b6bab8c50868997644d95a71f6b579d898a17e.jpeg\u0027)\u0022\u003E\u003C\/div\u003E\n            \u003Cdiv class=\u0022post-cover-alt\u0022 style=\u0022background-image: url(\u0027https:\/\/sobusygirls.fr\/media\/cache\/w330\/uploads\/post\/square\/75b6bab8c50868997644d95a71f6b579d898a17e.jpeg\u0027)\u0022\u003E\u003C\/div\u003E\n                \u003Cdiv class=\u0022post-bottom\u0022\u003E\n            \u003Cspan class=\u0022post-category\u0022\u003ELifestyle\u003C\/span\u003E\n            \u003Cspan class=\u0022post-title\u0022\u003EVoici le meilleur moment pour acheter un sapin de No\u00ebl\u003C\/span\u003E\n            \u003Cspan class=\u0022post-author\u0022\u003EMyl\u00e8ne\u003C\/span\u003E\n            \u003Cspan class=\u0022post-date\u0022\u003E19 d\u00e9c. 2025\u003C\/span\u003E\n        \u003C\/div\u003E\n    \u003C\/a\u003E\n\u003C\/div\u003E\n                            \u003C\/div\u003E\n        \u003C\/div\u003E\n                \u003Cdiv class=\u0022list-posts-container\u0022\u003E\n            \u003Cdiv class=\u0022posts row\u0022\u003E\n                                    \u003Cdiv class=\u0022post-list-item post-list-item-medium col col-6\u0022\u003E\n    \u003Ca href=\u0022\/2025\/12\/06\/miss-france-2026-analyse-logement-regne\/\u0022\u003E\n                    \u003Cdiv class=\u0022post-cover\u0022 style=\u0022background-image:url(\u0027https:\/\/sobusygirls.fr\/media\/cache\/w280\/uploads\/post\/large\/502fec9503e01d39fdcb79590446d678ec918b70.jpeg\u0027)\u0022\u003E\u003C\/div\u003E\n                \u003Cdiv class=\u0022post-bottom\u0022\u003E\n            \u003Cspan class=\u0022post-category\u0022\u003ELifestyle\u003C\/span\u003E\n            \u003Cspan class=\u0022post-title\u0022\u003EMiss France\u0026nbsp;: voici le prix du logement offert \u00e0 la gagnante\u003C\/span\u003E\n            \u003Cspan class=\u0022post-chapo\u0022\u003EPourquoi le logement offert \u00e0 Miss France 2026 est bien plus qu\u2019un simple appartement : analyse et enjeux d\u2019un lieu cl\u00e9 du r\u00e8gne.\u003C\/span\u003E\n            \u003Cspan class=\u0022post-author\u0022\u003ELaura\u003C\/span\u003E\n            \u003Cspan class=\u0022post-date\u0022\u003E12 d\u00e9c. 2025\u003C\/span\u003E\n        \u003C\/div\u003E\n    \u003C\/a\u003E\n\u003C\/div\u003E\n                                    \u003Cdiv class=\u0022post-list-item post-list-item-medium col col-6\u0022\u003E\n    \u003Ca href=\u0022\/2025\/12\/12\/noto-et-kobold-quand-laspirateur-multifonction-simplifie-vraiment-lentretien-de-la-maison\/\u0022\u003E\n                    \u003Cdiv class=\u0022post-cover\u0022 style=\u0022background-image:url(\u0027https:\/\/sobusygirls.fr\/media\/cache\/w280\/uploads\/post\/large\/6b81235e5138d27f0f9993f69464569a99aba7db.jpeg\u0027)\u0022\u003E\u003C\/div\u003E\n                \u003Cdiv class=\u0022post-bottom\u0022\u003E\n            \u003Cspan class=\u0022post-category\u0022\u003ELifestyle\u003C\/span\u003E\n            \u003Cspan class=\u0022post-title\u0022\u003ENoto et Kobold\u0026nbsp;: quand l\u2019aspirateur multifonction simplifie vraiment l\u2019entretien de la maison\u003C\/span\u003E\n            \u003Cspan class=\u0022post-chapo\u0022\u003EDans un quotidien qui va toujours plus vite, la maison est devenue un refuge. On y cherche du calme, de la fluidit\u0026eacute;, et surtout des solutions simples pou...\u003C\/span\u003E\n            \u003Cspan class=\u0022post-author\u0022\u003ECl\u00e9mence\u003C\/span\u003E\n            \u003Cspan class=\u0022post-date\u0022\u003E12 d\u00e9c. 2025\u003C\/span\u003E\n        \u003C\/div\u003E\n    \u003C\/a\u003E\n\u003C\/div\u003E\n                                    \u003Cdiv class=\u0022post-list-item post-list-item-medium col col-6\u0022\u003E\n    \u003Ca href=\u0022\/2025\/12\/11\/voyager-plus-sereinement-ces-petits-details-qui-changent-vraiment-tout\/\u0022\u003E\n                    \u003Cdiv class=\u0022post-cover\u0022 style=\u0022background-image:url(\u0027https:\/\/sobusygirls.fr\/media\/cache\/w280\/uploads\/post\/large\/dbe4ce43610cfb86570e94036d88f095b963777c.jpeg\u0027)\u0022\u003E\u003C\/div\u003E\n                \u003Cdiv class=\u0022post-bottom\u0022\u003E\n            \u003Cspan class=\u0022post-category\u0022\u003ELifestyle\u003C\/span\u003E\n            \u003Cspan class=\u0022post-title\u0022\u003EVoyager plus sereinement\u0026nbsp;: ces petits d\u00e9tails qui changent vraiment tout\u003C\/span\u003E\n            \u003Cspan class=\u0022post-chapo\u0022\u003EUn d\u0026eacute;part en voyage, \u0026ccedil;a peut \u0026ecirc;tre aussi excitant que stressant. Et oui, entre les billets, les r\u0026eacute;servations, les documents, \u0026hellip;...\u003C\/span\u003E\n            \u003Cspan class=\u0022post-author\u0022\u003EMyl\u00e8ne\u003C\/span\u003E\n            \u003Cspan class=\u0022post-date\u0022\u003E11 d\u00e9c. 2025\u003C\/span\u003E\n        \u003C\/div\u003E\n    \u003C\/a\u003E\n\u003C\/div\u003E\n                                    \u003Cdiv class=\u0022post-list-item post-list-item-medium col col-6\u0022\u003E\n    \u003Ca href=\u0022\/2025\/12\/10\/deco-revolutionnez-votre-interieur-en-un-week-end-avec-le-papier-peint-tendance\/\u0022\u003E\n                    \u003Cdiv class=\u0022post-cover\u0022 style=\u0022background-image:url(\u0027https:\/\/sobusygirls.fr\/media\/cache\/w280\/uploads\/post\/large\/3b078a94e5d81b5a7d6bd89ce0292783c6f2eb3a.jpeg\u0027)\u0022\u003E\u003C\/div\u003E\n                \u003Cdiv class=\u0022post-bottom\u0022\u003E\n            \u003Cspan class=\u0022post-category\u0022\u003ELifestyle\u003C\/span\u003E\n            \u003Cspan class=\u0022post-title\u0022\u003ED\u00e9co\u0026nbsp;: R\u00e9volutionnez votre int\u00e9rieur en un week-end avec le papier peint tendance\u0026nbsp;!\u003C\/span\u003E\n            \u003Cspan class=\u0022post-chapo\u0022\u003EVous regardez votre salon, votre chambre ou m\u0026ecirc;me votre bureau et une seule pens\u0026eacute;e vous traverse l\u0027esprit : \u0026laquo; J\u0027ai envie de changement ! \u0026raqu...\u003C\/span\u003E\n            \u003Cspan class=\u0022post-author\u0022\u003ELaura\u003C\/span\u003E\n            \u003Cspan class=\u0022post-date\u0022\u003E10 d\u00e9c. 2025\u003C\/span\u003E\n        \u003C\/div\u003E\n    \u003C\/a\u003E\n\u003C\/div\u003E\n                            \u003C\/div\u003E\n        \u003C\/div\u003E\n                \u003Cdiv class=\u0022list-posts-container\u0022\u003E\n            \u003Cdiv class=\u0022posts row\u0022\u003E\n                                    \u003Cdiv class=\u0022row post-list-item post-list-item-large post-list-item-large-bordered post-list-item-large-inverted\u0022\u003E\n    \u003Ca href=\u0022\/2025\/11\/06\/jessica-thivenin-thibault-garcia-maison-dubai-prix-vente-exorbitant\/\u0022\u003E\n                                    \u003Cdiv class=\u0022col col-6\u0022\u003E\n                    \u003Cimg src=\u0022https:\/\/sobusygirls.fr\/media\/cache\/w280\/uploads\/post\/square\/eee283efa244d9bd379525c3db214728705a9029.jpeg\u0022 class=\u0022post-cover\u0022 alt=\u0022Jessica Thivenin et Thibault Garcia : le prix fou de leur villa de Duba\u00ef d\u00e9voil\u00e9\u0022\/\u003E\n                \u003C\/div\u003E\n                            \u003Cdiv class=\u0022col col-6 post-bottom\u0022\u003E\n            \u003Cspan class=\u0022post-category\u0022\u003ELifestyle\u003C\/span\u003E\n            \u003Cspan class=\u0022post-title\u0022\u003EJessica Thivenin et Thibault Garcia\u0026nbsp;: le prix fou de leur villa de Duba\u00ef d\u00e9voil\u00e9\u003C\/span\u003E\n            \u003Cspan class=\u0022post-date\u0022\u003E08 d\u00e9cembre 2025 - 16 : 32\u003C\/span\u003E\n            \u003Cspan class=\u0022post-author\u0022\u003EMyl\u00e8ne\u003C\/span\u003E\n        \u003C\/div\u003E\n            \u003C\/a\u003E\n\u003C\/div\u003E\n                            \u003C\/div\u003E\n        \u003C\/div\u003E\n                \u003Cdiv class=\u0022list-posts-container\u0022\u003E\n            \u003Cdiv class=\u0022posts row\u0022\u003E\n                                    \u003Cdiv class=\u0022post-list-item post-list-item-small col col-4\u0022\u003E\n    \u003Ca href=\u0022\/2025\/12\/06\/miss-france-2026-ou-va-vivre-la-gagnante-pendant-son-regne\/\u0022\u003E\n                    \u003Cdiv class=\u0022post-cover\u0022 style=\u0022background-image:url(\u0027https:\/\/sobusygirls.fr\/media\/cache\/w190\/uploads\/post\/large\/3d4352d9f709abe40e760c9c3502e12b4d2e1c9d.jpeg\u0027)\u0022\u003E\u003C\/div\u003E\n            \u003Cdiv class=\u0022post-cover-alt\u0022 style=\u0022background-image: url(\u0027https:\/\/sobusygirls.fr\/media\/cache\/w330\/uploads\/post\/square\/3d4352d9f709abe40e760c9c3502e12b4d2e1c9d.jpeg\u0027)\u0022\u003E\u003C\/div\u003E\n                \u003Cdiv class=\u0022post-bottom\u0022\u003E\n            \u003Cspan class=\u0022post-category\u0022\u003ELifestyle\u003C\/span\u003E\n            \u003Cspan class=\u0022post-title\u0022\u003EMiss France 2026\u0026nbsp;: voil\u00e0 o\u00f9 va vivre la gagnante pendant son r\u00e8gne\u003C\/span\u003E\n            \u003Cspan class=\u0022post-author\u0022\u003EMyl\u00e8ne\u003C\/span\u003E\n            \u003Cspan class=\u0022post-date\u0022\u003E07 d\u00e9c. 2025\u003C\/span\u003E\n        \u003C\/div\u003E\n    \u003C\/a\u003E\n\u003C\/div\u003E\n                                    \u003Cdiv class=\u0022post-list-item post-list-item-small col col-4\u0022\u003E\n    \u003Ca href=\u0022\/2025\/11\/24\/laeticia-hallyday-le-montant-impressionnant-pour-sejourner-dans-sa-villa-de-reve-a-saint-barth\/\u0022\u003E\n                    \u003Cdiv class=\u0022post-cover\u0022 style=\u0022background-image:url(\u0027https:\/\/sobusygirls.fr\/media\/cache\/w190\/uploads\/post\/large\/dbb36b32c83e1e985cac117ffc023c62949e4dd9.jpeg\u0027)\u0022\u003E\u003C\/div\u003E\n            \u003Cdiv class=\u0022post-cover-alt\u0022 style=\u0022background-image: url(\u0027https:\/\/sobusygirls.fr\/media\/cache\/w330\/uploads\/post\/square\/dbb36b32c83e1e985cac117ffc023c62949e4dd9.jpeg\u0027)\u0022\u003E\u003C\/div\u003E\n                \u003Cdiv class=\u0022post-bottom\u0022\u003E\n            \u003Cspan class=\u0022post-category\u0022\u003ELifestyle\u003C\/span\u003E\n            \u003Cspan class=\u0022post-title\u0022\u003ELaeticia Hallyday\u0026nbsp;: le montant impressionnant pour s\u00e9journer dans sa villa de r\u00eave \u00e0 Saint...\u003C\/span\u003E\n            \u003Cspan class=\u0022post-author\u0022\u003ECl\u00e9mence\u003C\/span\u003E\n            \u003Cspan class=\u0022post-date\u0022\u003E06 d\u00e9c. 2025\u003C\/span\u003E\n        \u003C\/div\u003E\n    \u003C\/a\u003E\n\u003C\/div\u003E\n                                    \u003Cdiv class=\u0022post-list-item post-list-item-small col col-4\u0022\u003E\n    \u003Ca href=\u0022\/2025\/11\/07\/jessica-thivenin-thibault-garcia-maison-dubai-vente-20-millions-euros\/\u0022\u003E\n                    \u003Cdiv class=\u0022post-cover\u0022 style=\u0022background-image:url(\u0027https:\/\/sobusygirls.fr\/media\/cache\/w190\/uploads\/post\/large\/626e4bb959a6a10a8bbccf27e775b78bef23c34b.jpeg\u0027)\u0022\u003E\u003C\/div\u003E\n            \u003Cdiv class=\u0022post-cover-alt\u0022 style=\u0022background-image: url(\u0027https:\/\/sobusygirls.fr\/media\/cache\/w330\/uploads\/post\/square\/626e4bb959a6a10a8bbccf27e775b78bef23c34b.jpeg\u0027)\u0022\u003E\u003C\/div\u003E\n                \u003Cdiv class=\u0022post-bottom\u0022\u003E\n            \u003Cspan class=\u0022post-category\u0022\u003ELifestyle\u003C\/span\u003E\n            \u003Cspan class=\u0022post-title\u0022\u003EJessica Thivenin et Thibault Garcia\u0026nbsp;: les photos incroyables de leur luxueuse villa \u00e0 20 m...\u003C\/span\u003E\n            \u003Cspan class=\u0022post-author\u0022\u003EMyl\u00e8ne\u003C\/span\u003E\n            \u003Cspan class=\u0022post-date\u0022\u003E05 d\u00e9c. 2025\u003C\/span\u003E\n        \u003C\/div\u003E\n    \u003C\/a\u003E\n\u003C\/div\u003E\n                                    \u003Cdiv class=\u0022post-list-item post-list-item-small col col-4\u0022\u003E\n    \u003Ca href=\u0022\/2025\/11\/19\/couper-chauffage-pieces-inutilisees-contre-productif-pourquoi-erreur-cout-energie\/\u0022\u003E\n                    \u003Cdiv class=\u0022post-cover\u0022 style=\u0022background-image:url(\u0027https:\/\/sobusygirls.fr\/media\/cache\/w190\/uploads\/post\/large\/b829d30240609f08b6c30f88f3070e6c9df34196.jpeg\u0027)\u0022\u003E\u003C\/div\u003E\n            \u003Cdiv class=\u0022post-cover-alt\u0022 style=\u0022background-image: url(\u0027https:\/\/sobusygirls.fr\/media\/cache\/w330\/uploads\/post\/square\/b829d30240609f08b6c30f88f3070e6c9df34196.jpeg\u0027)\u0022\u003E\u003C\/div\u003E\n                \u003Cdiv class=\u0022post-bottom\u0022\u003E\n            \u003Cspan class=\u0022post-category\u0022\u003ELifestyle\u003C\/span\u003E\n            \u003Cspan class=\u0022post-title\u0022\u003EL\u2019erreur que tout le monde fait en hiver pour \u00e9conomiser\u2026 et qui co\u00fbte en r\u00e9alit\u00e9 beaucoup...\u003C\/span\u003E\n            \u003Cspan class=\u0022post-author\u0022\u003EMyl\u00e8ne\u003C\/span\u003E\n            \u003Cspan class=\u0022post-date\u0022\u003E05 d\u00e9c. 2025\u003C\/span\u003E\n        \u003C\/div\u003E\n    \u003C\/a\u003E\n\u003C\/div\u003E\n                                    \u003Cdiv class=\u0022post-list-item post-list-item-small col col-4\u0022\u003E\n    \u003Ca href=\u0022\/2025\/11\/19\/vague-froid-gestes-eviter-augmenter-facture-electricite\/\u0022\u003E\n                    \u003Cdiv class=\u0022post-cover\u0022 style=\u0022background-image:url(\u0027https:\/\/sobusygirls.fr\/media\/cache\/w190\/uploads\/post\/large\/bf5fe9d6cf5e22d90a005683f57418afd44aa3d0.jpeg\u0027)\u0022\u003E\u003C\/div\u003E\n            \u003Cdiv class=\u0022post-cover-alt\u0022 style=\u0022background-image: url(\u0027https:\/\/sobusygirls.fr\/media\/cache\/w330\/uploads\/post\/square\/bf5fe9d6cf5e22d90a005683f57418afd44aa3d0.jpeg\u0027)\u0022\u003E\u003C\/div\u003E\n                \u003Cdiv class=\u0022post-bottom\u0022\u003E\n            \u003Cspan class=\u0022post-category\u0022\u003ELifestyle\u003C\/span\u003E\n            \u003Cspan class=\u0022post-title\u0022\u003EVague de froid\u0026nbsp;: comment garder votre maison au chaud sans payer plus\u003C\/span\u003E\n            \u003Cspan class=\u0022post-author\u0022\u003EMyl\u00e8ne\u003C\/span\u003E\n            \u003Cspan class=\u0022post-date\u0022\u003E05 d\u00e9c. 2025\u003C\/span\u003E\n        \u003C\/div\u003E\n    \u003C\/a\u003E\n\u003C\/div\u003E\n                                    \u003Cdiv class=\u0022post-list-item post-list-item-small col col-4\u0022\u003E\n    \u003Ca href=\u0022\/2025\/11\/23\/laeticia-hallyday-le-prix-fou-pour-louer-sa-sublime-villa-jade-a-saint-barth-devoile\/\u0022\u003E\n                    \u003Cdiv class=\u0022post-cover\u0022 style=\u0022background-image:url(\u0027https:\/\/sobusygirls.fr\/media\/cache\/w190\/uploads\/post\/large\/6096d294803d40b645c28c5b32c08a0b434fdb59.jpeg\u0027)\u0022\u003E\u003C\/div\u003E\n            \u003Cdiv class=\u0022post-cover-alt\u0022 style=\u0022background-image: url(\u0027https:\/\/sobusygirls.fr\/media\/cache\/w330\/uploads\/post\/square\/6096d294803d40b645c28c5b32c08a0b434fdb59.jpeg\u0027)\u0022\u003E\u003C\/div\u003E\n                \u003Cdiv class=\u0022post-bottom\u0022\u003E\n            \u003Cspan class=\u0022post-category\u0022\u003ELifestyle\u003C\/span\u003E\n            \u003Cspan class=\u0022post-title\u0022\u003ELaeticia Hallyday\u0026nbsp;: le prix fou pour louer sa sublime villa Jade \u00e0 Saint-Barth d\u00e9voil\u00e9\u003C\/span\u003E\n            \u003Cspan class=\u0022post-author\u0022\u003EMyl\u00e8ne\u003C\/span\u003E\n            \u003Cspan class=\u0022post-date\u0022\u003E05 d\u00e9c. 2025\u003C\/span\u003E\n        \u003C\/div\u003E\n    \u003C\/a\u003E\n\u003C\/div\u003E\n                            \u003C\/div\u003E\n        \u003C\/div\u003E\n    \n            \u003Cdiv class=\u0022posts-load-more-container\u0022\u003E\n            \u003Ca href=\u0022\/ajax\/category\/posts?slug=lifestyle\u0026amp;pp=1764915840\u0026amp;pc=1763934110\u0022 id=\u0022posts-load-more\u0022 class=\u0022posts-load-more\u0022\u003ECharger plus d\u0026#039;articles\u003C\/a\u003E\n        \u003C\/div\u003E\n    \u003C\/div\u003E\n","top_category_title":"Lifestyle","sub_category_title":null}