{"content":"\n\u003Cdiv class=\u0022ajax-loaded\u0022\u003E\n\n    \n            \u003Cdiv class=\u0022list-posts-container\u0022\u003E\n            \u003Cdiv class=\u0022posts row\u0022\u003E\n                                    \u003Cdiv class=\u0022post-list-item post-list-item-small col col-4\u0022\u003E\n    \u003Ca href=\u0022\/2020\/11\/20\/comment-manger-du-chocolat-conseils\/\u0022\u003E\n                    \u003Cdiv class=\u0022post-cover\u0022 style=\u0022background-image:url(\u0027https:\/\/sobusygirls.fr\/media\/cache\/w190\/uploads\/post\/large\/763a3c274721f78c366324d85623dc132157fd85.jpeg\u0027)\u0022\u003E\u003C\/div\u003E\n            \u003Cdiv class=\u0022post-cover-alt\u0022 style=\u0022background-image: url(\u0027https:\/\/sobusygirls.fr\/media\/cache\/w330\/uploads\/post\/square\/763a3c274721f78c366324d85623dc132157fd85.jpeg\u0027)\u0022\u003E\u003C\/div\u003E\n                \u003Cdiv class=\u0022post-bottom\u0022\u003E\n            \u003Cspan class=\u0022post-category\u0022\u003EFood\u003C\/span\u003E\n            \u003Cspan class=\u0022post-title\u0022\u003EVous ne le saviez pas, mais vous mangez le chocolat de la mauvaise mani\u00e8re\u003C\/span\u003E\n            \u003Cspan class=\u0022post-author\u0022\u003EMyl\u00e8ne\u003C\/span\u003E\n            \u003Cspan class=\u0022post-date\u0022\u003E05 avr. 2026\u003C\/span\u003E\n        \u003C\/div\u003E\n    \u003C\/a\u003E\n\u003C\/div\u003E\n                                    \u003Cdiv class=\u0022post-list-item post-list-item-small col col-4\u0022\u003E\n    \u003Ca href=\u0022\/2016\/10\/09\/manger-du-gateau-au-chocolat-au-petit-dejeuner-avantages\/\u0022\u003E\n                    \u003Cdiv class=\u0022post-cover\u0022 style=\u0022background-image:url(\u0027https:\/\/sobusygirls.fr\/media\/cache\/w190\/uploads\/post\/large\/446157e3ec8a3c14179561956e038bed0fbad91e.jpeg\u0027)\u0022\u003E\u003C\/div\u003E\n            \u003Cdiv class=\u0022post-cover-alt\u0022 style=\u0022background-image: url(\u0027https:\/\/sobusygirls.fr\/media\/cache\/w330\/uploads\/post\/square\/446157e3ec8a3c14179561956e038bed0fbad91e.jpeg\u0027)\u0022\u003E\u003C\/div\u003E\n                \u003Cdiv class=\u0022post-bottom\u0022\u003E\n            \u003Cspan class=\u0022post-category\u0022\u003EFood\u003C\/span\u003E\n            \u003Cspan class=\u0022post-title\u0022\u003EManger du g\u00e2teau au chocolat au petit d\u00e9jeuner est bon pour votre cerveau et votre ligne\u003C\/span\u003E\n            \u003Cspan class=\u0022post-author\u0022\u003ECl\u00e9mence\u003C\/span\u003E\n            \u003Cspan class=\u0022post-date\u0022\u003E05 avr. 2026\u003C\/span\u003E\n        \u003C\/div\u003E\n    \u003C\/a\u003E\n\u003C\/div\u003E\n                                    \u003Cdiv class=\u0022post-list-item post-list-item-small col col-4\u0022\u003E\n    \u003Ca href=\u0022\/2018\/08\/13\/peut-on-maigrir-en-mangeant-du-chocolat-regime-1\/\u0022\u003E\n                    \u003Cdiv class=\u0022post-cover\u0022 style=\u0022background-image:url(\u0027https:\/\/sobusygirls.fr\/media\/cache\/w190\/uploads\/post\/large\/a53c9ef58342600d497bf81d6f198ec1d93a6677.jpeg\u0027)\u0022\u003E\u003C\/div\u003E\n            \u003Cdiv class=\u0022post-cover-alt\u0022 style=\u0022background-image: url(\u0027https:\/\/sobusygirls.fr\/media\/cache\/w330\/uploads\/post\/square\/a53c9ef58342600d497bf81d6f198ec1d93a6677.jpeg\u0027)\u0022\u003E\u003C\/div\u003E\n                \u003Cdiv class=\u0022post-bottom\u0022\u003E\n            \u003Cspan class=\u0022post-category\u0022\u003EFood\u003C\/span\u003E\n            \u003Cspan class=\u0022post-title\u0022\u003EPeut-on maigrir en mangeant du chocolat\u0026nbsp;?\u003C\/span\u003E\n            \u003Cspan class=\u0022post-author\u0022\u003EMyl\u00e8ne\u003C\/span\u003E\n            \u003Cspan class=\u0022post-date\u0022\u003E05 avr. 2026\u003C\/span\u003E\n        \u003C\/div\u003E\n    \u003C\/a\u003E\n\u003C\/div\u003E\n                                    \u003Cdiv class=\u0022post-list-item post-list-item-small col col-4\u0022\u003E\n    \u003Ca href=\u0022\/2018\/11\/13\/bonnes-raisons-de-manger-du-chocolat-noir\/\u0022\u003E\n                    \u003Cdiv class=\u0022post-cover\u0022 style=\u0022background-image:url(\u0027https:\/\/sobusygirls.fr\/media\/cache\/w190\/uploads\/post\/large\/430d9120ad2c3fc48cfbf81bb871f5117d91a05b.jpeg\u0027)\u0022\u003E\u003C\/div\u003E\n            \u003Cdiv class=\u0022post-cover-alt\u0022 style=\u0022background-image: url(\u0027https:\/\/sobusygirls.fr\/media\/cache\/w330\/uploads\/post\/square\/430d9120ad2c3fc48cfbf81bb871f5117d91a05b.jpeg\u0027)\u0022\u003E\u003C\/div\u003E\n                \u003Cdiv class=\u0022post-bottom\u0022\u003E\n            \u003Cspan class=\u0022post-category\u0022\u003EFood\u003C\/span\u003E\n            \u003Cspan class=\u0022post-title\u0022\u003E5 bonnes raisons de manger du chocolat noir\u003C\/span\u003E\n            \u003Cspan class=\u0022post-author\u0022\u003EMyl\u00e8ne\u003C\/span\u003E\n            \u003Cspan class=\u0022post-date\u0022\u003E05 avr. 2026\u003C\/span\u003E\n        \u003C\/div\u003E\n    \u003C\/a\u003E\n\u003C\/div\u003E\n                                    \u003Cdiv class=\u0022post-list-item post-list-item-small col col-4\u0022\u003E\n    \u003Ca href=\u0022\/2019\/05\/17\/signes-quon-aime-le-chocolat\/\u0022\u003E\n                    \u003Cdiv class=\u0022post-cover\u0022 style=\u0022background-image:url(\u0027https:\/\/sobusygirls.fr\/media\/cache\/w190\/uploads\/post\/large\/6dce6cb7d0e1d17f190d6b5621fb69ffa5fe5e4f.jpeg\u0027)\u0022\u003E\u003C\/div\u003E\n            \u003Cdiv class=\u0022post-cover-alt\u0022 style=\u0022background-image: url(\u0027https:\/\/sobusygirls.fr\/media\/cache\/w330\/uploads\/post\/square\/6dce6cb7d0e1d17f190d6b5621fb69ffa5fe5e4f.jpeg\u0027)\u0022\u003E\u003C\/div\u003E\n                \u003Cdiv class=\u0022post-bottom\u0022\u003E\n            \u003Cspan class=\u0022post-category\u0022\u003EFood\u003C\/span\u003E\n            \u003Cspan class=\u0022post-title\u0022\u003E10 signes que vous \u00eates compl\u00e8tement accro au chocolat (et pourquoi c\u0027est pas grave, au co...\u003C\/span\u003E\n            \u003Cspan class=\u0022post-author\u0022\u003ECl\u00e9mence\u003C\/span\u003E\n            \u003Cspan class=\u0022post-date\u0022\u003E05 avr. 2026\u003C\/span\u003E\n        \u003C\/div\u003E\n    \u003C\/a\u003E\n\u003C\/div\u003E\n                                    \u003Cdiv class=\u0022post-list-item post-list-item-small col col-4\u0022\u003E\n    \u003Ca href=\u0022\/2018\/11\/05\/pourquoi-jai-envie-de-manger-du-chocolat-quand-je-suis-triste-ou-de-mauvaise-humeur\/\u0022\u003E\n                    \u003Cdiv class=\u0022post-cover\u0022 style=\u0022background-image:url(\u0027https:\/\/sobusygirls.fr\/media\/cache\/w190\/uploads\/post\/large\/28aa8426dbcf9f460a33a78b44a652b4ac485176.jpeg\u0027)\u0022\u003E\u003C\/div\u003E\n            \u003Cdiv class=\u0022post-cover-alt\u0022 style=\u0022background-image: url(\u0027https:\/\/sobusygirls.fr\/media\/cache\/w330\/uploads\/post\/square\/28aa8426dbcf9f460a33a78b44a652b4ac485176.jpeg\u0027)\u0022\u003E\u003C\/div\u003E\n                \u003Cdiv class=\u0022post-bottom\u0022\u003E\n            \u003Cspan class=\u0022post-category\u0022\u003EFood\u003C\/span\u003E\n            \u003Cspan class=\u0022post-title\u0022\u003EVoil\u00e0 pourquoi vous avez envie de manger du chocolat quand vous \u00eates triste ou de mauvaise...\u003C\/span\u003E\n            \u003Cspan class=\u0022post-author\u0022\u003EMyl\u00e8ne\u003C\/span\u003E\n            \u003Cspan class=\u0022post-date\u0022\u003E05 avr. 2026\u003C\/span\u003E\n        \u003C\/div\u003E\n    \u003C\/a\u003E\n\u003C\/div\u003E\n                            \u003C\/div\u003E\n        \u003C\/div\u003E\n                \u003Cdiv class=\u0022list-posts-container\u0022\u003E\n            \u003Cdiv class=\u0022posts row\u0022\u003E\n                                    \u003Cdiv class=\u0022post-list-item post-list-item-medium col col-6\u0022\u003E\n    \u003Ca href=\u0022\/2020\/12\/02\/manger-du-chocolat-rend-intelligent-vrai-ou-faux\/\u0022\u003E\n                    \u003Cdiv class=\u0022post-cover\u0022 style=\u0022background-image:url(\u0027https:\/\/sobusygirls.fr\/media\/cache\/w280\/uploads\/post\/large\/a75f292ec5d9e36e096e783037198131eff61c41.jpeg\u0027)\u0022\u003E\u003C\/div\u003E\n                \u003Cdiv class=\u0022post-bottom\u0022\u003E\n            \u003Cspan class=\u0022post-category\u0022\u003EFood\u003C\/span\u003E\n            \u003Cspan class=\u0022post-title\u0022\u003EC\u0027est d\u00e9sormais prouv\u00e9\u0026nbsp;: le chocolat rendrait plus intelligent\u0026nbsp;!\u003C\/span\u003E\n            \u003Cspan class=\u0022post-chapo\u0022\u003ELe chocolat est votre meilleur alli\u0026eacute; anti-d\u0026eacute;prime mais aussi votre p\u0026eacute;ch\u0026eacute; mignon ? Voil\u0026agrave; une excellente raison d\u0027en glisser so...\u003C\/span\u003E\n            \u003Cspan class=\u0022post-author\u0022\u003EMyl\u00e8ne\u003C\/span\u003E\n            \u003Cspan class=\u0022post-date\u0022\u003E05 avr. 2026\u003C\/span\u003E\n        \u003C\/div\u003E\n    \u003C\/a\u003E\n\u003C\/div\u003E\n                                    \u003Cdiv class=\u0022post-list-item post-list-item-medium col col-6\u0022\u003E\n    \u003Ca href=\u0022\/2018\/12\/28\/chocolat-noir-moins-stresse\/\u0022\u003E\n                    \u003Cdiv class=\u0022post-cover\u0022 style=\u0022background-image:url(\u0027https:\/\/sobusygirls.fr\/media\/cache\/w280\/uploads\/post\/large\/76be1a51050edc73b5a2e8d61807256fa858e6c1.jpeg\u0027)\u0022\u003E\u003C\/div\u003E\n                \u003Cdiv class=\u0022post-bottom\u0022\u003E\n            \u003Cspan class=\u0022post-category\u0022\u003EFood\u003C\/span\u003E\n            \u003Cspan class=\u0022post-title\u0022\u003EPourquoi manger du chocolat noir peut vous aider \u00e0 \u00eatre plus d\u00e9tendu\u003C\/span\u003E\n            \u003Cspan class=\u0022post-chapo\u0022\u003ENous sommes nombreux \u0026agrave; ne pas avoir besoin de bonnes raisons pour\u0026nbsp;nous faire plaisir en mangeant r\u0026eacute;guli\u0026egrave;rement du chocolat. Mais si vo...\u003C\/span\u003E\n            \u003Cspan class=\u0022post-author\u0022\u003EMyl\u00e8ne\u003C\/span\u003E\n            \u003Cspan class=\u0022post-date\u0022\u003E05 avr. 2026\u003C\/span\u003E\n        \u003C\/div\u003E\n    \u003C\/a\u003E\n\u003C\/div\u003E\n                                    \u003Cdiv class=\u0022post-list-item post-list-item-medium col col-6\u0022\u003E\n    \u003Ca href=\u0022\/2024\/04\/11\/manger-du-chocolat-est-bon-pour-la-peau-bienfaits\/\u0022\u003E\n                    \u003Cdiv class=\u0022post-cover\u0022 style=\u0022background-image:url(\u0027https:\/\/sobusygirls.fr\/media\/cache\/w280\/uploads\/post\/large\/a44605aaf5e49492398f2bbbfab973e975f135d1.jpeg\u0027)\u0022\u003E\u003C\/div\u003E\n                \u003Cdiv class=\u0022post-bottom\u0022\u003E\n            \u003Cspan class=\u0022post-category\u0022\u003EFood\u003C\/span\u003E\n            \u003Cspan class=\u0022post-title\u0022\u003E4 bienfaits insoup\u00e7onn\u00e9s du chocolat sur la peau\u003C\/span\u003E\n            \u003Cspan class=\u0022post-chapo\u0022\u003EVous ne vous en doutez s\u0026ucirc;rement pas, mais le chocolat, ce d\u0026eacute;lice si appr\u0026eacute;ci\u0026eacute; des gourmands, pourrait bien \u0026ecirc;tre \u0026eacute;galement...\u003C\/span\u003E\n            \u003Cspan class=\u0022post-author\u0022\u003EMyl\u00e8ne\u003C\/span\u003E\n            \u003Cspan class=\u0022post-date\u0022\u003E05 avr. 2026\u003C\/span\u003E\n        \u003C\/div\u003E\n    \u003C\/a\u003E\n\u003C\/div\u003E\n                                    \u003Cdiv class=\u0022post-list-item post-list-item-medium col col-6\u0022\u003E\n    \u003Ca href=\u0022\/2024\/03\/29\/recettes-faciles-a-base-de-chocolat-pour-un-brunch-de-paques-gourmand\/\u0022\u003E\n                    \u003Cdiv class=\u0022post-cover\u0022 style=\u0022background-image:url(\u0027https:\/\/sobusygirls.fr\/media\/cache\/w280\/uploads\/post\/large\/aa01cc1fc0a5b9c3d637a131600e36e5ccbb4c9a.jpeg\u0027)\u0022\u003E\u003C\/div\u003E\n                \u003Cdiv class=\u0022post-bottom\u0022\u003E\n            \u003Cspan class=\u0022post-category\u0022\u003EFood\u003C\/span\u003E\n            \u003Cspan class=\u0022post-title\u0022\u003E3 recettes \u00e0 base de chocolat pour un brunch de P\u00e2ques gourmand\u003C\/span\u003E\n            \u003Cspan class=\u0022post-chapo\u0022\u003EP\u0026acirc;ques est synonyme de renouveau, de printemps et bien s\u0026ucirc;r, de chocolat ! Et quoi de mieux pour c\u0026eacute;l\u0026eacute;brer cette joyeuse occasion qu\u0027ave...\u003C\/span\u003E\n            \u003Cspan class=\u0022post-author\u0022\u003ECl\u00e9mence\u003C\/span\u003E\n            \u003Cspan class=\u0022post-date\u0022\u003E05 avr. 2026\u003C\/span\u003E\n        \u003C\/div\u003E\n    \u003C\/a\u003E\n\u003C\/div\u003E\n                            \u003C\/div\u003E\n        \u003C\/div\u003E\n                \u003Cdiv class=\u0022list-posts-container\u0022\u003E\n            \u003Cdiv class=\u0022posts row\u0022\u003E\n                                    \u003Cdiv class=\u0022row post-list-item post-list-item-large post-list-item-large-bordered post-list-item-large-inverted\u0022\u003E\n    \u003Ca href=\u0022\/2024\/03\/29\/traditions-et-coutumes-insolites-de-paques-dans-le-monde\/\u0022\u003E\n                                    \u003Cdiv class=\u0022col col-6\u0022\u003E\n                    \u003Cimg src=\u0022https:\/\/sobusygirls.fr\/media\/cache\/w280\/uploads\/post\/square\/0e29fde70a06fa5a486bdf2ad9600ee761c397ac.jpeg\u0022 class=\u0022post-cover\u0022 alt=\u00225 traditions et coutumes insolites de P\u00e2ques \u00e0 travers le monde\u0022\/\u003E\n                \u003C\/div\u003E\n                            \u003Cdiv class=\u0022col col-6 post-bottom\u0022\u003E\n            \u003Cspan class=\u0022post-category\u0022\u003EFood\u003C\/span\u003E\n            \u003Cspan class=\u0022post-title\u0022\u003E5 traditions et coutumes insolites de P\u00e2ques \u00e0 travers le monde\u003C\/span\u003E\n            \u003Cspan class=\u0022post-date\u0022\u003E05 avril 2026 - 11 : 45\u003C\/span\u003E\n            \u003Cspan class=\u0022post-author\u0022\u003ECl\u00e9mence\u003C\/span\u003E\n        \u003C\/div\u003E\n            \u003C\/a\u003E\n\u003C\/div\u003E\n                            \u003C\/div\u003E\n        \u003C\/div\u003E\n                \u003Cdiv class=\u0022list-posts-container\u0022\u003E\n            \u003Cdiv class=\u0022posts row\u0022\u003E\n                                    \u003Cdiv class=\u0022post-list-item post-list-item-small col col-4\u0022\u003E\n    \u003Ca href=\u0022\/2026\/04\/05\/chocolat-noir-au-lait-ou-blanc-ce-detail-dans-leur-composition-qui-change-tout-et-que-vous-ignorez-surement\/\u0022\u003E\n                    \u003Cdiv class=\u0022post-cover\u0022 style=\u0022background-image:url(\u0027https:\/\/sobusygirls.fr\/media\/cache\/w190\/uploads\/post\/large\/1939eb740e4340652c18032b75f7f7affca4d45d.jpeg\u0027)\u0022\u003E\u003C\/div\u003E\n            \u003Cdiv class=\u0022post-cover-alt\u0022 style=\u0022background-image: url(\u0027https:\/\/sobusygirls.fr\/media\/cache\/w330\/uploads\/post\/square\/1939eb740e4340652c18032b75f7f7affca4d45d.jpeg\u0027)\u0022\u003E\u003C\/div\u003E\n                \u003Cdiv class=\u0022post-bottom\u0022\u003E\n            \u003Cspan class=\u0022post-category\u0022\u003EFood\u003C\/span\u003E\n            \u003Cspan class=\u0022post-title\u0022\u003EChocolat noir, au lait ou blanc\u0026nbsp;: ce d\u00e9tail dans leur composition qui change tout (et que...\u003C\/span\u003E\n            \u003Cspan class=\u0022post-author\u0022\u003EMyl\u00e8ne\u003C\/span\u003E\n            \u003Cspan class=\u0022post-date\u0022\u003E05 avr. 2026\u003C\/span\u003E\n        \u003C\/div\u003E\n    \u003C\/a\u003E\n\u003C\/div\u003E\n                                    \u003Cdiv class=\u0022post-list-item post-list-item-small col col-4\u0022\u003E\n    \u003Ca href=\u0022\/2026\/03\/27\/et-si-votre-prochaine-soiree-a-deux-se-transformait-en-experience-inoubliable\/\u0022\u003E\n                    \u003Cdiv class=\u0022post-cover\u0022 style=\u0022background-image:url(\u0027https:\/\/sobusygirls.fr\/media\/cache\/w190\/uploads\/post\/large\/8d212221e54f6532d771752862e5ef39ee10d012.jpeg\u0027)\u0022\u003E\u003C\/div\u003E\n            \u003Cdiv class=\u0022post-cover-alt\u0022 style=\u0022background-image: url(\u0027https:\/\/sobusygirls.fr\/media\/cache\/w330\/uploads\/post\/square\/8d212221e54f6532d771752862e5ef39ee10d012.jpeg\u0027)\u0022\u003E\u003C\/div\u003E\n                \u003Cdiv class=\u0022post-bottom\u0022\u003E\n            \u003Cspan class=\u0022post-category\u0022\u003EFood\u003C\/span\u003E\n            \u003Cspan class=\u0022post-title\u0022\u003EEt si votre prochaine soir\u00e9e \u00e0 deux se transformait en exp\u00e9rience inoubliable\u0026nbsp;?\u003C\/span\u003E\n            \u003Cspan class=\u0022post-author\u0022\u003ECl\u00e9mence\u003C\/span\u003E\n            \u003Cspan class=\u0022post-date\u0022\u003E27 mars 2026\u003C\/span\u003E\n        \u003C\/div\u003E\n    \u003C\/a\u003E\n\u003C\/div\u003E\n                                    \u003Cdiv class=\u0022post-list-item post-list-item-small col col-4\u0022\u003E\n    \u003Ca href=\u0022\/2026\/03\/05\/top-chef-restaurant-panoramic-tignes-prix-menu\/\u0022\u003E\n                    \u003Cdiv class=\u0022post-cover\u0022 style=\u0022background-image:url(\u0027https:\/\/sobusygirls.fr\/media\/cache\/w190\/uploads\/post\/large\/cb97fbac8f32842ebd679382ef7e096e1273dbfb.jpeg\u0027)\u0022\u003E\u003C\/div\u003E\n            \u003Cdiv class=\u0022post-cover-alt\u0022 style=\u0022background-image: url(\u0027https:\/\/sobusygirls.fr\/media\/cache\/w330\/uploads\/post\/square\/cb97fbac8f32842ebd679382ef7e096e1273dbfb.jpeg\u0027)\u0022\u003E\u003C\/div\u003E\n                \u003Cdiv class=\u0022post-bottom\u0022\u003E\n            \u003Cspan class=\u0022post-category\u0022\u003EFood\u003C\/span\u003E\n            \u003Cspan class=\u0022post-title\u0022\u003ETop Chef\u0026nbsp;: combien co\u00fbte un repas au Panoramic \u00e0 Tignes, le restaurant d\u2019altitude spectacu...\u003C\/span\u003E\n            \u003Cspan class=\u0022post-author\u0022\u003EMyl\u00e8ne\u003C\/span\u003E\n            \u003Cspan class=\u0022post-date\u0022\u003E24 mars 2026\u003C\/span\u003E\n        \u003C\/div\u003E\n    \u003C\/a\u003E\n\u003C\/div\u003E\n                                    \u003Cdiv class=\u0022post-list-item post-list-item-small col col-4\u0022\u003E\n    \u003Ca href=\u0022\/2026\/01\/29\/brooklyn-beckham-nicola-peltz-hotel-meghan-harry-san-ysidro-ranch-prix-nuit\/\u0022\u003E\n                    \u003Cdiv class=\u0022post-cover\u0022 style=\u0022background-image:url(\u0027https:\/\/sobusygirls.fr\/media\/cache\/w190\/uploads\/post\/large\/9f02e46b6a0be0c1872acaf788cc2d8cd6fd4bf2.jpeg\u0027)\u0022\u003E\u003C\/div\u003E\n            \u003Cdiv class=\u0022post-cover-alt\u0022 style=\u0022background-image: url(\u0027https:\/\/sobusygirls.fr\/media\/cache\/w330\/uploads\/post\/square\/9f02e46b6a0be0c1872acaf788cc2d8cd6fd4bf2.jpeg\u0027)\u0022\u003E\u003C\/div\u003E\n                \u003Cdiv class=\u0022post-bottom\u0022\u003E\n            \u003Cspan class=\u0022post-category\u0022\u003EFood\u003C\/span\u003E\n            \u003Cspan class=\u0022post-title\u0022\u003EBrooklyn Beckham et Nicola Peltz s\u2019offrent une parenth\u00e8se ultra luxueuse dans l\u2019h\u00f4tel f\u00e9ti...\u003C\/span\u003E\n            \u003Cspan class=\u0022post-author\u0022\u003EMyl\u00e8ne\u003C\/span\u003E\n            \u003Cspan class=\u0022post-date\u0022\u003E12 mars 2026\u003C\/span\u003E\n        \u003C\/div\u003E\n    \u003C\/a\u003E\n\u003C\/div\u003E\n                                    \u003Cdiv class=\u0022post-list-item post-list-item-small col col-4\u0022\u003E\n    \u003Ca href=\u0022\/2026\/02\/15\/emmanuel-macron-fringales-amandes-noix-petit-dejeuner-routine-alimentaire\/\u0022\u003E\n                    \u003Cdiv class=\u0022post-cover\u0022 style=\u0022background-image:url(\u0027https:\/\/sobusygirls.fr\/media\/cache\/w190\/uploads\/post\/large\/527d6da3019ea4794913b8a17d3c85648cb55334.jpeg\u0027)\u0022\u003E\u003C\/div\u003E\n            \u003Cdiv class=\u0022post-cover-alt\u0022 style=\u0022background-image: url(\u0027https:\/\/sobusygirls.fr\/media\/cache\/w330\/uploads\/post\/square\/527d6da3019ea4794913b8a17d3c85648cb55334.jpeg\u0027)\u0022\u003E\u003C\/div\u003E\n                \u003Cdiv class=\u0022post-bottom\u0022\u003E\n            \u003Cspan class=\u0022post-category\u0022\u003EFood\u003C\/span\u003E\n            \u003Cspan class=\u0022post-title\u0022\u003EEmmanuel Macron r\u00e9v\u00e8le ce qu\u0027il mange chaque matin pour \u00e9viter les fringales\u003C\/span\u003E\n            \u003Cspan class=\u0022post-author\u0022\u003ECl\u00e9mence\u003C\/span\u003E\n            \u003Cspan class=\u0022post-date\u0022\u003E11 mars 2026\u003C\/span\u003E\n        \u003C\/div\u003E\n    \u003C\/a\u003E\n\u003C\/div\u003E\n                                    \u003Cdiv class=\u0022post-list-item post-list-item-small col col-4\u0022\u003E\n    \u003Ca href=\u0022\/2026\/02\/22\/carla-bruni-et-nicolas-sarkozy-voila-combien-coute-un-repas-au-bar-des-pres-de-cyril-lignac-ou-ils-ont-dejeune-avec-un-celebre-animateur\/\u0022\u003E\n                    \u003Cdiv class=\u0022post-cover\u0022 style=\u0022background-image:url(\u0027https:\/\/sobusygirls.fr\/media\/cache\/w190\/uploads\/post\/large\/506eb9778b87474436e6b5866e978b032e6b7dc6.jpeg\u0027)\u0022\u003E\u003C\/div\u003E\n            \u003Cdiv class=\u0022post-cover-alt\u0022 style=\u0022background-image: url(\u0027https:\/\/sobusygirls.fr\/media\/cache\/w330\/uploads\/post\/square\/506eb9778b87474436e6b5866e978b032e6b7dc6.jpeg\u0027)\u0022\u003E\u003C\/div\u003E\n                \u003Cdiv class=\u0022post-bottom\u0022\u003E\n            \u003Cspan class=\u0022post-category\u0022\u003EFood\u003C\/span\u003E\n            \u003Cspan class=\u0022post-title\u0022\u003ECarla Bruni et Nicolas Sarkozy\u0026nbsp;: voil\u00e0 combien co\u00fbte un repas au Bar des Pr\u00e9s de Cyril Lig...\u003C\/span\u003E\n            \u003Cspan class=\u0022post-author\u0022\u003ECl\u00e9mence\u003C\/span\u003E\n            \u003Cspan class=\u0022post-date\u0022\u003E10 mars 2026\u003C\/span\u003E\n        \u003C\/div\u003E\n    \u003C\/a\u003E\n\u003C\/div\u003E\n                            \u003C\/div\u003E\n        \u003C\/div\u003E\n                \u003Cdiv class=\u0022list-posts-container\u0022\u003E\n            \u003Cdiv class=\u0022posts row\u0022\u003E\n                                    \u003Cdiv class=\u0022post-list-item post-list-item-medium col col-6\u0022\u003E\n    \u003Ca href=\u0022\/2026\/02\/27\/ce-detail-que-tout-le-monde-remarque-a-lapero-et-qui-change-tout\/\u0022\u003E\n                    \u003Cdiv class=\u0022post-cover\u0022 style=\u0022background-image:url(\u0027https:\/\/sobusygirls.fr\/media\/cache\/w280\/uploads\/post\/large\/234de5e80328ca4e18068f0011d53804e2b87df0.jpeg\u0027)\u0022\u003E\u003C\/div\u003E\n                \u003Cdiv class=\u0022post-bottom\u0022\u003E\n            \u003Cspan class=\u0022post-category\u0022\u003EFood\u003C\/span\u003E\n            \u003Cspan class=\u0022post-title\u0022\u003ECe d\u00e9tail que tout le monde remarque \u00e0 l\u2019ap\u00e9ro (et qui change tout)\u003C\/span\u003E\n            \u003Cspan class=\u0022post-chapo\u0022\u003EUn cocktail peut \u0026ecirc;tre parfaitement dos\u0026eacute;, subtilement parfum\u0026eacute;, \u0026eacute;quilibr\u0026eacute; \u0026agrave; la perfection\u0026hellip; et pourtant manquer d\u0026r...\u003C\/span\u003E\n            \u003Cspan class=\u0022post-author\u0022\u003ECl\u00e9mence\u003C\/span\u003E\n            \u003Cspan class=\u0022post-date\u0022\u003E27 f\u00e9vr. 2026\u003C\/span\u003E\n        \u003C\/div\u003E\n    \u003C\/a\u003E\n\u003C\/div\u003E\n                                    \u003Cdiv class=\u0022post-list-item post-list-item-medium col col-6\u0022\u003E\n    \u003Ca href=\u0022\/2018\/03\/05\/ne-plus-boire-deau-petillante\/\u0022\u003E\n                    \u003Cdiv class=\u0022post-cover\u0022 style=\u0022background-image:url(\u0027https:\/\/sobusygirls.fr\/media\/cache\/w280\/uploads\/post\/large\/c5e9c608aa2970776172ddb4da86d68da92f5935.jpeg\u0027)\u0022\u003E\u003C\/div\u003E\n                \u003Cdiv class=\u0022post-bottom\u0022\u003E\n            \u003Cspan class=\u0022post-category\u0022\u003EFood\u003C\/span\u003E\n            \u003Cspan class=\u0022post-title\u0022\u003EJ\u0027ai arr\u00eat\u00e9 de boire de l\u0027eau gazeuse pendant une semaine, et voil\u00e0 ce que j\u0027ai retenu\u003C\/span\u003E\n            \u003Cspan class=\u0022post-chapo\u0022\u003EJe ne bois quasiment que de l\u0027eau gazeuse toute la journ\u0026eacute;e. J\u0027adore l\u0027eau p\u0026eacute;tillante et vouloir me faire boire de l\u0027eau plate, ce serait comme de...\u003C\/span\u003E\n            \u003Cspan class=\u0022post-author\u0022\u003ELaura\u003C\/span\u003E\n            \u003Cspan class=\u0022post-date\u0022\u003E25 f\u00e9vr. 2026\u003C\/span\u003E\n        \u003C\/div\u003E\n    \u003C\/a\u003E\n\u003C\/div\u003E\n                                    \u003Cdiv class=\u0022post-list-item post-list-item-medium col col-6\u0022\u003E\n    \u003Ca href=\u0022\/2026\/02\/12\/10-idees-de-desserts-au-chocolat-pour-varier-les-plaisirs-sans-se-compliquer-la-vie\/\u0022\u003E\n                    \u003Cdiv class=\u0022post-cover\u0022 style=\u0022background-image:url(\u0027https:\/\/sobusygirls.fr\/media\/cache\/w280\/uploads\/post\/large\/2914a3af19e52cabcca427188ff2f702b8f35edf.jpeg\u0027)\u0022\u003E\u003C\/div\u003E\n                \u003Cdiv class=\u0022post-bottom\u0022\u003E\n            \u003Cspan class=\u0022post-category\u0022\u003EFood\u003C\/span\u003E\n            \u003Cspan class=\u0022post-title\u0022\u003E10 id\u00e9es de desserts au chocolat pour varier les plaisirs sans se compliquer la vie\u003C\/span\u003E\n            \u003Cspan class=\u0022post-chapo\u0022\u003ES\u0026rsquo;il y a bien une gourmandise qui met tout le monde d\u0026rsquo;accord au moment du dessert, c\u0026rsquo;est le chocolat. R\u0026eacute;confortant, g\u0026eacute;n\u0026eacute;r...\u003C\/span\u003E\n            \u003Cspan class=\u0022post-author\u0022\u003EMyl\u00e8ne\u003C\/span\u003E\n            \u003Cspan class=\u0022post-date\u0022\u003E12 f\u00e9vr. 2026\u003C\/span\u003E\n        \u003C\/div\u003E\n    \u003C\/a\u003E\n\u003C\/div\u003E\n                                    \u003Cdiv class=\u0022post-list-item post-list-item-medium col col-6\u0022\u003E\n    \u003Ca href=\u0022\/2024\/03\/14\/bienfaits-du-regime-dash-comment-le-suivre\/\u0022\u003E\n                    \u003Cdiv class=\u0022post-cover\u0022 style=\u0022background-image:url(\u0027https:\/\/sobusygirls.fr\/media\/cache\/w280\/uploads\/post\/large\/4968d0ec6635eaadc2d3571431cfab2cad9befea.jpeg\u0027)\u0022\u003E\u003C\/div\u003E\n                \u003Cdiv class=\u0022post-bottom\u0022\u003E\n            \u003Cspan class=\u0022post-category\u0022\u003EFood\u003C\/span\u003E\n            \u003Cspan class=\u0022post-title\u0022\u003EComment le r\u00e9gime DASH permet de retrouver la ligne et d\u0027am\u00e9liorer sa sant\u00e9 durablement\u003C\/span\u003E\n            \u003Cspan class=\u0022post-chapo\u0022\u003EUn consensus m\u0026eacute;dical et scientifique\r\nDans le vaste monde des r\u0026eacute;gimes, une tendance semble faire l\u0027unanimit\u0026eacute; : il s\u0027agit du\u0026nbsp;r\u0026eacute;g...\u003C\/span\u003E\n            \u003Cspan class=\u0022post-author\u0022\u003EMyl\u00e8ne\u003C\/span\u003E\n            \u003Cspan class=\u0022post-date\u0022\u003E11 f\u00e9vr. 2026\u003C\/span\u003E\n        \u003C\/div\u003E\n    \u003C\/a\u003E\n\u003C\/div\u003E\n                            \u003C\/div\u003E\n        \u003C\/div\u003E\n                \u003Cdiv class=\u0022list-posts-container\u0022\u003E\n            \u003Cdiv class=\u0022posts row\u0022\u003E\n                                    \u003Cdiv class=\u0022row post-list-item post-list-item-large post-list-item-large-bordered post-list-item-large-inverted\u0022\u003E\n    \u003Ca href=\u0022\/2019\/07\/24\/manger-seul-permet-de-maigrir-plus-vite\/\u0022\u003E\n                                    \u003Cdiv class=\u0022col col-6\u0022\u003E\n                    \u003Cimg src=\u0022https:\/\/sobusygirls.fr\/media\/cache\/w280\/uploads\/post\/square\/e677c2d463956e3c9cdfdf19b430885fa2b40791.jpeg\u0022 class=\u0022post-cover\u0022 alt=\u0022Manger seul permet de manger moins naturellement et de garder la ligne plus facilement\u0022\/\u003E\n                \u003C\/div\u003E\n                            \u003Cdiv class=\u0022col col-6 post-bottom\u0022\u003E\n            \u003Cspan class=\u0022post-category\u0022\u003EFood\u003C\/span\u003E\n            \u003Cspan class=\u0022post-title\u0022\u003EManger seul permet de manger moins naturellement et de garder la ligne plus facilement\u003C\/span\u003E\n            \u003Cspan class=\u0022post-date\u0022\u003E11 f\u00e9vrier 2026 - 07 : 15\u003C\/span\u003E\n            \u003Cspan class=\u0022post-author\u0022\u003ELaura\u003C\/span\u003E\n        \u003C\/div\u003E\n            \u003C\/a\u003E\n\u003C\/div\u003E\n                            \u003C\/div\u003E\n        \u003C\/div\u003E\n                \u003Cdiv class=\u0022list-posts-container\u0022\u003E\n            \u003Cdiv class=\u0022posts row\u0022\u003E\n                                    \u003Cdiv class=\u0022post-list-item post-list-item-small col col-4\u0022\u003E\n    \u003Ca href=\u0022\/2021\/09\/16\/ce-que-les-habitudes-alimentaires-revelent-sur-la-personnalite\/\u0022\u003E\n                    \u003Cdiv class=\u0022post-cover\u0022 style=\u0022background-image:url(\u0027https:\/\/sobusygirls.fr\/media\/cache\/w190\/uploads\/post\/large\/dbbb175348562e7bfac330349e1470c29e2e8260.jpeg\u0027)\u0022\u003E\u003C\/div\u003E\n            \u003Cdiv class=\u0022post-cover-alt\u0022 style=\u0022background-image: url(\u0027https:\/\/sobusygirls.fr\/media\/cache\/w330\/uploads\/post\/square\/dbbb175348562e7bfac330349e1470c29e2e8260.jpeg\u0027)\u0022\u003E\u003C\/div\u003E\n                \u003Cdiv class=\u0022post-bottom\u0022\u003E\n            \u003Cspan class=\u0022post-category\u0022\u003EFood\u003C\/span\u003E\n            \u003Cspan class=\u0022post-title\u0022\u003EVoici ce que vos habitudes alimentaires r\u00e9v\u00e8lent sur votre personnalit\u00e9\u003C\/span\u003E\n            \u003Cspan class=\u0022post-author\u0022\u003EMyl\u00e8ne\u003C\/span\u003E\n            \u003Cspan class=\u0022post-date\u0022\u003E11 f\u00e9vr. 2026\u003C\/span\u003E\n        \u003C\/div\u003E\n    \u003C\/a\u003E\n\u003C\/div\u003E\n                                    \u003Cdiv class=\u0022post-list-item post-list-item-small col col-4\u0022\u003E\n    \u003Ca href=\u0022\/2026\/01\/05\/galette-des-rois-2026-feve-recherchee-collection\/\u0022\u003E\n                    \u003Cdiv class=\u0022post-cover\u0022 style=\u0022background-image:url(\u0027https:\/\/sobusygirls.fr\/media\/cache\/w190\/uploads\/post\/large\/8ba59f831fece7eaec7f8a901915b24b30872fe7.jpeg\u0027)\u0022\u003E\u003C\/div\u003E\n            \u003Cdiv class=\u0022post-cover-alt\u0022 style=\u0022background-image: url(\u0027https:\/\/sobusygirls.fr\/media\/cache\/w330\/uploads\/post\/square\/8ba59f831fece7eaec7f8a901915b24b30872fe7.jpeg\u0027)\u0022\u003E\u003C\/div\u003E\n                \u003Cdiv class=\u0022post-bottom\u0022\u003E\n            \u003Cspan class=\u0022post-category\u0022\u003EFood\u003C\/span\u003E\n            \u003Cspan class=\u0022post-title\u0022\u003EGalette des rois 2026\u0026nbsp;: la f\u00e8ve que tout le monde a eue\u2026 et que certains recherchent d\u00e9j\u00e0\u003C\/span\u003E\n            \u003Cspan class=\u0022post-author\u0022\u003ECl\u00e9mence\u003C\/span\u003E\n            \u003Cspan class=\u0022post-date\u0022\u003E30 janv. 2026\u003C\/span\u003E\n        \u003C\/div\u003E\n    \u003C\/a\u003E\n\u003C\/div\u003E\n                                    \u003Cdiv class=\u0022post-list-item post-list-item-small col col-4\u0022\u003E\n    \u003Ca href=\u0022\/2026\/01\/05\/galette-des-rois-2026-feve-jetee-valeur-1\/\u0022\u003E\n                    \u003Cdiv class=\u0022post-cover\u0022 style=\u0022background-image:url(\u0027https:\/\/sobusygirls.fr\/media\/cache\/w190\/uploads\/post\/large\/aa40495653d60cae62f87ab55d6f082c88604db1.jpeg\u0027)\u0022\u003E\u003C\/div\u003E\n            \u003Cdiv class=\u0022post-cover-alt\u0022 style=\u0022background-image: url(\u0027https:\/\/sobusygirls.fr\/media\/cache\/w330\/uploads\/post\/square\/aa40495653d60cae62f87ab55d6f082c88604db1.jpeg\u0027)\u0022\u003E\u003C\/div\u003E\n                \u003Cdiv class=\u0022post-bottom\u0022\u003E\n            \u003Cspan class=\u0022post-category\u0022\u003EFood\u003C\/span\u003E\n            \u003Cspan class=\u0022post-title\u0022\u003EGalette des rois 2026\u0026nbsp;: cette f\u00e8ve que beaucoup ont jet\u00e9e commence d\u00e9j\u00e0 \u00e0 faire parler d\u2019e...\u003C\/span\u003E\n            \u003Cspan class=\u0022post-author\u0022\u003ELaura\u003C\/span\u003E\n            \u003Cspan class=\u0022post-date\u0022\u003E28 janv. 2026\u003C\/span\u003E\n        \u003C\/div\u003E\n    \u003C\/a\u003E\n\u003C\/div\u003E\n                                    \u003Cdiv class=\u0022post-list-item post-list-item-small col col-4\u0022\u003E\n    \u003Ca href=\u0022\/2026\/01\/05\/galette-des-rois-2026-feve-star-epiphanie\/\u0022\u003E\n                    \u003Cdiv class=\u0022post-cover\u0022 style=\u0022background-image:url(\u0027https:\/\/sobusygirls.fr\/media\/cache\/w190\/uploads\/post\/large\/11db69917d29f2b41eea25af23da5afd387ec4b2.jpeg\u0027)\u0022\u003E\u003C\/div\u003E\n            \u003Cdiv class=\u0022post-cover-alt\u0022 style=\u0022background-image: url(\u0027https:\/\/sobusygirls.fr\/media\/cache\/w330\/uploads\/post\/square\/11db69917d29f2b41eea25af23da5afd387ec4b2.jpeg\u0027)\u0022\u003E\u003C\/div\u003E\n                \u003Cdiv class=\u0022post-bottom\u0022\u003E\n            \u003Cspan class=\u0022post-category\u0022\u003EFood\u003C\/span\u003E\n            \u003Cspan class=\u0022post-title\u0022\u003EGalette des rois 2026\u0026nbsp;: et si la f\u00e8ve \u00e9tait devenue la vraie star de l\u2019\u00c9piphanie\u0026nbsp;?\u003C\/span\u003E\n            \u003Cspan class=\u0022post-author\u0022\u003ELaura\u003C\/span\u003E\n            \u003Cspan class=\u0022post-date\u0022\u003E28 janv. 2026\u003C\/span\u003E\n        \u003C\/div\u003E\n    \u003C\/a\u003E\n\u003C\/div\u003E\n                                    \u003Cdiv class=\u0022post-list-item post-list-item-small col col-4\u0022\u003E\n    \u003Ca href=\u0022\/2026\/01\/05\/galette-des-rois-2026-pourquoi-garder-feves\/\u0022\u003E\n                    \u003Cdiv class=\u0022post-cover\u0022 style=\u0022background-image:url(\u0027https:\/\/sobusygirls.fr\/media\/cache\/w190\/uploads\/post\/large\/8181a30a734b782498c5ef7951a283da1e4ae397.jpeg\u0027)\u0022\u003E\u003C\/div\u003E\n            \u003Cdiv class=\u0022post-cover-alt\u0022 style=\u0022background-image: url(\u0027https:\/\/sobusygirls.fr\/media\/cache\/w330\/uploads\/post\/square\/8181a30a734b782498c5ef7951a283da1e4ae397.jpeg\u0027)\u0022\u003E\u003C\/div\u003E\n                \u003Cdiv class=\u0022post-bottom\u0022\u003E\n            \u003Cspan class=\u0022post-category\u0022\u003EFood\u003C\/span\u003E\n            \u003Cspan class=\u0022post-title\u0022\u003EGalette des rois 2026\u0026nbsp;: pourquoi certains gardent d\u00e9sormais toutes leurs f\u00e8ves\u003C\/span\u003E\n            \u003Cspan class=\u0022post-author\u0022\u003ELaura\u003C\/span\u003E\n            \u003Cspan class=\u0022post-date\u0022\u003E28 janv. 2026\u003C\/span\u003E\n        \u003C\/div\u003E\n    \u003C\/a\u003E\n\u003C\/div\u003E\n                                    \u003Cdiv class=\u0022post-list-item post-list-item-small col col-4\u0022\u003E\n    \u003Ca href=\u0022\/2026\/01\/05\/galette-des-rois-2026-feves-collection-rare-valeur\/\u0022\u003E\n                    \u003Cdiv class=\u0022post-cover\u0022 style=\u0022background-image:url(\u0027https:\/\/sobusygirls.fr\/media\/cache\/w190\/uploads\/post\/large\/8276cd512965fded80e8bed0da58ae1328680d15.jpeg\u0027)\u0022\u003E\u003C\/div\u003E\n            \u003Cdiv class=\u0022post-cover-alt\u0022 style=\u0022background-image: url(\u0027https:\/\/sobusygirls.fr\/media\/cache\/w330\/uploads\/post\/square\/8276cd512965fded80e8bed0da58ae1328680d15.jpeg\u0027)\u0022\u003E\u003C\/div\u003E\n                \u003Cdiv class=\u0022post-bottom\u0022\u003E\n            \u003Cspan class=\u0022post-category\u0022\u003EFood\u003C\/span\u003E\n            \u003Cspan class=\u0022post-title\u0022\u003EGalette des rois 2026\u0026nbsp;: ces f\u00e8ves que les collectionneurs traquent d\u00e9j\u00e0 et qui peuvent val...\u003C\/span\u003E\n            \u003Cspan class=\u0022post-author\u0022\u003EMyl\u00e8ne\u003C\/span\u003E\n            \u003Cspan class=\u0022post-date\u0022\u003E27 janv. 2026\u003C\/span\u003E\n        \u003C\/div\u003E\n    \u003C\/a\u003E\n\u003C\/div\u003E\n                            \u003C\/div\u003E\n        \u003C\/div\u003E\n    \n            \u003Cdiv class=\u0022posts-load-more-container\u0022\u003E\n            \u003Ca href=\u0022\/ajax\/category\/posts?slug=food\u0026amp;pp=1769504640\u0026amp;pc=1767630546\u0022 id=\u0022posts-load-more\u0022 class=\u0022posts-load-more\u0022\u003ECharger plus d\u0026#039;articles\u003C\/a\u003E\n        \u003C\/div\u003E\n    \u003C\/div\u003E\n","top_category_title":"Food","sub_category_title":null}