{"content":"\n\u003Cdiv class=\u0022posts row\u0022\u003E\n            \u003Cdiv class=\u0022post-list-item post-list-item-small col col-4\u0022\u003E\n    \u003Ca href=\u0022\/2025\/12\/12\/laeticia-hallyday-revenus-actuels-dette-johnny\/\u0022\u003E\n                    \u003Cdiv class=\u0022post-cover\u0022 style=\u0022background-image:url(\u0027https:\/\/sobusygirls.fr\/media\/cache\/w190\/uploads\/post\/large\/8fcededc93d31cc090a0fbbe98df624efd081781.jpeg\u0027)\u0022\u003E\u003C\/div\u003E\n            \u003Cdiv class=\u0022post-cover-alt\u0022 style=\u0022background-image: url(\u0027https:\/\/sobusygirls.fr\/media\/cache\/w330\/uploads\/post\/square\/8fcededc93d31cc090a0fbbe98df624efd081781.jpeg\u0027)\u0022\u003E\u003C\/div\u003E\n                \u003Cdiv class=\u0022post-bottom\u0022\u003E\n            \u003Cspan class=\u0022post-category\u0022\u003EActus\u003C\/span\u003E\n            \u003Cspan class=\u0022post-title\u0022\u003EDe quoi vit Laeticia Hallyday aujourd\u2019hui\u0026nbsp;? Les dessous d\u2019une reconstruction discr\u00e8te\u003C\/span\u003E\n            \u003Cspan class=\u0022post-author\u0022\u003EMyl\u00e8ne\u003C\/span\u003E\n            \u003Cspan class=\u0022post-date\u0022\u003E25 avr. 2026\u003C\/span\u003E\n        \u003C\/div\u003E\n    \u003C\/a\u003E\n\u003C\/div\u003E\n            \u003Cdiv class=\u0022post-list-item post-list-item-small col col-4\u0022\u003E\n    \u003Ca href=\u0022\/2025\/08\/30\/jen-ai-eu-assez-jai-debranche-michel-cymes-revient-sur-sa-separation-avec-adriana-karembeu\/\u0022\u003E\n                    \u003Cdiv class=\u0022post-cover\u0022 style=\u0022background-image:url(\u0027https:\/\/sobusygirls.fr\/media\/cache\/w190\/uploads\/post\/large\/92c48e698470d0ddf927e361f9086383be985f5b.jpeg\u0027)\u0022\u003E\u003C\/div\u003E\n            \u003Cdiv class=\u0022post-cover-alt\u0022 style=\u0022background-image: url(\u0027https:\/\/sobusygirls.fr\/media\/cache\/w330\/uploads\/post\/square\/92c48e698470d0ddf927e361f9086383be985f5b.jpeg\u0027)\u0022\u003E\u003C\/div\u003E\n                \u003Cdiv class=\u0022post-bottom\u0022\u003E\n            \u003Cspan class=\u0022post-category\u0022\u003EActus\u003C\/span\u003E\n            \u003Cspan class=\u0022post-title\u0022\u003E\u201cJ\u2019en ai eu assez, j\u0027ai d\u00e9branch\u00e9\u201d\u0026nbsp;: Michel Cymes revient sur sa s\u00e9paration avec Adriana K...\u003C\/span\u003E\n            \u003Cspan class=\u0022post-author\u0022\u003EMyl\u00e8ne\u003C\/span\u003E\n            \u003Cspan class=\u0022post-date\u0022\u003E25 avr. 2026\u003C\/span\u003E\n        \u003C\/div\u003E\n    \u003C\/a\u003E\n\u003C\/div\u003E\n            \u003Cdiv class=\u0022post-list-item post-list-item-small col col-4\u0022\u003E\n    \u003Ca href=\u0022\/2026\/02\/16\/jack-lang-roselyne-bachelot-moque-epstein-ima-livre-suspendu\/\u0022\u003E\n                    \u003Cdiv class=\u0022post-cover\u0022 style=\u0022background-image:url(\u0027https:\/\/sobusygirls.fr\/media\/cache\/w190\/uploads\/post\/large\/f6aa4d89fc18e6cf509433f46de35342b96856aa.jpeg\u0027)\u0022\u003E\u003C\/div\u003E\n            \u003Cdiv class=\u0022post-cover-alt\u0022 style=\u0022background-image: url(\u0027https:\/\/sobusygirls.fr\/media\/cache\/w330\/uploads\/post\/square\/f6aa4d89fc18e6cf509433f46de35342b96856aa.jpeg\u0027)\u0022\u003E\u003C\/div\u003E\n                \u003Cdiv class=\u0022post-bottom\u0022\u003E\n            \u003Cspan class=\u0022post-category\u0022\u003EActus\u003C\/span\u003E\n            \u003Cspan class=\u0022post-title\u0022\u003E\u201cLe paquet de teinture\u2026\u201d\u0026nbsp;: la moquerie de Roselyne Bachelot qui enfonce Jack Lang et fait...\u003C\/span\u003E\n            \u003Cspan class=\u0022post-author\u0022\u003EMyl\u00e8ne\u003C\/span\u003E\n            \u003Cspan class=\u0022post-date\u0022\u003E25 avr. 2026\u003C\/span\u003E\n        \u003C\/div\u003E\n    \u003C\/a\u003E\n\u003C\/div\u003E\n            \u003Cdiv class=\u0022post-list-item post-list-item-small col col-4\u0022\u003E\n    \u003Ca href=\u0022\/2025\/12\/01\/vinaigre-jimmy-mohamed-perdre-3-kilos-graisse-abdominale-methode-crudites\/\u0022\u003E\n                    \u003Cdiv class=\u0022post-cover\u0022 style=\u0022background-image:url(\u0027https:\/\/sobusygirls.fr\/media\/cache\/w190\/uploads\/post\/large\/48b10c58fab3ecf099948b15b89b11591e703544.jpeg\u0027)\u0022\u003E\u003C\/div\u003E\n            \u003Cdiv class=\u0022post-cover-alt\u0022 style=\u0022background-image: url(\u0027https:\/\/sobusygirls.fr\/media\/cache\/w330\/uploads\/post\/square\/48b10c58fab3ecf099948b15b89b11591e703544.jpeg\u0027)\u0022\u003E\u003C\/div\u003E\n                \u003Cdiv class=\u0022post-bottom\u0022\u003E\n            \u003Cspan class=\u0022post-category\u0022\u003EBeaut\u00e9\u003C\/span\u003E\n            \u003Cspan class=\u0022post-title\u0022\u003ELa m\u00e9thode d\u00e9concertante de Jimmy Mohamed pour perdre 3 kilos sans r\u00e9gime fait exploser le...\u003C\/span\u003E\n            \u003Cspan class=\u0022post-author\u0022\u003EMyl\u00e8ne\u003C\/span\u003E\n            \u003Cspan class=\u0022post-date\u0022\u003E25 avr. 2026\u003C\/span\u003E\n        \u003C\/div\u003E\n    \u003C\/a\u003E\n\u003C\/div\u003E\n            \u003Cdiv class=\u0022post-list-item post-list-item-small col col-4\u0022\u003E\n    \u003Ca href=\u0022\/2025\/12\/30\/prince-william-salaire-2025-duche-cornouailles\/\u0022\u003E\n                    \u003Cdiv class=\u0022post-cover\u0022 style=\u0022background-image:url(\u0027https:\/\/sobusygirls.fr\/media\/cache\/w190\/uploads\/post\/large\/161f88d2f140fdbd9e4ab51b649622a339faf0c1.jpeg\u0027)\u0022\u003E\u003C\/div\u003E\n            \u003Cdiv class=\u0022post-cover-alt\u0022 style=\u0022background-image: url(\u0027https:\/\/sobusygirls.fr\/media\/cache\/w330\/uploads\/post\/square\/161f88d2f140fdbd9e4ab51b649622a339faf0c1.jpeg\u0027)\u0022\u003E\u003C\/div\u003E\n                \u003Cdiv class=\u0022post-bottom\u0022\u003E\n            \u003Cspan class=\u0022post-category\u0022\u003EActus\u003C\/span\u003E\n            \u003Cspan class=\u0022post-title\u0022\u003EVoici le salaire vertigineux que le prince William a touch\u00e9 en 2025\u003C\/span\u003E\n            \u003Cspan class=\u0022post-author\u0022\u003EMyl\u00e8ne\u003C\/span\u003E\n            \u003Cspan class=\u0022post-date\u0022\u003E25 avr. 2026\u003C\/span\u003E\n        \u003C\/div\u003E\n    \u003C\/a\u003E\n\u003C\/div\u003E\n            \u003Cdiv class=\u0022post-list-item post-list-item-small col col-4\u0022\u003E\n    \u003Ca href=\u0022\/2025\/09\/20\/meghan-markle-photo-instagram-critique-timing-trump-kate-william\/\u0022\u003E\n                    \u003Cdiv class=\u0022post-cover\u0022 style=\u0022background-image:url(\u0027https:\/\/sobusygirls.fr\/media\/cache\/w190\/uploads\/post\/large\/2ecc69656b7f47b52da3ff10a9e2258dca530e38.jpeg\u0027)\u0022\u003E\u003C\/div\u003E\n            \u003Cdiv class=\u0022post-cover-alt\u0022 style=\u0022background-image: url(\u0027https:\/\/sobusygirls.fr\/media\/cache\/w330\/uploads\/post\/square\/2ecc69656b7f47b52da3ff10a9e2258dca530e38.jpeg\u0027)\u0022\u003E\u003C\/div\u003E\n                \u003Cdiv class=\u0022post-bottom\u0022\u003E\n            \u003Cspan class=\u0022post-category\u0022\u003ELifestyle\u003C\/span\u003E\n            \u003Cspan class=\u0022post-title\u0022\u003E\u00ab Elle n\u2019a pas pu s\u2019en emp\u00eacher \u00bb\u0026nbsp;: la derni\u00e8re photo de Meghan Markle enflamme encore la...\u003C\/span\u003E\n            \u003Cspan class=\u0022post-author\u0022\u003EMyl\u00e8ne\u003C\/span\u003E\n            \u003Cspan class=\u0022post-date\u0022\u003E25 avr. 2026\u003C\/span\u003E\n        \u003C\/div\u003E\n    \u003C\/a\u003E\n\u003C\/div\u003E\n            \u003Cdiv class=\u0022post-list-item post-list-item-small col col-4\u0022\u003E\n    \u003Ca href=\u0022\/2025\/10\/20\/kate-william-choques-rumeur-meghan-markle-employe-palais\/\u0022\u003E\n                    \u003Cdiv class=\u0022post-cover\u0022 style=\u0022background-image:url(\u0027https:\/\/sobusygirls.fr\/media\/cache\/w190\/uploads\/post\/large\/70c7b23f6e2a36d25807b066eaaf0f1b743f18cb.jpeg\u0027)\u0022\u003E\u003C\/div\u003E\n            \u003Cdiv class=\u0022post-cover-alt\u0022 style=\u0022background-image: url(\u0027https:\/\/sobusygirls.fr\/media\/cache\/w330\/uploads\/post\/square\/70c7b23f6e2a36d25807b066eaaf0f1b743f18cb.jpeg\u0027)\u0022\u003E\u003C\/div\u003E\n                \u003Cdiv class=\u0022post-bottom\u0022\u003E\n            \u003Cspan class=\u0022post-category\u0022\u003EActus\u003C\/span\u003E\n            \u003Cspan class=\u0022post-title\u0022\u003EKate et William choqu\u00e9s et \u0022perturb\u00e9s\u0022 par la derni\u00e8re rumeur sur Meghan Markle\u003C\/span\u003E\n            \u003Cspan class=\u0022post-author\u0022\u003EMyl\u00e8ne\u003C\/span\u003E\n            \u003Cspan class=\u0022post-date\u0022\u003E25 avr. 2026\u003C\/span\u003E\n        \u003C\/div\u003E\n    \u003C\/a\u003E\n\u003C\/div\u003E\n            \u003Cdiv class=\u0022post-list-item post-list-item-small col col-4\u0022\u003E\n    \u003Ca href=\u0022\/2026\/04\/02\/patrick-bruel-accuse-agressions-sexuelles-temoignage-chaperon\/\u0022\u003E\n                    \u003Cdiv class=\u0022post-cover\u0022 style=\u0022background-image:url(\u0027https:\/\/sobusygirls.fr\/media\/cache\/w190\/uploads\/post\/large\/8be80691c88fc67fda65acca593e026569e19ceb.jpeg\u0027)\u0022\u003E\u003C\/div\u003E\n            \u003Cdiv class=\u0022post-cover-alt\u0022 style=\u0022background-image: url(\u0027https:\/\/sobusygirls.fr\/media\/cache\/w330\/uploads\/post\/square\/8be80691c88fc67fda65acca593e026569e19ceb.jpeg\u0027)\u0022\u003E\u003C\/div\u003E\n                \u003Cdiv class=\u0022post-bottom\u0022\u003E\n            \u003Cspan class=\u0022post-category\u0022\u003EActus\u003C\/span\u003E\n            \u003Cspan class=\u0022post-title\u0022\u003E\u00ab Il avait un chaperon pour nettoyer derri\u00e8re lui \u00bb\u0026nbsp;: ces r\u00e9v\u00e9lations troublantes qui s\u2019aj...\u003C\/span\u003E\n            \u003Cspan class=\u0022post-author\u0022\u003EMyl\u00e8ne\u003C\/span\u003E\n            \u003Cspan class=\u0022post-date\u0022\u003E25 avr. 2026\u003C\/span\u003E\n        \u003C\/div\u003E\n    \u003C\/a\u003E\n\u003C\/div\u003E\n            \u003Cdiv class=\u0022post-list-item post-list-item-small col col-4\u0022\u003E\n    \u003Ca href=\u0022\/2026\/04\/19\/deces-nathalie-baye-reaction-laura-smet-hommage-message-instagram\/\u0022\u003E\n                    \u003Cdiv class=\u0022post-cover\u0022 style=\u0022background-image:url(\u0027https:\/\/sobusygirls.fr\/media\/cache\/w190\/uploads\/post\/large\/99e412a0a832f35ffcda7608b6f5415e2ed3077b.jpeg\u0027)\u0022\u003E\u003C\/div\u003E\n            \u003Cdiv class=\u0022post-cover-alt\u0022 style=\u0022background-image: url(\u0027https:\/\/sobusygirls.fr\/media\/cache\/w330\/uploads\/post\/square\/99e412a0a832f35ffcda7608b6f5415e2ed3077b.jpeg\u0027)\u0022\u003E\u003C\/div\u003E\n                \u003Cdiv class=\u0022post-bottom\u0022\u003E\n            \u003Cspan class=\u0022post-category\u0022\u003EActus\u003C\/span\u003E\n            \u003Cspan class=\u0022post-title\u0022\u003E\u201cJ\u2019ai perdu la moiti\u00e9 de mon c\u0153ur\u201d\u0026nbsp;: le message bouleversant de Laura Smet apr\u00e8s la dispar...\u003C\/span\u003E\n            \u003Cspan class=\u0022post-author\u0022\u003EMyl\u00e8ne\u003C\/span\u003E\n            \u003Cspan class=\u0022post-date\u0022\u003E25 avr. 2026\u003C\/span\u003E\n        \u003C\/div\u003E\n    \u003C\/a\u003E\n\u003C\/div\u003E\n            \u003Cdiv class=\u0022post-list-item post-list-item-small col col-4\u0022\u003E\n    \u003Ca href=\u0022\/2026\/04\/20\/meghan-markle-lance-un-regard-glacial-apres-ce-geste-envers-le-prince-harry\/\u0022\u003E\n                    \u003Cdiv class=\u0022post-cover\u0022 style=\u0022background-image:url(\u0027https:\/\/sobusygirls.fr\/media\/cache\/w190\/uploads\/post\/large\/40b3a35a32062c50e76e8ccc6f9ab12aad2bd2b1.jpeg\u0027)\u0022\u003E\u003C\/div\u003E\n            \u003Cdiv class=\u0022post-cover-alt\u0022 style=\u0022background-image: url(\u0027https:\/\/sobusygirls.fr\/media\/cache\/w330\/uploads\/post\/square\/40b3a35a32062c50e76e8ccc6f9ab12aad2bd2b1.jpeg\u0027)\u0022\u003E\u003C\/div\u003E\n                \u003Cdiv class=\u0022post-bottom\u0022\u003E\n            \u003Cspan class=\u0022post-category\u0022\u003EActus\u003C\/span\u003E\n            \u003Cspan class=\u0022post-title\u0022\u003EMeghan Markle lance un regard glacial apr\u00e8s ce geste envers le prince Harry\u003C\/span\u003E\n            \u003Cspan class=\u0022post-author\u0022\u003EMyl\u00e8ne\u003C\/span\u003E\n            \u003Cspan class=\u0022post-date\u0022\u003E25 avr. 2026\u003C\/span\u003E\n        \u003C\/div\u003E\n    \u003C\/a\u003E\n\u003C\/div\u003E\n            \u003Cdiv class=\u0022post-list-item post-list-item-small col col-4\u0022\u003E\n    \u003Ca href=\u0022\/2025\/09\/16\/meghan-markle-photo-prince-harry-41-ans-anniversaire-viral\/\u0022\u003E\n                    \u003Cdiv class=\u0022post-cover\u0022 style=\u0022background-image:url(\u0027https:\/\/sobusygirls.fr\/media\/cache\/w190\/uploads\/post\/large\/55612f73569ec705dd93c0bd06afa2b993947f11.jpeg\u0027)\u0022\u003E\u003C\/div\u003E\n            \u003Cdiv class=\u0022post-cover-alt\u0022 style=\u0022background-image: url(\u0027https:\/\/sobusygirls.fr\/media\/cache\/w330\/uploads\/post\/square\/55612f73569ec705dd93c0bd06afa2b993947f11.jpeg\u0027)\u0022\u003E\u003C\/div\u003E\n                \u003Cdiv class=\u0022post-bottom\u0022\u003E\n            \u003Cspan class=\u0022post-category\u0022\u003EFamille\u003C\/span\u003E\n            \u003Cspan class=\u0022post-title\u0022\u003EMeghan Markle publie une photo inattendue du prince Harry pour ses 41 ans\u2026 et le web s\u0027enf...\u003C\/span\u003E\n            \u003Cspan class=\u0022post-author\u0022\u003EMyl\u00e8ne\u003C\/span\u003E\n            \u003Cspan class=\u0022post-date\u0022\u003E25 avr. 2026\u003C\/span\u003E\n        \u003C\/div\u003E\n    \u003C\/a\u003E\n\u003C\/div\u003E\n            \u003Cdiv class=\u0022post-list-item post-list-item-small col col-4\u0022\u003E\n    \u003Ca href=\u0022\/2026\/04\/22\/meghan-markle-harry-ignores-australie-bondi-beach-video-reactions\/\u0022\u003E\n                    \u003Cdiv class=\u0022post-cover\u0022 style=\u0022background-image:url(\u0027https:\/\/sobusygirls.fr\/media\/cache\/w190\/uploads\/post\/large\/6222bf97f72768cddb1d96d9bd880a57202010b2.jpeg\u0027)\u0022\u003E\u003C\/div\u003E\n            \u003Cdiv class=\u0022post-cover-alt\u0022 style=\u0022background-image: url(\u0027https:\/\/sobusygirls.fr\/media\/cache\/w330\/uploads\/post\/square\/6222bf97f72768cddb1d96d9bd880a57202010b2.jpeg\u0027)\u0022\u003E\u003C\/div\u003E\n                \u003Cdiv class=\u0022post-bottom\u0022\u003E\n            \u003Cspan class=\u0022post-category\u0022\u003EActus\u003C\/span\u003E\n            \u003Cspan class=\u0022post-title\u0022\u003ECette femme allong\u00e9e \u00e0 Bondi Beach ignore totalement Meghan Markle et Harry\u0026nbsp;: la sc\u00e8ne amu...\u003C\/span\u003E\n            \u003Cspan class=\u0022post-author\u0022\u003EMyl\u00e8ne\u003C\/span\u003E\n            \u003Cspan class=\u0022post-date\u0022\u003E25 avr. 2026\u003C\/span\u003E\n        \u003C\/div\u003E\n    \u003C\/a\u003E\n\u003C\/div\u003E\n            \u003Cdiv class=\u0022post-list-item post-list-item-small col col-4\u0022\u003E\n    \u003Ca href=\u0022\/2026\/04\/06\/meghan-markle-partage-des-videos-inedites-et-touchantes-darchie-et-lilibet-pendant-leur-chasse-aux-oeufs-de-paques\/\u0022\u003E\n                    \u003Cdiv class=\u0022post-cover\u0022 style=\u0022background-image:url(\u0027https:\/\/sobusygirls.fr\/media\/cache\/w190\/uploads\/post\/large\/1903fb36afead3b5a0a5dbf2f6faca9bfe33a620.jpeg\u0027)\u0022\u003E\u003C\/div\u003E\n            \u003Cdiv class=\u0022post-cover-alt\u0022 style=\u0022background-image: url(\u0027https:\/\/sobusygirls.fr\/media\/cache\/w330\/uploads\/post\/square\/1903fb36afead3b5a0a5dbf2f6faca9bfe33a620.jpeg\u0027)\u0022\u003E\u003C\/div\u003E\n                \u003Cdiv class=\u0022post-bottom\u0022\u003E\n            \u003Cspan class=\u0022post-category\u0022\u003EActus\u003C\/span\u003E\n            \u003Cspan class=\u0022post-title\u0022\u003EMeghan Markle partage des vid\u00e9os in\u00e9dites et touchantes d\u2019Archie et Lilibet pendant leur c...\u003C\/span\u003E\n            \u003Cspan class=\u0022post-author\u0022\u003EMyl\u00e8ne\u003C\/span\u003E\n            \u003Cspan class=\u0022post-date\u0022\u003E25 avr. 2026\u003C\/span\u003E\n        \u003C\/div\u003E\n    \u003C\/a\u003E\n\u003C\/div\u003E\n            \u003Cdiv class=\u0022post-list-item post-list-item-small col col-4\u0022\u003E\n    \u003Ca href=\u0022\/2025\/11\/28\/meghan-markle-robe-1700-dollars-accusee-vol-polemique-variety\/\u0022\u003E\n                    \u003Cdiv class=\u0022post-cover\u0022 style=\u0022background-image:url(\u0027https:\/\/sobusygirls.fr\/media\/cache\/w190\/uploads\/post\/large\/127681c954c2ee1a45e50d44dfe9be1d2b2eacb3.jpeg\u0027)\u0022\u003E\u003C\/div\u003E\n            \u003Cdiv class=\u0022post-cover-alt\u0022 style=\u0022background-image: url(\u0027https:\/\/sobusygirls.fr\/media\/cache\/w330\/uploads\/post\/square\/127681c954c2ee1a45e50d44dfe9be1d2b2eacb3.jpeg\u0027)\u0022\u003E\u003C\/div\u003E\n                \u003Cdiv class=\u0022post-bottom\u0022\u003E\n            \u003Cspan class=\u0022post-category\u0022\u003EMode\u003C\/span\u003E\n            \u003Cspan class=\u0022post-title\u0022\u003EMeghan Markle cibl\u00e9e par une nouvelle rumeur de vol autour d\u2019une robe \u00e0 1700 dollars\u003C\/span\u003E\n            \u003Cspan class=\u0022post-author\u0022\u003EMyl\u00e8ne\u003C\/span\u003E\n            \u003Cspan class=\u0022post-date\u0022\u003E25 avr. 2026\u003C\/span\u003E\n        \u003C\/div\u003E\n    \u003C\/a\u003E\n\u003C\/div\u003E\n            \u003Cdiv class=\u0022post-list-item post-list-item-small col col-4\u0022\u003E\n    \u003Ca href=\u0022\/2025\/09\/18\/johnny-hallyday-villa-la-lorada-ramatuelle\/\u0022\u003E\n                    \u003Cdiv class=\u0022post-cover\u0022 style=\u0022background-image:url(\u0027https:\/\/sobusygirls.fr\/media\/cache\/w190\/uploads\/post\/large\/d2b1a9d6b76b94bfcfee6872e758303ce9333488.jpeg\u0027)\u0022\u003E\u003C\/div\u003E\n            \u003Cdiv class=\u0022post-cover-alt\u0022 style=\u0022background-image: url(\u0027https:\/\/sobusygirls.fr\/media\/cache\/w330\/uploads\/post\/square\/d2b1a9d6b76b94bfcfee6872e758303ce9333488.jpeg\u0027)\u0022\u003E\u003C\/div\u003E\n                \u003Cdiv class=\u0022post-bottom\u0022\u003E\n            \u003Cspan class=\u0022post-category\u0022\u003EActus\u003C\/span\u003E\n            \u003Cspan class=\u0022post-title\u0022\u003EJohnny Hallyday\u0026nbsp;: voil\u00e0 \u00e0 quoi ressemble sa villa de r\u00eave \u00e0 Ramatuelle sur la C\u00f4te d\u2019Azur\u003C\/span\u003E\n            \u003Cspan class=\u0022post-author\u0022\u003EMyl\u00e8ne\u003C\/span\u003E\n            \u003Cspan class=\u0022post-date\u0022\u003E25 avr. 2026\u003C\/span\u003E\n        \u003C\/div\u003E\n    \u003C\/a\u003E\n\u003C\/div\u003E\n            \u003Cdiv class=\u0022post-list-item post-list-item-small col col-4\u0022\u003E\n    \u003Ca href=\u0022\/2025\/09\/29\/david-hallyday-laeticia-conflit-nikos-aliagas\/\u0022\u003E\n                    \u003Cdiv class=\u0022post-cover\u0022 style=\u0022background-image:url(\u0027https:\/\/sobusygirls.fr\/media\/cache\/w190\/uploads\/post\/large\/8452fde8767e2cb52dd0360909068370666480c4.jpeg\u0027)\u0022\u003E\u003C\/div\u003E\n            \u003Cdiv class=\u0022post-cover-alt\u0022 style=\u0022background-image: url(\u0027https:\/\/sobusygirls.fr\/media\/cache\/w330\/uploads\/post\/square\/8452fde8767e2cb52dd0360909068370666480c4.jpeg\u0027)\u0022\u003E\u003C\/div\u003E\n                \u003Cdiv class=\u0022post-bottom\u0022\u003E\n            \u003Cspan class=\u0022post-category\u0022\u003EActus\u003C\/span\u003E\n            \u003Cspan class=\u0022post-title\u0022\u003EQuand David Hallyday a \u0022p\u00e9t\u00e9 les plombs\u0022 contre Laeticia et Nikos Aliagas\u0026nbsp;: voici ce qu\u0027il...\u003C\/span\u003E\n            \u003Cspan class=\u0022post-author\u0022\u003EMyl\u00e8ne\u003C\/span\u003E\n            \u003Cspan class=\u0022post-date\u0022\u003E25 avr. 2026\u003C\/span\u003E\n        \u003C\/div\u003E\n    \u003C\/a\u003E\n\u003C\/div\u003E\n            \u003Cdiv class=\u0022post-list-item post-list-item-small col col-4\u0022\u003E\n    \u003Ca href=\u0022\/2025\/10\/08\/david-hallyday-surnom-petits-enfants-dadou-grand-pere\/\u0022\u003E\n                    \u003Cdiv class=\u0022post-cover\u0022 style=\u0022background-image:url(\u0027https:\/\/sobusygirls.fr\/media\/cache\/w190\/uploads\/post\/large\/abd2d96eb979dd839f292bf3b220b930bb39d863.jpeg\u0027)\u0022\u003E\u003C\/div\u003E\n            \u003Cdiv class=\u0022post-cover-alt\u0022 style=\u0022background-image: url(\u0027https:\/\/sobusygirls.fr\/media\/cache\/w330\/uploads\/post\/square\/abd2d96eb979dd839f292bf3b220b930bb39d863.jpeg\u0027)\u0022\u003E\u003C\/div\u003E\n                \u003Cdiv class=\u0022post-bottom\u0022\u003E\n            \u003Cspan class=\u0022post-category\u0022\u003EActus\u003C\/span\u003E\n            \u003Cspan class=\u0022post-title\u0022\u003EDavid Hallyday grand-p\u00e8re combl\u00e9\u0026nbsp;: le surnom adorable et tr\u00e8s original que lui ont donn\u00e9 s...\u003C\/span\u003E\n            \u003Cspan class=\u0022post-author\u0022\u003EMyl\u00e8ne\u003C\/span\u003E\n            \u003Cspan class=\u0022post-date\u0022\u003E25 avr. 2026\u003C\/span\u003E\n        \u003C\/div\u003E\n    \u003C\/a\u003E\n\u003C\/div\u003E\n            \u003Cdiv class=\u0022post-list-item post-list-item-small col col-4\u0022\u003E\n    \u003Ca href=\u0022\/2026\/04\/24\/orages-france-vigilance-jaune-departements-sud-ouest-samedi-25-avril-2026\/\u0022\u003E\n                    \u003Cdiv class=\u0022post-cover\u0022 style=\u0022background-image:url(\u0027https:\/\/sobusygirls.fr\/media\/cache\/w190\/uploads\/post\/large\/7dd4fb5c97d8c76feda242ee63aec2cf000f2279.jpeg\u0027)\u0022\u003E\u003C\/div\u003E\n            \u003Cdiv class=\u0022post-cover-alt\u0022 style=\u0022background-image: url(\u0027https:\/\/sobusygirls.fr\/media\/cache\/w330\/uploads\/post\/square\/7dd4fb5c97d8c76feda242ee63aec2cf000f2279.jpeg\u0027)\u0022\u003E\u003C\/div\u003E\n                \u003Cdiv class=\u0022post-bottom\u0022\u003E\n            \u003Cspan class=\u0022post-category\u0022\u003EActus\u003C\/span\u003E\n            \u003Cspan class=\u0022post-title\u0022\u003EOrages en France\u0026nbsp;: voici les d\u00e9partements sous surveillance ce samedi 25 avril\u003C\/span\u003E\n            \u003Cspan class=\u0022post-author\u0022\u003EMyl\u00e8ne\u003C\/span\u003E\n            \u003Cspan class=\u0022post-date\u0022\u003E25 avr. 2026\u003C\/span\u003E\n        \u003C\/div\u003E\n    \u003C\/a\u003E\n\u003C\/div\u003E\n            \u003Cdiv class=\u0022post-list-item post-list-item-small col col-4\u0022\u003E\n    \u003Ca href=\u0022\/2026\/04\/05\/donald-trump-hospitalise-rumeur-sante-reaction-maison-blanche\/\u0022\u003E\n                    \u003Cdiv class=\u0022post-cover\u0022 style=\u0022background-image:url(\u0027https:\/\/sobusygirls.fr\/media\/cache\/w190\/uploads\/post\/large\/298155b062ca51b8ac13574c805a02701ad4729d.jpeg\u0027)\u0022\u003E\u003C\/div\u003E\n            \u003Cdiv class=\u0022post-cover-alt\u0022 style=\u0022background-image: url(\u0027https:\/\/sobusygirls.fr\/media\/cache\/w330\/uploads\/post\/square\/298155b062ca51b8ac13574c805a02701ad4729d.jpeg\u0027)\u0022\u003E\u003C\/div\u003E\n                \u003Cdiv class=\u0022post-bottom\u0022\u003E\n            \u003Cspan class=\u0022post-category\u0022\u003EActus\u003C\/span\u003E\n            \u003Cspan class=\u0022post-title\u0022\u003EDonald Trump hospitalis\u00e9 en urgence\u0026nbsp;? Ce que r\u00e9v\u00e8le vraiment la Maison-Blanche sur son \u00e9ta...\u003C\/span\u003E\n            \u003Cspan class=\u0022post-author\u0022\u003EMyl\u00e8ne\u003C\/span\u003E\n            \u003Cspan class=\u0022post-date\u0022\u003E25 avr. 2026\u003C\/span\u003E\n        \u003C\/div\u003E\n    \u003C\/a\u003E\n\u003C\/div\u003E\n            \u003Cdiv class=\u0022post-list-item post-list-item-small col col-4\u0022\u003E\n    \u003Ca href=\u0022\/2026\/04\/05\/laeticia-hallyday-serge-varsano-miami-couple-global-champions-tour\/\u0022\u003E\n                    \u003Cdiv class=\u0022post-cover\u0022 style=\u0022background-image:url(\u0027https:\/\/sobusygirls.fr\/media\/cache\/w190\/uploads\/post\/large\/cb7c840b83ce25c3baa3f62a9f04acb0d2addb4e.jpeg\u0027)\u0022\u003E\u003C\/div\u003E\n            \u003Cdiv class=\u0022post-cover-alt\u0022 style=\u0022background-image: url(\u0027https:\/\/sobusygirls.fr\/media\/cache\/w330\/uploads\/post\/square\/cb7c840b83ce25c3baa3f62a9f04acb0d2addb4e.jpeg\u0027)\u0022\u003E\u003C\/div\u003E\n                \u003Cdiv class=\u0022post-bottom\u0022\u003E\n            \u003Cspan class=\u0022post-category\u0022\u003EActus\u003C\/span\u003E\n            \u003Cspan class=\u0022post-title\u0022\u003ECe geste en public de Laeticia Hallyday en dit long sur sa relation avec Serge Varsano\u003C\/span\u003E\n            \u003Cspan class=\u0022post-author\u0022\u003EMyl\u00e8ne\u003C\/span\u003E\n            \u003Cspan class=\u0022post-date\u0022\u003E25 avr. 2026\u003C\/span\u003E\n        \u003C\/div\u003E\n    \u003C\/a\u003E\n\u003C\/div\u003E\n            \u003Cdiv class=\u0022post-list-item post-list-item-small col col-4\u0022\u003E\n    \u003Ca href=\u0022\/2026\/01\/12\/brigitte-emmanuel-macron-photo-intimite-elysee-tendresse-polemique\/\u0022\u003E\n                    \u003Cdiv class=\u0022post-cover\u0022 style=\u0022background-image:url(\u0027https:\/\/sobusygirls.fr\/media\/cache\/w190\/uploads\/post\/large\/31601781570b12920e9f105ffbf7fb5e1ce5b8ee.jpeg\u0027)\u0022\u003E\u003C\/div\u003E\n            \u003Cdiv class=\u0022post-cover-alt\u0022 style=\u0022background-image: url(\u0027https:\/\/sobusygirls.fr\/media\/cache\/w330\/uploads\/post\/square\/31601781570b12920e9f105ffbf7fb5e1ce5b8ee.jpeg\u0027)\u0022\u003E\u003C\/div\u003E\n                \u003Cdiv class=\u0022post-bottom\u0022\u003E\n            \u003Cspan class=\u0022post-category\u0022\u003EActus\u003C\/span\u003E\n            \u003Cspan class=\u0022post-title\u0022\u003EEmmanuel Macron enlac\u00e9 par Brigitte \u00e0 l\u2019\u00c9lys\u00e9e\u0026nbsp;: un clich\u00e9 jamais vu du couple pr\u00e9sidentie...\u003C\/span\u003E\n            \u003Cspan class=\u0022post-author\u0022\u003EMyl\u00e8ne\u003C\/span\u003E\n            \u003Cspan class=\u0022post-date\u0022\u003E25 avr. 2026\u003C\/span\u003E\n        \u003C\/div\u003E\n    \u003C\/a\u003E\n\u003C\/div\u003E\n            \u003Cdiv class=\u0022post-list-item post-list-item-small col col-4\u0022\u003E\n    \u003Ca href=\u0022\/2026\/04\/25\/horoscope-du-samedi-25-avril-2026-ces-signes-vont-passer-une-journee-bien-plus-compliquee-que-prevu\/\u0022\u003E\n                    \u003Cdiv class=\u0022post-cover\u0022 style=\u0022background-image:url(\u0027https:\/\/sobusygirls.fr\/media\/cache\/w190\/uploads\/post\/large\/248776bde1f74c8c0eeb87f46316ba33f1a7a0c8.jpeg\u0027)\u0022\u003E\u003C\/div\u003E\n            \u003Cdiv class=\u0022post-cover-alt\u0022 style=\u0022background-image: url(\u0027https:\/\/sobusygirls.fr\/media\/cache\/w330\/uploads\/post\/square\/248776bde1f74c8c0eeb87f46316ba33f1a7a0c8.jpeg\u0027)\u0022\u003E\u003C\/div\u003E\n                \u003Cdiv class=\u0022post-bottom\u0022\u003E\n            \u003Cspan class=\u0022post-category\u0022\u003EAstrologie\u003C\/span\u003E\n            \u003Cspan class=\u0022post-title\u0022\u003EHoroscope du samedi 25 avril 2026\u0026nbsp;: ces signes vont passer une journ\u00e9e bien plus compliqu\u00e9...\u003C\/span\u003E\n            \u003Cspan class=\u0022post-author\u0022\u003EMyl\u00e8ne\u003C\/span\u003E\n            \u003Cspan class=\u0022post-date\u0022\u003E25 avr. 2026\u003C\/span\u003E\n        \u003C\/div\u003E\n    \u003C\/a\u003E\n\u003C\/div\u003E\n            \u003Cdiv class=\u0022post-list-item post-list-item-small col col-4\u0022\u003E\n    \u003Ca href=\u0022\/2026\/04\/25\/horoscope-du-samedi-25-avril-2026-ces-signes-qui-vont-enfin-oser-et-ceux-qui-vont-regretter-de-ne-pas-lavoir-fait\/\u0022\u003E\n                    \u003Cdiv class=\u0022post-cover\u0022 style=\u0022background-image:url(\u0027https:\/\/sobusygirls.fr\/media\/cache\/w190\/uploads\/post\/large\/bceccaf4da6d4de027d5a4195d9e24d56ed23eb9.jpeg\u0027)\u0022\u003E\u003C\/div\u003E\n            \u003Cdiv class=\u0022post-cover-alt\u0022 style=\u0022background-image: url(\u0027https:\/\/sobusygirls.fr\/media\/cache\/w330\/uploads\/post\/square\/bceccaf4da6d4de027d5a4195d9e24d56ed23eb9.jpeg\u0027)\u0022\u003E\u003C\/div\u003E\n                \u003Cdiv class=\u0022post-bottom\u0022\u003E\n            \u003Cspan class=\u0022post-category\u0022\u003EAstrologie\u003C\/span\u003E\n            \u003Cspan class=\u0022post-title\u0022\u003EHoroscope du samedi 25 avril 2026\u0026nbsp;: ces signes qui vont enfin oser (et ceux qui vont regre...\u003C\/span\u003E\n            \u003Cspan class=\u0022post-author\u0022\u003EMyl\u00e8ne\u003C\/span\u003E\n            \u003Cspan class=\u0022post-date\u0022\u003E25 avr. 2026\u003C\/span\u003E\n        \u003C\/div\u003E\n    \u003C\/a\u003E\n\u003C\/div\u003E\n            \u003Cdiv class=\u0022post-list-item post-list-item-small col col-4\u0022\u003E\n    \u003Ca href=\u0022\/2026\/03\/24\/patrick-bruel-accuse-de-violences-sexuelles-le-message-lapidaire-de-chloe-jouannet-apres-sa-mere-alexandra-lamy-en-dit-long\/\u0022\u003E\n                    \u003Cdiv class=\u0022post-cover\u0022 style=\u0022background-image:url(\u0027https:\/\/sobusygirls.fr\/media\/cache\/w190\/uploads\/post\/large\/d4f22c423fe0c9866c0a338bc106833976d7a62b.jpeg\u0027)\u0022\u003E\u003C\/div\u003E\n            \u003Cdiv class=\u0022post-cover-alt\u0022 style=\u0022background-image: url(\u0027https:\/\/sobusygirls.fr\/media\/cache\/w330\/uploads\/post\/square\/d4f22c423fe0c9866c0a338bc106833976d7a62b.jpeg\u0027)\u0022\u003E\u003C\/div\u003E\n                \u003Cdiv class=\u0022post-bottom\u0022\u003E\n            \u003Cspan class=\u0022post-category\u0022\u003EActus\u003C\/span\u003E\n            \u003Cspan class=\u0022post-title\u0022\u003EPatrick Bruel accus\u00e9 de violences sexuelles\u0026nbsp;: le message lapidaire de Chlo\u00e9 Jouannet apr\u00e8s...\u003C\/span\u003E\n            \u003Cspan class=\u0022post-author\u0022\u003EMyl\u00e8ne\u003C\/span\u003E\n            \u003Cspan class=\u0022post-date\u0022\u003E25 avr. 2026\u003C\/span\u003E\n        \u003C\/div\u003E\n    \u003C\/a\u003E\n\u003C\/div\u003E\n            \u003Cdiv class=\u0022post-list-item post-list-item-small col col-4\u0022\u003E\n    \u003Ca href=\u0022\/2026\/04\/25\/horoscope-du-samedi-25-avril-2026-pourquoi-vous-etes-plus-fatigue-que-dhabitude-et-ce-que-les-astres-essaient-de-vous-dire\/\u0022\u003E\n                    \u003Cdiv class=\u0022post-cover\u0022 style=\u0022background-image:url(\u0027https:\/\/sobusygirls.fr\/media\/cache\/w190\/uploads\/post\/large\/9edae11b8a78017ceb56cc45025aa061abaa0c72.jpeg\u0027)\u0022\u003E\u003C\/div\u003E\n            \u003Cdiv class=\u0022post-cover-alt\u0022 style=\u0022background-image: url(\u0027https:\/\/sobusygirls.fr\/media\/cache\/w330\/uploads\/post\/square\/9edae11b8a78017ceb56cc45025aa061abaa0c72.jpeg\u0027)\u0022\u003E\u003C\/div\u003E\n                \u003Cdiv class=\u0022post-bottom\u0022\u003E\n            \u003Cspan class=\u0022post-category\u0022\u003EAstrologie\u003C\/span\u003E\n            \u003Cspan class=\u0022post-title\u0022\u003EHoroscope du samedi 25 avril 2026\u0026nbsp;: pourquoi vous \u00eates plus fatigu\u00e9 que d\u2019habitude (et ce...\u003C\/span\u003E\n            \u003Cspan class=\u0022post-author\u0022\u003EMyl\u00e8ne\u003C\/span\u003E\n            \u003Cspan class=\u0022post-date\u0022\u003E25 avr. 2026\u003C\/span\u003E\n        \u003C\/div\u003E\n    \u003C\/a\u003E\n\u003C\/div\u003E\n            \u003Cdiv class=\u0022post-list-item post-list-item-small col col-4\u0022\u003E\n    \u003Ca href=\u0022\/2025\/05\/12\/jean-pierre-foucault-salaire-loto-tf1-2025\/\u0022\u003E\n                    \u003Cdiv class=\u0022post-cover\u0022 style=\u0022background-image:url(\u0027https:\/\/sobusygirls.fr\/media\/cache\/w190\/uploads\/post\/large\/9b78067ec7c4197a71c5713a75f4f443d94e0621.jpeg\u0027)\u0022\u003E\u003C\/div\u003E\n            \u003Cdiv class=\u0022post-cover-alt\u0022 style=\u0022background-image: url(\u0027https:\/\/sobusygirls.fr\/media\/cache\/w330\/uploads\/post\/square\/9b78067ec7c4197a71c5713a75f4f443d94e0621.jpeg\u0027)\u0022\u003E\u003C\/div\u003E\n                \u003Cdiv class=\u0022post-bottom\u0022\u003E\n            \u003Cspan class=\u0022post-category\u0022\u003EActus\u003C\/span\u003E\n            \u003Cspan class=\u0022post-title\u0022\u003EVoici le salaire de Jean-Pierre Foucault pour pr\u00e9senter le Loto, et il fait beaucoup r\u00e9agi...\u003C\/span\u003E\n            \u003Cspan class=\u0022post-author\u0022\u003EMyl\u00e8ne\u003C\/span\u003E\n            \u003Cspan class=\u0022post-date\u0022\u003E25 avr. 2026\u003C\/span\u003E\n        \u003C\/div\u003E\n    \u003C\/a\u003E\n\u003C\/div\u003E\n            \u003Cdiv class=\u0022post-list-item post-list-item-small col col-4\u0022\u003E\n    \u003Ca href=\u0022\/2026\/04\/25\/horoscope-du-samedi-25-avril-2026-ces-decisions-que-vous-allez-devoir-assumer-et-qui-peuvent-tout-changer\/\u0022\u003E\n                    \u003Cdiv class=\u0022post-cover\u0022 style=\u0022background-image:url(\u0027https:\/\/sobusygirls.fr\/media\/cache\/w190\/uploads\/post\/large\/d7f662af77c0adf475288a611eed44a770cb6b4d.jpeg\u0027)\u0022\u003E\u003C\/div\u003E\n            \u003Cdiv class=\u0022post-cover-alt\u0022 style=\u0022background-image: url(\u0027https:\/\/sobusygirls.fr\/media\/cache\/w330\/uploads\/post\/square\/d7f662af77c0adf475288a611eed44a770cb6b4d.jpeg\u0027)\u0022\u003E\u003C\/div\u003E\n                \u003Cdiv class=\u0022post-bottom\u0022\u003E\n            \u003Cspan class=\u0022post-category\u0022\u003EAstrologie\u003C\/span\u003E\n            \u003Cspan class=\u0022post-title\u0022\u003EHoroscope du samedi 25 avril 2026\u0026nbsp;: ces d\u00e9cisions que vous allez devoir assumer (et qui pe...\u003C\/span\u003E\n            \u003Cspan class=\u0022post-author\u0022\u003EMyl\u00e8ne\u003C\/span\u003E\n            \u003Cspan class=\u0022post-date\u0022\u003E25 avr. 2026\u003C\/span\u003E\n        \u003C\/div\u003E\n    \u003C\/a\u003E\n\u003C\/div\u003E\n    \u003C\/div\u003E\n    \u003Cdiv class=\u0022posts-load-more-container\u0022\u003E\n        \u003Ca href=\u0022\/ajax\/author\/posts?author=so_busy\u0026amp;pp=1777106760\u0026amp;pc=1777092896\u0022 id=\u0022posts-load-more\u0022 class=\u0022posts-load-more\u0022\u003ECharger plus d\u0026#039;articles\u003C\/a\u003E\n    \u003C\/div\u003E\n"}