{"content":"\n\u003Cdiv class=\u0022posts row\u0022\u003E\n            \u003Cdiv class=\u0022post-list-item post-list-item-small col col-4\u0022\u003E\n    \u003Ca href=\u0022\/2026\/03\/17\/meghan-harry-reponse-livre-tom-bower-polemique-manipulation\/\u0022\u003E\n                    \u003Cdiv class=\u0022post-cover\u0022 style=\u0022background-image:url(\u0027https:\/\/sobusygirls.fr\/media\/cache\/w190\/uploads\/post\/large\/66f765fdf50dd9ba5bb5173aab0fe414ec013905.jpeg\u0027)\u0022\u003E\u003C\/div\u003E\n            \u003Cdiv class=\u0022post-cover-alt\u0022 style=\u0022background-image: url(\u0027https:\/\/sobusygirls.fr\/media\/cache\/w330\/uploads\/post\/square\/66f765fdf50dd9ba5bb5173aab0fe414ec013905.jpeg\u0027)\u0022\u003E\u003C\/div\u003E\n                \u003Cdiv class=\u0022post-bottom\u0022\u003E\n            \u003Cspan class=\u0022post-category\u0022\u003EActus\u003C\/span\u003E\n            \u003Cspan class=\u0022post-title\u0022\u003EMeghan Markle accus\u00e9e d\u2019avoir manipul\u00e9 Harry\u0026nbsp;: la r\u00e9ponse fracassante des Sussex relance l...\u003C\/span\u003E\n            \u003Cspan class=\u0022post-author\u0022\u003EMyl\u00e8ne\u003C\/span\u003E\n            \u003Cspan class=\u0022post-date\u0022\u003E26 avr. 2026\u003C\/span\u003E\n        \u003C\/div\u003E\n    \u003C\/a\u003E\n\u003C\/div\u003E\n            \u003Cdiv class=\u0022post-list-item post-list-item-small col col-4\u0022\u003E\n    \u003Ca href=\u0022\/2026\/01\/29\/ce-lieu-hors-de-prix-ou-brooklyn-beckham-et-nicola-peltz-ont-decide-de-se-refugier-apres-les-tensions-familiales\/\u0022\u003E\n                    \u003Cdiv class=\u0022post-cover\u0022 style=\u0022background-image:url(\u0027https:\/\/sobusygirls.fr\/media\/cache\/w190\/uploads\/post\/large\/2a558e755053b4eee01cc382ab335a258e7205cd.jpeg\u0027)\u0022\u003E\u003C\/div\u003E\n            \u003Cdiv class=\u0022post-cover-alt\u0022 style=\u0022background-image: url(\u0027https:\/\/sobusygirls.fr\/media\/cache\/w330\/uploads\/post\/square\/2a558e755053b4eee01cc382ab335a258e7205cd.jpeg\u0027)\u0022\u003E\u003C\/div\u003E\n                \u003Cdiv class=\u0022post-bottom\u0022\u003E\n            \u003Cspan class=\u0022post-category\u0022\u003EFamille\u003C\/span\u003E\n            \u003Cspan class=\u0022post-title\u0022\u003ECe lieu hors de prix o\u00f9 Brooklyn Beckham et Nicola Peltz ont d\u00e9cid\u00e9 de se r\u00e9fugier apr\u00e8s l...\u003C\/span\u003E\n            \u003Cspan class=\u0022post-author\u0022\u003EMyl\u00e8ne\u003C\/span\u003E\n            \u003Cspan class=\u0022post-date\u0022\u003E26 avr. 2026\u003C\/span\u003E\n        \u003C\/div\u003E\n    \u003C\/a\u003E\n\u003C\/div\u003E\n            \u003Cdiv class=\u0022post-list-item post-list-item-small col col-4\u0022\u003E\n    \u003Ca href=\u0022\/2026\/03\/01\/the-voice-2026-lara-fabian-tayc-clash-auditions-aveugle\/\u0022\u003E\n                    \u003Cdiv class=\u0022post-cover\u0022 style=\u0022background-image:url(\u0027https:\/\/sobusygirls.fr\/media\/cache\/w190\/uploads\/post\/large\/39a1187c087abe497b6a8f0c0634657be4e2d5a0.jpeg\u0027)\u0022\u003E\u003C\/div\u003E\n            \u003Cdiv class=\u0022post-cover-alt\u0022 style=\u0022background-image: url(\u0027https:\/\/sobusygirls.fr\/media\/cache\/w330\/uploads\/post\/square\/39a1187c087abe497b6a8f0c0634657be4e2d5a0.jpeg\u0027)\u0022\u003E\u003C\/div\u003E\n                \u003Cdiv class=\u0022post-bottom\u0022\u003E\n            \u003Cspan class=\u0022post-category\u0022\u003EActus\u003C\/span\u003E\n            \u003Cspan class=\u0022post-title\u0022\u003E\u201cPeut-on lui mettre un calmant dans sa tisane\u0026nbsp;?\u201d\u0026nbsp;: Lara Fabian explose face \u00e0 Tayc dans Th...\u003C\/span\u003E\n            \u003Cspan class=\u0022post-author\u0022\u003EMyl\u00e8ne\u003C\/span\u003E\n            \u003Cspan class=\u0022post-date\u0022\u003E26 avr. 2026\u003C\/span\u003E\n        \u003C\/div\u003E\n    \u003C\/a\u003E\n\u003C\/div\u003E\n            \u003Cdiv class=\u0022post-list-item post-list-item-small col col-4\u0022\u003E\n    \u003Ca href=\u0022\/2025\/01\/16\/jai-arrete-de-manger-du-chocolat-pendant-1-mois-voici-ce-quil-sest-passe\/\u0022\u003E\n                    \u003Cdiv class=\u0022post-cover\u0022 style=\u0022background-image:url(\u0027https:\/\/sobusygirls.fr\/media\/cache\/w190\/uploads\/post\/large\/aeba369b270eaba8450ddce93ea4fd8c06c3660e.jpeg\u0027)\u0022\u003E\u003C\/div\u003E\n            \u003Cdiv class=\u0022post-cover-alt\u0022 style=\u0022background-image: url(\u0027https:\/\/sobusygirls.fr\/media\/cache\/w330\/uploads\/post\/square\/aeba369b270eaba8450ddce93ea4fd8c06c3660e.jpeg\u0027)\u0022\u003E\u003C\/div\u003E\n                \u003Cdiv class=\u0022post-bottom\u0022\u003E\n            \u003Cspan class=\u0022post-category\u0022\u003EFood\u003C\/span\u003E\n            \u003Cspan class=\u0022post-title\u0022\u003EJ\u0027ai arr\u00eat\u00e9 de manger du chocolat pendant 1 mois\u0026nbsp;: voici ce qu\u0027il s\u0027est pass\u00e9\u003C\/span\u003E\n            \u003Cspan class=\u0022post-author\u0022\u003EMyl\u00e8ne\u003C\/span\u003E\n            \u003Cspan class=\u0022post-date\u0022\u003E26 avr. 2026\u003C\/span\u003E\n        \u003C\/div\u003E\n    \u003C\/a\u003E\n\u003C\/div\u003E\n            \u003Cdiv class=\u0022post-list-item post-list-item-small col col-4\u0022\u003E\n    \u003Ca href=\u0022\/2026\/04\/05\/kate-middleton-ce-maquillage-inattendu-apres-40-ans-qui-redessine-son-visage\/\u0022\u003E\n                    \u003Cdiv class=\u0022post-cover\u0022 style=\u0022background-image:url(\u0027https:\/\/sobusygirls.fr\/media\/cache\/w190\/uploads\/post\/large\/6bd3fe20e1eef6fac80d4e3c2b37f3c556859471.jpeg\u0027)\u0022\u003E\u003C\/div\u003E\n            \u003Cdiv class=\u0022post-cover-alt\u0022 style=\u0022background-image: url(\u0027https:\/\/sobusygirls.fr\/media\/cache\/w330\/uploads\/post\/square\/6bd3fe20e1eef6fac80d4e3c2b37f3c556859471.jpeg\u0027)\u0022\u003E\u003C\/div\u003E\n                \u003Cdiv class=\u0022post-bottom\u0022\u003E\n            \u003Cspan class=\u0022post-category\u0022\u003EActus\u003C\/span\u003E\n            \u003Cspan class=\u0022post-title\u0022\u003EKate Middleton\u0026nbsp;: ce maquillage inattendu apr\u00e8s 40 ans qui redessine son visage\u003C\/span\u003E\n            \u003Cspan class=\u0022post-author\u0022\u003EMyl\u00e8ne\u003C\/span\u003E\n            \u003Cspan class=\u0022post-date\u0022\u003E26 avr. 2026\u003C\/span\u003E\n        \u003C\/div\u003E\n    \u003C\/a\u003E\n\u003C\/div\u003E\n            \u003Cdiv class=\u0022post-list-item post-list-item-small col col-4\u0022\u003E\n    \u003Ca href=\u0022\/2026\/04\/05\/christophe-hondelatte-depart-13h-france2-polemique-temoignage\/\u0022\u003E\n                    \u003Cdiv class=\u0022post-cover\u0022 style=\u0022background-image:url(\u0027https:\/\/sobusygirls.fr\/media\/cache\/w190\/uploads\/post\/large\/4196323c1f05d09351b7bc381f59c6a450f51115.jpeg\u0027)\u0022\u003E\u003C\/div\u003E\n            \u003Cdiv class=\u0022post-cover-alt\u0022 style=\u0022background-image: url(\u0027https:\/\/sobusygirls.fr\/media\/cache\/w330\/uploads\/post\/square\/4196323c1f05d09351b7bc381f59c6a450f51115.jpeg\u0027)\u0022\u003E\u003C\/div\u003E\n                \u003Cdiv class=\u0022post-bottom\u0022\u003E\n            \u003Cspan class=\u0022post-category\u0022\u003EActus\u003C\/span\u003E\n            \u003Cspan class=\u0022post-title\u0022\u003EChristophe Hondelatte r\u00e9v\u00e8le pourquoi il a quitt\u00e9 le 13h de France 2\u0026nbsp;: \u201c\u00c7a m\u2019a insupport\u00e9\u201d\u003C\/span\u003E\n            \u003Cspan class=\u0022post-author\u0022\u003EMyl\u00e8ne\u003C\/span\u003E\n            \u003Cspan class=\u0022post-date\u0022\u003E26 avr. 2026\u003C\/span\u003E\n        \u003C\/div\u003E\n    \u003C\/a\u003E\n\u003C\/div\u003E\n            \u003Cdiv class=\u0022post-list-item post-list-item-small col col-4\u0022\u003E\n    \u003Ca href=\u0022\/2026\/03\/09\/jean-jacques-goldman-enfants-famille-epouses\/\u0022\u003E\n                    \u003Cdiv class=\u0022post-cover\u0022 style=\u0022background-image:url(\u0027https:\/\/sobusygirls.fr\/media\/cache\/w190\/uploads\/post\/large\/4958d72c9f90777544deeed218df37215d2ee08b.jpeg\u0027)\u0022\u003E\u003C\/div\u003E\n            \u003Cdiv class=\u0022post-cover-alt\u0022 style=\u0022background-image: url(\u0027https:\/\/sobusygirls.fr\/media\/cache\/w330\/uploads\/post\/square\/4958d72c9f90777544deeed218df37215d2ee08b.jpeg\u0027)\u0022\u003E\u003C\/div\u003E\n                \u003Cdiv class=\u0022post-bottom\u0022\u003E\n            \u003Cspan class=\u0022post-category\u0022\u003EActus\u003C\/span\u003E\n            \u003Cspan class=\u0022post-title\u0022\u003EJean-Jacques Goldman\u0026nbsp;: ce que deviennent ses 6 enfants aujourd\u2019hui et les femmes qui ont p...\u003C\/span\u003E\n            \u003Cspan class=\u0022post-author\u0022\u003EMyl\u00e8ne\u003C\/span\u003E\n            \u003Cspan class=\u0022post-date\u0022\u003E26 avr. 2026\u003C\/span\u003E\n        \u003C\/div\u003E\n    \u003C\/a\u003E\n\u003C\/div\u003E\n            \u003Cdiv class=\u0022post-list-item post-list-item-small col col-4\u0022\u003E\n    \u003Ca href=\u0022\/2026\/04\/23\/celine-dion-et-goldman-reunis-les-premiers-resultats-de-leur-nouveau-titre-en-disent-long\/\u0022\u003E\n                    \u003Cdiv class=\u0022post-cover\u0022 style=\u0022background-image:url(\u0027https:\/\/sobusygirls.fr\/media\/cache\/w190\/uploads\/post\/large\/16a4379f414eb12e4685e64a7a8206af6a424a91.jpeg\u0027)\u0022\u003E\u003C\/div\u003E\n            \u003Cdiv class=\u0022post-cover-alt\u0022 style=\u0022background-image: url(\u0027https:\/\/sobusygirls.fr\/media\/cache\/w330\/uploads\/post\/square\/16a4379f414eb12e4685e64a7a8206af6a424a91.jpeg\u0027)\u0022\u003E\u003C\/div\u003E\n                \u003Cdiv class=\u0022post-bottom\u0022\u003E\n            \u003Cspan class=\u0022post-category\u0022\u003EActus\u003C\/span\u003E\n            \u003Cspan class=\u0022post-title\u0022\u003EC\u00e9line Dion et Goldman r\u00e9unis\u0026nbsp;: les premiers r\u00e9sultats de leur nouveau titre en disent lon...\u003C\/span\u003E\n            \u003Cspan class=\u0022post-author\u0022\u003EMyl\u00e8ne\u003C\/span\u003E\n            \u003Cspan class=\u0022post-date\u0022\u003E26 avr. 2026\u003C\/span\u003E\n        \u003C\/div\u003E\n    \u003C\/a\u003E\n\u003C\/div\u003E\n            \u003Cdiv class=\u0022post-list-item post-list-item-small col col-4\u0022\u003E\n    \u003Ca href=\u0022\/2026\/04\/21\/nathalie-baye-laeticia-hallyday-relations-heritage-johnny-hallyday\/\u0022\u003E\n                    \u003Cdiv class=\u0022post-cover\u0022 style=\u0022background-image:url(\u0027https:\/\/sobusygirls.fr\/media\/cache\/w190\/uploads\/post\/large\/add4f65b7bfb2293a8a03951c6207f78a8d30722.jpeg\u0027)\u0022\u003E\u003C\/div\u003E\n            \u003Cdiv class=\u0022post-cover-alt\u0022 style=\u0022background-image: url(\u0027https:\/\/sobusygirls.fr\/media\/cache\/w330\/uploads\/post\/square\/add4f65b7bfb2293a8a03951c6207f78a8d30722.jpeg\u0027)\u0022\u003E\u003C\/div\u003E\n                \u003Cdiv class=\u0022post-bottom\u0022\u003E\n            \u003Cspan class=\u0022post-category\u0022\u003EActus\u003C\/span\u003E\n            \u003Cspan class=\u0022post-title\u0022\u003ECe que Nathalie Baye disait vraiment de Laeticia Hallyday avant sa disparition\u003C\/span\u003E\n            \u003Cspan class=\u0022post-author\u0022\u003EMyl\u00e8ne\u003C\/span\u003E\n            \u003Cspan class=\u0022post-date\u0022\u003E26 avr. 2026\u003C\/span\u003E\n        \u003C\/div\u003E\n    \u003C\/a\u003E\n\u003C\/div\u003E\n            \u003Cdiv class=\u0022post-list-item post-list-item-small col col-4\u0022\u003E\n    \u003Ca href=\u0022\/2026\/04\/22\/nathalie-baye-heritage-johnny-hallyday-tensions-famille\/\u0022\u003E\n                    \u003Cdiv class=\u0022post-cover\u0022 style=\u0022background-image:url(\u0027https:\/\/sobusygirls.fr\/media\/cache\/w190\/uploads\/post\/large\/653a0f7eebd02677a89896b7c669ca00c963232a.jpeg\u0027)\u0022\u003E\u003C\/div\u003E\n            \u003Cdiv class=\u0022post-cover-alt\u0022 style=\u0022background-image: url(\u0027https:\/\/sobusygirls.fr\/media\/cache\/w330\/uploads\/post\/square\/653a0f7eebd02677a89896b7c669ca00c963232a.jpeg\u0027)\u0022\u003E\u003C\/div\u003E\n                \u003Cdiv class=\u0022post-bottom\u0022\u003E\n            \u003Cspan class=\u0022post-category\u0022\u003EActus\u003C\/span\u003E\n            \u003Cspan class=\u0022post-title\u0022\u003E\u0022Les a\u00een\u00e9s \u00e9taient ses b\u00eates noires\u0022\u0026nbsp;: cette d\u00e9claration de Nathalie Baye sur Laeticia Hal...\u003C\/span\u003E\n            \u003Cspan class=\u0022post-author\u0022\u003EMyl\u00e8ne\u003C\/span\u003E\n            \u003Cspan class=\u0022post-date\u0022\u003E26 avr. 2026\u003C\/span\u003E\n        \u003C\/div\u003E\n    \u003C\/a\u003E\n\u003C\/div\u003E\n            \u003Cdiv class=\u0022post-list-item post-list-item-small col col-4\u0022\u003E\n    \u003Ca href=\u0022\/2026\/03\/29\/jade-hallyday-couple-aaron-thomas-anniversaire-amour-declaration\/\u0022\u003E\n                    \u003Cdiv class=\u0022post-cover\u0022 style=\u0022background-image:url(\u0027https:\/\/sobusygirls.fr\/media\/cache\/w190\/uploads\/post\/large\/2ad727be4569e751229fd32e690c3d5e7710e435.jpeg\u0027)\u0022\u003E\u003C\/div\u003E\n            \u003Cdiv class=\u0022post-cover-alt\u0022 style=\u0022background-image: url(\u0027https:\/\/sobusygirls.fr\/media\/cache\/w330\/uploads\/post\/square\/2ad727be4569e751229fd32e690c3d5e7710e435.jpeg\u0027)\u0022\u003E\u003C\/div\u003E\n                \u003Cdiv class=\u0022post-bottom\u0022\u003E\n            \u003Cspan class=\u0022post-category\u0022\u003EActus\u003C\/span\u003E\n            \u003Cspan class=\u0022post-title\u0022\u003E\u00ab Je t\u2019aime pour toujours \u00bb\u0026nbsp;: la d\u00e9claration adorable d\u2019Aaron Thomas \u00e0 Jade Hallyday pour...\u003C\/span\u003E\n            \u003Cspan class=\u0022post-author\u0022\u003EMyl\u00e8ne\u003C\/span\u003E\n            \u003Cspan class=\u0022post-date\u0022\u003E26 avr. 2026\u003C\/span\u003E\n        \u003C\/div\u003E\n    \u003C\/a\u003E\n\u003C\/div\u003E\n            \u003Cdiv class=\u0022post-list-item post-list-item-small col col-4\u0022\u003E\n    \u003Ca href=\u0022\/2026\/04\/22\/nathalie-baye-laeticia-hallyday-relations-heritage-johnny-hallyday-1\/\u0022\u003E\n                    \u003Cdiv class=\u0022post-cover\u0022 style=\u0022background-image:url(\u0027https:\/\/sobusygirls.fr\/media\/cache\/w190\/uploads\/post\/large\/0e9644f48859a44e7d061ba6b32f6a36252b21a6.jpeg\u0027)\u0022\u003E\u003C\/div\u003E\n            \u003Cdiv class=\u0022post-cover-alt\u0022 style=\u0022background-image: url(\u0027https:\/\/sobusygirls.fr\/media\/cache\/w330\/uploads\/post\/square\/0e9644f48859a44e7d061ba6b32f6a36252b21a6.jpeg\u0027)\u0022\u003E\u003C\/div\u003E\n                \u003Cdiv class=\u0022post-bottom\u0022\u003E\n            \u003Cspan class=\u0022post-category\u0022\u003EActus\u003C\/span\u003E\n            \u003Cspan class=\u0022post-title\u0022\u003ECette phrase de Nathalie Baye sur Laeticia Hallyday qui en disait beaucoup plus qu\u2019elle n\u2019...\u003C\/span\u003E\n            \u003Cspan class=\u0022post-author\u0022\u003EMyl\u00e8ne\u003C\/span\u003E\n            \u003Cspan class=\u0022post-date\u0022\u003E26 avr. 2026\u003C\/span\u003E\n        \u003C\/div\u003E\n    \u003C\/a\u003E\n\u003C\/div\u003E\n            \u003Cdiv class=\u0022post-list-item post-list-item-small col col-4\u0022\u003E\n    \u003Ca href=\u0022\/2026\/04\/24\/florent-pagny-cambriolage-montfort-lamaury-prejudice-enquete\/\u0022\u003E\n                    \u003Cdiv class=\u0022post-cover\u0022 style=\u0022background-image:url(\u0027https:\/\/sobusygirls.fr\/media\/cache\/w190\/uploads\/post\/large\/5c2d597ec594e2a859acefbcc04d1d09f6df3502.jpeg\u0027)\u0022\u003E\u003C\/div\u003E\n            \u003Cdiv class=\u0022post-cover-alt\u0022 style=\u0022background-image: url(\u0027https:\/\/sobusygirls.fr\/media\/cache\/w330\/uploads\/post\/square\/5c2d597ec594e2a859acefbcc04d1d09f6df3502.jpeg\u0027)\u0022\u003E\u003C\/div\u003E\n                \u003Cdiv class=\u0022post-bottom\u0022\u003E\n            \u003Cspan class=\u0022post-category\u0022\u003EActus\u003C\/span\u003E\n            \u003Cspan class=\u0022post-title\u0022\u003ECambriolage chez Florent Pagny\u0026nbsp;: ce que r\u00e9v\u00e8le l\u2019enqu\u00eate apr\u00e8s un pr\u00e9judice de 320 000 eur...\u003C\/span\u003E\n            \u003Cspan class=\u0022post-author\u0022\u003EMyl\u00e8ne\u003C\/span\u003E\n            \u003Cspan class=\u0022post-date\u0022\u003E26 avr. 2026\u003C\/span\u003E\n        \u003C\/div\u003E\n    \u003C\/a\u003E\n\u003C\/div\u003E\n            \u003Cdiv class=\u0022post-list-item post-list-item-small col col-4\u0022\u003E\n    \u003Ca href=\u0022\/2026\/01\/22\/victoria-beckham-danse-mariage-brooklyn-temoignage-invite\/\u0022\u003E\n                    \u003Cdiv class=\u0022post-cover\u0022 style=\u0022background-image:url(\u0027https:\/\/sobusygirls.fr\/media\/cache\/w190\/uploads\/post\/large\/a86fed5693efbe458190b3deafdab67058fdff26.jpeg\u0027)\u0022\u003E\u003C\/div\u003E\n            \u003Cdiv class=\u0022post-cover-alt\u0022 style=\u0022background-image: url(\u0027https:\/\/sobusygirls.fr\/media\/cache\/w330\/uploads\/post\/square\/a86fed5693efbe458190b3deafdab67058fdff26.jpeg\u0027)\u0022\u003E\u003C\/div\u003E\n                \u003Cdiv class=\u0022post-bottom\u0022\u003E\n            \u003Cspan class=\u0022post-category\u0022\u003EActus\u003C\/span\u003E\n            \u003Cspan class=\u0022post-title\u0022\u003E\u00ab Elle a tout g\u00e2ch\u00e9 \u00bb\u0026nbsp;: ce qui s\u2019est vraiment pass\u00e9 avec Victoria Beckham lors du mariage...\u003C\/span\u003E\n            \u003Cspan class=\u0022post-author\u0022\u003EMyl\u00e8ne\u003C\/span\u003E\n            \u003Cspan class=\u0022post-date\u0022\u003E26 avr. 2026\u003C\/span\u003E\n        \u003C\/div\u003E\n    \u003C\/a\u003E\n\u003C\/div\u003E\n            \u003Cdiv class=\u0022post-list-item post-list-item-small col col-4\u0022\u003E\n    \u003Ca href=\u0022\/2026\/04\/06\/fauve-hautot-enceinte-danse-avec-les-stars-grossesse-rumeur\/\u0022\u003E\n                    \u003Cdiv class=\u0022post-cover\u0022 style=\u0022background-image:url(\u0027https:\/\/sobusygirls.fr\/media\/cache\/w190\/uploads\/post\/large\/0996ad90291c5d35839f352c553399601a4581a8.jpeg\u0027)\u0022\u003E\u003C\/div\u003E\n            \u003Cdiv class=\u0022post-cover-alt\u0022 style=\u0022background-image: url(\u0027https:\/\/sobusygirls.fr\/media\/cache\/w330\/uploads\/post\/square\/0996ad90291c5d35839f352c553399601a4581a8.jpeg\u0027)\u0022\u003E\u003C\/div\u003E\n                \u003Cdiv class=\u0022post-bottom\u0022\u003E\n            \u003Cspan class=\u0022post-category\u0022\u003EActus\u003C\/span\u003E\n            \u003Cspan class=\u0022post-title\u0022\u003EFauve Hautot enceinte \u00e0 40 ans\u0026nbsp;? Son ventre arrondi dans Danse avec les stars relance les...\u003C\/span\u003E\n            \u003Cspan class=\u0022post-author\u0022\u003EMyl\u00e8ne\u003C\/span\u003E\n            \u003Cspan class=\u0022post-date\u0022\u003E26 avr. 2026\u003C\/span\u003E\n        \u003C\/div\u003E\n    \u003C\/a\u003E\n\u003C\/div\u003E\n            \u003Cdiv class=\u0022post-list-item post-list-item-small col col-4\u0022\u003E\n    \u003Ca href=\u0022\/2025\/09\/26\/lea-salame-raphael-glucksmann-couple-confidences\/\u0022\u003E\n                    \u003Cdiv class=\u0022post-cover\u0022 style=\u0022background-image:url(\u0027https:\/\/sobusygirls.fr\/media\/cache\/w190\/uploads\/post\/large\/492a2539d3c8164c5279c6c7422b7eb8d3e38126.jpeg\u0027)\u0022\u003E\u003C\/div\u003E\n            \u003Cdiv class=\u0022post-cover-alt\u0022 style=\u0022background-image: url(\u0027https:\/\/sobusygirls.fr\/media\/cache\/w330\/uploads\/post\/square\/492a2539d3c8164c5279c6c7422b7eb8d3e38126.jpeg\u0027)\u0022\u003E\u003C\/div\u003E\n                \u003Cdiv class=\u0022post-bottom\u0022\u003E\n            \u003Cspan class=\u0022post-category\u0022\u003EActus\u003C\/span\u003E\n            \u003Cspan class=\u0022post-title\u0022\u003E\u00ab Ah non, je le bute\u0026nbsp;! \u00bb\u0026nbsp;: L\u00e9a Salam\u00e9 se confie sur sa relation de couple avec Rapha\u00ebl Glu...\u003C\/span\u003E\n            \u003Cspan class=\u0022post-author\u0022\u003EMyl\u00e8ne\u003C\/span\u003E\n            \u003Cspan class=\u0022post-date\u0022\u003E26 avr. 2026\u003C\/span\u003E\n        \u003C\/div\u003E\n    \u003C\/a\u003E\n\u003C\/div\u003E\n            \u003Cdiv class=\u0022post-list-item post-list-item-small col col-4\u0022\u003E\n    \u003Ca href=\u0022\/2025\/12\/12\/jade-hallyday-bungalow-million-dollars-johnny-hallyday\/\u0022\u003E\n                    \u003Cdiv class=\u0022post-cover\u0022 style=\u0022background-image:url(\u0027https:\/\/sobusygirls.fr\/media\/cache\/w190\/uploads\/post\/large\/60cd0f9c2df96e89b64251b9428a9f005ca714c8.jpeg\u0027)\u0022\u003E\u003C\/div\u003E\n            \u003Cdiv class=\u0022post-cover-alt\u0022 style=\u0022background-image: url(\u0027https:\/\/sobusygirls.fr\/media\/cache\/w330\/uploads\/post\/square\/60cd0f9c2df96e89b64251b9428a9f005ca714c8.jpeg\u0027)\u0022\u003E\u003C\/div\u003E\n                \u003Cdiv class=\u0022post-bottom\u0022\u003E\n            \u003Cspan class=\u0022post-category\u0022\u003EActus\u003C\/span\u003E\n            \u003Cspan class=\u0022post-title\u0022\u003EUn bungalow \u00e0 un million de dollars\u0026nbsp;: voici l\u00e0 o\u00f9 vit d\u00e9sormais Jade Hallyday, la fille de...\u003C\/span\u003E\n            \u003Cspan class=\u0022post-author\u0022\u003EMyl\u00e8ne\u003C\/span\u003E\n            \u003Cspan class=\u0022post-date\u0022\u003E26 avr. 2026\u003C\/span\u003E\n        \u003C\/div\u003E\n    \u003C\/a\u003E\n\u003C\/div\u003E\n            \u003Cdiv class=\u0022post-list-item post-list-item-small col col-4\u0022\u003E\n    \u003Ca href=\u0022\/2026\/03\/27\/il-contre-attaque-la-decision-radicale-de-patrick-bruel-apres-les-accusations-qui-secouent-sa-carriere\/\u0022\u003E\n                    \u003Cdiv class=\u0022post-cover\u0022 style=\u0022background-image:url(\u0027https:\/\/sobusygirls.fr\/media\/cache\/w190\/uploads\/post\/large\/888776af18206a1cfa3891001a46c797914971c8.jpeg\u0027)\u0022\u003E\u003C\/div\u003E\n            \u003Cdiv class=\u0022post-cover-alt\u0022 style=\u0022background-image: url(\u0027https:\/\/sobusygirls.fr\/media\/cache\/w330\/uploads\/post\/square\/888776af18206a1cfa3891001a46c797914971c8.jpeg\u0027)\u0022\u003E\u003C\/div\u003E\n                \u003Cdiv class=\u0022post-bottom\u0022\u003E\n            \u003Cspan class=\u0022post-category\u0022\u003EActus\u003C\/span\u003E\n            \u003Cspan class=\u0022post-title\u0022\u003E\u0022Il contre-attaque\u0022\u0026nbsp;: la d\u00e9cision radicale de Patrick Bruel apr\u00e8s les accusations qui seco...\u003C\/span\u003E\n            \u003Cspan class=\u0022post-author\u0022\u003EMyl\u00e8ne\u003C\/span\u003E\n            \u003Cspan class=\u0022post-date\u0022\u003E26 avr. 2026\u003C\/span\u003E\n        \u003C\/div\u003E\n    \u003C\/a\u003E\n\u003C\/div\u003E\n            \u003Cdiv class=\u0022post-list-item post-list-item-small col col-4\u0022\u003E\n    \u003Ca href=\u0022\/2026\/01\/21\/danse-avec-les-stars-salaire-danseurs-professionnels-tf1-2026\/\u0022\u003E\n                    \u003Cdiv class=\u0022post-cover\u0022 style=\u0022background-image:url(\u0027https:\/\/sobusygirls.fr\/media\/cache\/w190\/uploads\/post\/large\/39414236e96141eb95f9bee95b511dfab9a02d0b.jpeg\u0027)\u0022\u003E\u003C\/div\u003E\n            \u003Cdiv class=\u0022post-cover-alt\u0022 style=\u0022background-image: url(\u0027https:\/\/sobusygirls.fr\/media\/cache\/w330\/uploads\/post\/square\/39414236e96141eb95f9bee95b511dfab9a02d0b.jpeg\u0027)\u0022\u003E\u003C\/div\u003E\n                \u003Cdiv class=\u0022post-bottom\u0022\u003E\n            \u003Cspan class=\u0022post-category\u0022\u003EActus\u003C\/span\u003E\n            \u003Cspan class=\u0022post-title\u0022\u003EDanse avec les stars\u0026nbsp;: combien touchent vraiment les danseurs professionnels chaque saison...\u003C\/span\u003E\n            \u003Cspan class=\u0022post-author\u0022\u003EMyl\u00e8ne\u003C\/span\u003E\n            \u003Cspan class=\u0022post-date\u0022\u003E26 avr. 2026\u003C\/span\u003E\n        \u003C\/div\u003E\n    \u003C\/a\u003E\n\u003C\/div\u003E\n            \u003Cdiv class=\u0022post-list-item post-list-item-small col col-4\u0022\u003E\n    \u003Ca href=\u0022\/2026\/02\/16\/jack-lang-roselyne-bachelot-moque-epstein-ima-livre-suspendu\/\u0022\u003E\n                    \u003Cdiv class=\u0022post-cover\u0022 style=\u0022background-image:url(\u0027https:\/\/sobusygirls.fr\/media\/cache\/w190\/uploads\/post\/large\/f6aa4d89fc18e6cf509433f46de35342b96856aa.jpeg\u0027)\u0022\u003E\u003C\/div\u003E\n            \u003Cdiv class=\u0022post-cover-alt\u0022 style=\u0022background-image: url(\u0027https:\/\/sobusygirls.fr\/media\/cache\/w330\/uploads\/post\/square\/f6aa4d89fc18e6cf509433f46de35342b96856aa.jpeg\u0027)\u0022\u003E\u003C\/div\u003E\n                \u003Cdiv class=\u0022post-bottom\u0022\u003E\n            \u003Cspan class=\u0022post-category\u0022\u003EActus\u003C\/span\u003E\n            \u003Cspan class=\u0022post-title\u0022\u003E\u201cLe paquet de teinture\u2026\u201d\u0026nbsp;: la moquerie de Roselyne Bachelot qui enfonce Jack Lang et fait...\u003C\/span\u003E\n            \u003Cspan class=\u0022post-author\u0022\u003EMyl\u00e8ne\u003C\/span\u003E\n            \u003Cspan class=\u0022post-date\u0022\u003E26 avr. 2026\u003C\/span\u003E\n        \u003C\/div\u003E\n    \u003C\/a\u003E\n\u003C\/div\u003E\n            \u003Cdiv class=\u0022post-list-item post-list-item-small col col-4\u0022\u003E\n    \u003Ca href=\u0022\/2025\/12\/12\/laeticia-hallyday-revenus-actuels-dette-johnny\/\u0022\u003E\n                    \u003Cdiv class=\u0022post-cover\u0022 style=\u0022background-image:url(\u0027https:\/\/sobusygirls.fr\/media\/cache\/w190\/uploads\/post\/large\/8fcededc93d31cc090a0fbbe98df624efd081781.jpeg\u0027)\u0022\u003E\u003C\/div\u003E\n            \u003Cdiv class=\u0022post-cover-alt\u0022 style=\u0022background-image: url(\u0027https:\/\/sobusygirls.fr\/media\/cache\/w330\/uploads\/post\/square\/8fcededc93d31cc090a0fbbe98df624efd081781.jpeg\u0027)\u0022\u003E\u003C\/div\u003E\n                \u003Cdiv class=\u0022post-bottom\u0022\u003E\n            \u003Cspan class=\u0022post-category\u0022\u003EActus\u003C\/span\u003E\n            \u003Cspan class=\u0022post-title\u0022\u003EDe quoi vit Laeticia Hallyday aujourd\u2019hui\u0026nbsp;? Les dessous d\u2019une reconstruction discr\u00e8te\u003C\/span\u003E\n            \u003Cspan class=\u0022post-author\u0022\u003EMyl\u00e8ne\u003C\/span\u003E\n            \u003Cspan class=\u0022post-date\u0022\u003E26 avr. 2026\u003C\/span\u003E\n        \u003C\/div\u003E\n    \u003C\/a\u003E\n\u003C\/div\u003E\n            \u003Cdiv class=\u0022post-list-item post-list-item-small col col-4\u0022\u003E\n    \u003Ca href=\u0022\/2026\/04\/02\/patrick-bruel-accuse-agressions-sexuelles-temoignage-chaperon\/\u0022\u003E\n                    \u003Cdiv class=\u0022post-cover\u0022 style=\u0022background-image:url(\u0027https:\/\/sobusygirls.fr\/media\/cache\/w190\/uploads\/post\/large\/8be80691c88fc67fda65acca593e026569e19ceb.jpeg\u0027)\u0022\u003E\u003C\/div\u003E\n            \u003Cdiv class=\u0022post-cover-alt\u0022 style=\u0022background-image: url(\u0027https:\/\/sobusygirls.fr\/media\/cache\/w330\/uploads\/post\/square\/8be80691c88fc67fda65acca593e026569e19ceb.jpeg\u0027)\u0022\u003E\u003C\/div\u003E\n                \u003Cdiv class=\u0022post-bottom\u0022\u003E\n            \u003Cspan class=\u0022post-category\u0022\u003EActus\u003C\/span\u003E\n            \u003Cspan class=\u0022post-title\u0022\u003E\u00ab Il avait un chaperon pour nettoyer derri\u00e8re lui \u00bb\u0026nbsp;: ces r\u00e9v\u00e9lations troublantes qui s\u2019aj...\u003C\/span\u003E\n            \u003Cspan class=\u0022post-author\u0022\u003EMyl\u00e8ne\u003C\/span\u003E\n            \u003Cspan class=\u0022post-date\u0022\u003E26 avr. 2026\u003C\/span\u003E\n        \u003C\/div\u003E\n    \u003C\/a\u003E\n\u003C\/div\u003E\n            \u003Cdiv class=\u0022post-list-item post-list-item-small col col-4\u0022\u003E\n    \u003Ca href=\u0022\/2025\/12\/30\/prince-william-salaire-2025-duche-cornouailles\/\u0022\u003E\n                    \u003Cdiv class=\u0022post-cover\u0022 style=\u0022background-image:url(\u0027https:\/\/sobusygirls.fr\/media\/cache\/w190\/uploads\/post\/large\/161f88d2f140fdbd9e4ab51b649622a339faf0c1.jpeg\u0027)\u0022\u003E\u003C\/div\u003E\n            \u003Cdiv class=\u0022post-cover-alt\u0022 style=\u0022background-image: url(\u0027https:\/\/sobusygirls.fr\/media\/cache\/w330\/uploads\/post\/square\/161f88d2f140fdbd9e4ab51b649622a339faf0c1.jpeg\u0027)\u0022\u003E\u003C\/div\u003E\n                \u003Cdiv class=\u0022post-bottom\u0022\u003E\n            \u003Cspan class=\u0022post-category\u0022\u003EActus\u003C\/span\u003E\n            \u003Cspan class=\u0022post-title\u0022\u003EVoici le salaire vertigineux que le prince William a touch\u00e9 en 2025\u003C\/span\u003E\n            \u003Cspan class=\u0022post-author\u0022\u003EMyl\u00e8ne\u003C\/span\u003E\n            \u003Cspan class=\u0022post-date\u0022\u003E26 avr. 2026\u003C\/span\u003E\n        \u003C\/div\u003E\n    \u003C\/a\u003E\n\u003C\/div\u003E\n            \u003Cdiv class=\u0022post-list-item post-list-item-small col col-4\u0022\u003E\n    \u003Ca href=\u0022\/2026\/04\/02\/anny-duperey-patrick-bruel-defense-accusations-violences-sexuelles\/\u0022\u003E\n                    \u003Cdiv class=\u0022post-cover\u0022 style=\u0022background-image:url(\u0027https:\/\/sobusygirls.fr\/media\/cache\/w190\/uploads\/post\/large\/bf44a0a1966eda869cbfac731afa8e8c883da351.jpeg\u0027)\u0022\u003E\u003C\/div\u003E\n            \u003Cdiv class=\u0022post-cover-alt\u0022 style=\u0022background-image: url(\u0027https:\/\/sobusygirls.fr\/media\/cache\/w330\/uploads\/post\/square\/bf44a0a1966eda869cbfac731afa8e8c883da351.jpeg\u0027)\u0022\u003E\u003C\/div\u003E\n                \u003Cdiv class=\u0022post-bottom\u0022\u003E\n            \u003Cspan class=\u0022post-category\u0022\u003EActus\u003C\/span\u003E\n            \u003Cspan class=\u0022post-title\u0022\u003E\u00ab C\u0027est lui qui aurait pu porter plainte \u00bb\u0026nbsp;: pourquoi la prise de parole d\u2019Anny Duperey po...\u003C\/span\u003E\n            \u003Cspan class=\u0022post-author\u0022\u003EMyl\u00e8ne\u003C\/span\u003E\n            \u003Cspan class=\u0022post-date\u0022\u003E26 avr. 2026\u003C\/span\u003E\n        \u003C\/div\u003E\n    \u003C\/a\u003E\n\u003C\/div\u003E\n            \u003Cdiv class=\u0022post-list-item post-list-item-small col col-4\u0022\u003E\n    \u003Ca href=\u0022\/2025\/08\/30\/jen-ai-eu-assez-jai-debranche-michel-cymes-revient-sur-sa-separation-avec-adriana-karembeu\/\u0022\u003E\n                    \u003Cdiv class=\u0022post-cover\u0022 style=\u0022background-image:url(\u0027https:\/\/sobusygirls.fr\/media\/cache\/w190\/uploads\/post\/large\/92c48e698470d0ddf927e361f9086383be985f5b.jpeg\u0027)\u0022\u003E\u003C\/div\u003E\n            \u003Cdiv class=\u0022post-cover-alt\u0022 style=\u0022background-image: url(\u0027https:\/\/sobusygirls.fr\/media\/cache\/w330\/uploads\/post\/square\/92c48e698470d0ddf927e361f9086383be985f5b.jpeg\u0027)\u0022\u003E\u003C\/div\u003E\n                \u003Cdiv class=\u0022post-bottom\u0022\u003E\n            \u003Cspan class=\u0022post-category\u0022\u003EActus\u003C\/span\u003E\n            \u003Cspan class=\u0022post-title\u0022\u003E\u201cJ\u2019en ai eu assez, j\u0027ai d\u00e9branch\u00e9\u201d\u0026nbsp;: Michel Cymes revient sur sa s\u00e9paration avec Adriana K...\u003C\/span\u003E\n            \u003Cspan class=\u0022post-author\u0022\u003EMyl\u00e8ne\u003C\/span\u003E\n            \u003Cspan class=\u0022post-date\u0022\u003E26 avr. 2026\u003C\/span\u003E\n        \u003C\/div\u003E\n    \u003C\/a\u003E\n\u003C\/div\u003E\n            \u003Cdiv class=\u0022post-list-item post-list-item-small col col-4\u0022\u003E\n    \u003Ca href=\u0022\/2025\/10\/20\/kate-william-choques-rumeur-meghan-markle-employe-palais\/\u0022\u003E\n                    \u003Cdiv class=\u0022post-cover\u0022 style=\u0022background-image:url(\u0027https:\/\/sobusygirls.fr\/media\/cache\/w190\/uploads\/post\/large\/70c7b23f6e2a36d25807b066eaaf0f1b743f18cb.jpeg\u0027)\u0022\u003E\u003C\/div\u003E\n            \u003Cdiv class=\u0022post-cover-alt\u0022 style=\u0022background-image: url(\u0027https:\/\/sobusygirls.fr\/media\/cache\/w330\/uploads\/post\/square\/70c7b23f6e2a36d25807b066eaaf0f1b743f18cb.jpeg\u0027)\u0022\u003E\u003C\/div\u003E\n                \u003Cdiv class=\u0022post-bottom\u0022\u003E\n            \u003Cspan class=\u0022post-category\u0022\u003EActus\u003C\/span\u003E\n            \u003Cspan class=\u0022post-title\u0022\u003EKate et William choqu\u00e9s et \u0022perturb\u00e9s\u0022 par la derni\u00e8re rumeur sur Meghan Markle\u003C\/span\u003E\n            \u003Cspan class=\u0022post-author\u0022\u003EMyl\u00e8ne\u003C\/span\u003E\n            \u003Cspan class=\u0022post-date\u0022\u003E26 avr. 2026\u003C\/span\u003E\n        \u003C\/div\u003E\n    \u003C\/a\u003E\n\u003C\/div\u003E\n            \u003Cdiv class=\u0022post-list-item post-list-item-small col col-4\u0022\u003E\n    \u003Ca href=\u0022\/2025\/09\/20\/meghan-markle-photo-instagram-critique-timing-trump-kate-william\/\u0022\u003E\n                    \u003Cdiv class=\u0022post-cover\u0022 style=\u0022background-image:url(\u0027https:\/\/sobusygirls.fr\/media\/cache\/w190\/uploads\/post\/large\/2ecc69656b7f47b52da3ff10a9e2258dca530e38.jpeg\u0027)\u0022\u003E\u003C\/div\u003E\n            \u003Cdiv class=\u0022post-cover-alt\u0022 style=\u0022background-image: url(\u0027https:\/\/sobusygirls.fr\/media\/cache\/w330\/uploads\/post\/square\/2ecc69656b7f47b52da3ff10a9e2258dca530e38.jpeg\u0027)\u0022\u003E\u003C\/div\u003E\n                \u003Cdiv class=\u0022post-bottom\u0022\u003E\n            \u003Cspan class=\u0022post-category\u0022\u003ELifestyle\u003C\/span\u003E\n            \u003Cspan class=\u0022post-title\u0022\u003E\u00ab Elle n\u2019a pas pu s\u2019en emp\u00eacher \u00bb\u0026nbsp;: la derni\u00e8re photo de Meghan Markle enflamme encore la...\u003C\/span\u003E\n            \u003Cspan class=\u0022post-author\u0022\u003EMyl\u00e8ne\u003C\/span\u003E\n            \u003Cspan class=\u0022post-date\u0022\u003E26 avr. 2026\u003C\/span\u003E\n        \u003C\/div\u003E\n    \u003C\/a\u003E\n\u003C\/div\u003E\n    \u003C\/div\u003E\n    \u003Cdiv class=\u0022posts-load-more-container\u0022\u003E\n        \u003Ca href=\u0022\/ajax\/author\/posts?author=so_busy\u0026amp;pp=1777203420\u0026amp;pc=1758388109\u0022 id=\u0022posts-load-more\u0022 class=\u0022posts-load-more\u0022\u003ECharger plus d\u0026#039;articles\u003C\/a\u003E\n    \u003C\/div\u003E\n"}