{"content":"\n\u003Cdiv class=\u0022posts row\u0022\u003E\n            \u003Cdiv class=\u0022post-list-item post-list-item-small col col-4\u0022\u003E\n    \u003Ca href=\u0022\/2026\/04\/15\/bardella-maria-carolina-rencontre-monaco-grand-prix-revelations\/\u0022\u003E\n                    \u003Cdiv class=\u0022post-cover\u0022 style=\u0022background-image:url(\u0027https:\/\/sobusygirls.fr\/media\/cache\/w190\/uploads\/post\/large\/4999b5275150ab1c8078bc19a244ca42f1d787e0.jpeg\u0027)\u0022\u003E\u003C\/div\u003E\n            \u003Cdiv class=\u0022post-cover-alt\u0022 style=\u0022background-image: url(\u0027https:\/\/sobusygirls.fr\/media\/cache\/w330\/uploads\/post\/square\/4999b5275150ab1c8078bc19a244ca42f1d787e0.jpeg\u0027)\u0022\u003E\u003C\/div\u003E\n                \u003Cdiv class=\u0022post-bottom\u0022\u003E\n            \u003Cspan class=\u0022post-category\u0022\u003EActus\u003C\/span\u003E\n            \u003Cspan class=\u0022post-title\u0022\u003ELeur rencontre \u00e0 Monaco n\u2019avait rien d\u2019un hasard\u0026nbsp;: ce d\u00e9tail qui \u00e9claire la relation Barde...\u003C\/span\u003E\n            \u003Cspan class=\u0022post-author\u0022\u003ELaura\u003C\/span\u003E\n            \u003Cspan class=\u0022post-date\u0022\u003E26 avr. 2026\u003C\/span\u003E\n        \u003C\/div\u003E\n    \u003C\/a\u003E\n\u003C\/div\u003E\n            \u003Cdiv class=\u0022post-list-item post-list-item-small col col-4\u0022\u003E\n    \u003Ca href=\u0022\/2026\/04\/26\/13h-puis-minuit-ces-horaires-precis-ou-tout-peut-changer-dans-7-departements\/\u0022\u003E\n                    \u003Cdiv class=\u0022post-cover\u0022 style=\u0022background-image:url(\u0027https:\/\/sobusygirls.fr\/media\/cache\/w190\/uploads\/post\/large\/8504e6876e61ac6e99adc9a3fd2c58005d255255.jpeg\u0027)\u0022\u003E\u003C\/div\u003E\n            \u003Cdiv class=\u0022post-cover-alt\u0022 style=\u0022background-image: url(\u0027https:\/\/sobusygirls.fr\/media\/cache\/w330\/uploads\/post\/square\/8504e6876e61ac6e99adc9a3fd2c58005d255255.jpeg\u0027)\u0022\u003E\u003C\/div\u003E\n                \u003Cdiv class=\u0022post-bottom\u0022\u003E\n            \u003Cspan class=\u0022post-category\u0022\u003EActus\u003C\/span\u003E\n            \u003Cspan class=\u0022post-title\u0022\u003E13h, puis minuit\u0026nbsp;: ces horaires pr\u00e9cis o\u00f9 tout peut changer dans 7 d\u00e9partements\u003C\/span\u003E\n            \u003Cspan class=\u0022post-author\u0022\u003ELaura\u003C\/span\u003E\n            \u003Cspan class=\u0022post-date\u0022\u003E26 avr. 2026\u003C\/span\u003E\n        \u003C\/div\u003E\n    \u003C\/a\u003E\n\u003C\/div\u003E\n            \u003Cdiv class=\u0022post-list-item post-list-item-small col col-4\u0022\u003E\n    \u003Ca href=\u0022\/2026\/01\/19\/emmanuel-macron-epingle-public-ancien-ami-quelle-epoque\/\u0022\u003E\n                    \u003Cdiv class=\u0022post-cover\u0022 style=\u0022background-image:url(\u0027https:\/\/sobusygirls.fr\/media\/cache\/w190\/uploads\/post\/large\/e0984440104a9db285e883fb7f7b5f59dd60d687.jpeg\u0027)\u0022\u003E\u003C\/div\u003E\n            \u003Cdiv class=\u0022post-cover-alt\u0022 style=\u0022background-image: url(\u0027https:\/\/sobusygirls.fr\/media\/cache\/w330\/uploads\/post\/square\/e0984440104a9db285e883fb7f7b5f59dd60d687.jpeg\u0027)\u0022\u003E\u003C\/div\u003E\n                \u003Cdiv class=\u0022post-bottom\u0022\u003E\n            \u003Cspan class=\u0022post-category\u0022\u003EActus\u003C\/span\u003E\n            \u003Cspan class=\u0022post-title\u0022\u003E\u0022Tu g\u00e2ches tout\u0022\u0026nbsp;: cette phrase l\u00e2ch\u00e9e en direct qui met Emmanuel Macron face \u00e0 ses d\u00e9sill...\u003C\/span\u003E\n            \u003Cspan class=\u0022post-author\u0022\u003ELaura\u003C\/span\u003E\n            \u003Cspan class=\u0022post-date\u0022\u003E26 avr. 2026\u003C\/span\u003E\n        \u003C\/div\u003E\n    \u003C\/a\u003E\n\u003C\/div\u003E\n            \u003Cdiv class=\u0022post-list-item post-list-item-small col col-4\u0022\u003E\n    \u003Ca href=\u0022\/2026\/04\/12\/rachida-dati-defaite-paris-reactions-droite-accusations-division\/\u0022\u003E\n                    \u003Cdiv class=\u0022post-cover\u0022 style=\u0022background-image:url(\u0027https:\/\/sobusygirls.fr\/media\/cache\/w190\/uploads\/post\/large\/14c07c869e3f4d585c8f082bf640f1aa72b664de.jpeg\u0027)\u0022\u003E\u003C\/div\u003E\n            \u003Cdiv class=\u0022post-cover-alt\u0022 style=\u0022background-image: url(\u0027https:\/\/sobusygirls.fr\/media\/cache\/w330\/uploads\/post\/square\/14c07c869e3f4d585c8f082bf640f1aa72b664de.jpeg\u0027)\u0022\u003E\u003C\/div\u003E\n                \u003Cdiv class=\u0022post-bottom\u0022\u003E\n            \u003Cspan class=\u0022post-category\u0022\u003EActus\u003C\/span\u003E\n            \u003Cspan class=\u0022post-title\u0022\u003ED\u00e9faite \u00e0 Paris\u0026nbsp;: ce que ses propres alli\u00e9s reprochent vraiment \u00e0 Rachida Dati\u003C\/span\u003E\n            \u003Cspan class=\u0022post-author\u0022\u003ELaura\u003C\/span\u003E\n            \u003Cspan class=\u0022post-date\u0022\u003E26 avr. 2026\u003C\/span\u003E\n        \u003C\/div\u003E\n    \u003C\/a\u003E\n\u003C\/div\u003E\n            \u003Cdiv class=\u0022post-list-item post-list-item-small col col-4\u0022\u003E\n    \u003Ca href=\u0022\/2026\/04\/15\/vous-nen-connaissez-pas-un-la-blague-inattendue-qui-detend-un-peu-laffaire-bardella\/\u0022\u003E\n                    \u003Cdiv class=\u0022post-cover\u0022 style=\u0022background-image:url(\u0027https:\/\/sobusygirls.fr\/media\/cache\/w190\/uploads\/post\/large\/948cc205c066f0e7dcaeca176e381b1bcfba00ae.jpeg\u0027)\u0022\u003E\u003C\/div\u003E\n            \u003Cdiv class=\u0022post-cover-alt\u0022 style=\u0022background-image: url(\u0027https:\/\/sobusygirls.fr\/media\/cache\/w330\/uploads\/post\/square\/948cc205c066f0e7dcaeca176e381b1bcfba00ae.jpeg\u0027)\u0022\u003E\u003C\/div\u003E\n                \u003Cdiv class=\u0022post-bottom\u0022\u003E\n            \u003Cspan class=\u0022post-category\u0022\u003EActus\u003C\/span\u003E\n            \u003Cspan class=\u0022post-title\u0022\u003E\u0022Vous n\u2019en connaissez pas un\u0026nbsp;?\u0022\u0026nbsp;: la blague inattendue qui d\u00e9tend (un peu) l\u2019affaire Barde...\u003C\/span\u003E\n            \u003Cspan class=\u0022post-author\u0022\u003ELaura\u003C\/span\u003E\n            \u003Cspan class=\u0022post-date\u0022\u003E26 avr. 2026\u003C\/span\u003E\n        \u003C\/div\u003E\n    \u003C\/a\u003E\n\u003C\/div\u003E\n            \u003Cdiv class=\u0022post-list-item post-list-item-small col col-4\u0022\u003E\n    \u003Ca href=\u0022\/2026\/04\/26\/il-mest-parfois-difficile-de-voir-le-ciel-bleu-les-confidences-inattendues-de-brigitte-macron-apres-dix-ans-a-lelysee\/\u0022\u003E\n                    \u003Cdiv class=\u0022post-cover\u0022 style=\u0022background-image:url(\u0027https:\/\/sobusygirls.fr\/media\/cache\/w190\/uploads\/post\/large\/e3228ca7ac7591efa7a2853170155ab36d18d5a9.jpeg\u0027)\u0022\u003E\u003C\/div\u003E\n            \u003Cdiv class=\u0022post-cover-alt\u0022 style=\u0022background-image: url(\u0027https:\/\/sobusygirls.fr\/media\/cache\/w330\/uploads\/post\/square\/e3228ca7ac7591efa7a2853170155ab36d18d5a9.jpeg\u0027)\u0022\u003E\u003C\/div\u003E\n                \u003Cdiv class=\u0022post-bottom\u0022\u003E\n            \u003Cspan class=\u0022post-category\u0022\u003EActus\u003C\/span\u003E\n            \u003Cspan class=\u0022post-title\u0022\u003E\u00ab Il m\u2019est parfois difficile de voir le ciel bleu \u00bb\u0026nbsp;: les confidences inattendues de Brigi...\u003C\/span\u003E\n            \u003Cspan class=\u0022post-author\u0022\u003ELaura\u003C\/span\u003E\n            \u003Cspan class=\u0022post-date\u0022\u003E26 avr. 2026\u003C\/span\u003E\n        \u003C\/div\u003E\n    \u003C\/a\u003E\n\u003C\/div\u003E\n            \u003Cdiv class=\u0022post-list-item post-list-item-small col col-4\u0022\u003E\n    \u003Ca href=\u0022\/2026\/04\/11\/presidentielle-2027-date-premier-tour-france-calendrier-election\/\u0022\u003E\n                    \u003Cdiv class=\u0022post-cover\u0022 style=\u0022background-image:url(\u0027https:\/\/sobusygirls.fr\/media\/cache\/w190\/uploads\/post\/large\/1ecc20e376af74852cae7e77f3789218ecdd288d.jpeg\u0027)\u0022\u003E\u003C\/div\u003E\n            \u003Cdiv class=\u0022post-cover-alt\u0022 style=\u0022background-image: url(\u0027https:\/\/sobusygirls.fr\/media\/cache\/w330\/uploads\/post\/square\/1ecc20e376af74852cae7e77f3789218ecdd288d.jpeg\u0027)\u0022\u003E\u003C\/div\u003E\n                \u003Cdiv class=\u0022post-bottom\u0022\u003E\n            \u003Cspan class=\u0022post-category\u0022\u003EActus\u003C\/span\u003E\n            \u003Cspan class=\u0022post-title\u0022\u003EPr\u00e9sidentielle 2027\u0026nbsp;: le calendrier se resserre, voici les deux dates possibles du premier...\u003C\/span\u003E\n            \u003Cspan class=\u0022post-author\u0022\u003ELaura\u003C\/span\u003E\n            \u003Cspan class=\u0022post-date\u0022\u003E26 avr. 2026\u003C\/span\u003E\n        \u003C\/div\u003E\n    \u003C\/a\u003E\n\u003C\/div\u003E\n            \u003Cdiv class=\u0022post-list-item post-list-item-small col col-4\u0022\u003E\n    \u003Ca href=\u0022\/2026\/04\/10\/ces-images-tres-complices-de-jordan-bardella-et-maria-carolina-en-corse-ne-laissent-plus-de-place-au-doute\/\u0022\u003E\n                    \u003Cdiv class=\u0022post-cover\u0022 style=\u0022background-image:url(\u0027https:\/\/sobusygirls.fr\/media\/cache\/w190\/uploads\/post\/large\/025c45016961e52aa42cb85e4e14537cd819b077.jpeg\u0027)\u0022\u003E\u003C\/div\u003E\n            \u003Cdiv class=\u0022post-cover-alt\u0022 style=\u0022background-image: url(\u0027https:\/\/sobusygirls.fr\/media\/cache\/w330\/uploads\/post\/square\/025c45016961e52aa42cb85e4e14537cd819b077.jpeg\u0027)\u0022\u003E\u003C\/div\u003E\n                \u003Cdiv class=\u0022post-bottom\u0022\u003E\n            \u003Cspan class=\u0022post-category\u0022\u003EActus\u003C\/span\u003E\n            \u003Cspan class=\u0022post-title\u0022\u003ECes images tr\u00e8s complices de Jordan Bardella et Maria Carolina en Corse ne laissent plus d...\u003C\/span\u003E\n            \u003Cspan class=\u0022post-author\u0022\u003ELaura\u003C\/span\u003E\n            \u003Cspan class=\u0022post-date\u0022\u003E26 avr. 2026\u003C\/span\u003E\n        \u003C\/div\u003E\n    \u003C\/a\u003E\n\u003C\/div\u003E\n            \u003Cdiv class=\u0022post-list-item post-list-item-small col col-4\u0022\u003E\n    \u003Ca href=\u0022\/2026\/04\/15\/affaire-patrick-bruel-ce-que-la-justice-doit-etablir-face-aux-temoignages-et-aux-plaintes\/\u0022\u003E\n                    \u003Cdiv class=\u0022post-cover\u0022 style=\u0022background-image:url(\u0027https:\/\/sobusygirls.fr\/media\/cache\/w190\/uploads\/post\/large\/1f51dee41aba513796147d97818bb8e327cfcf9f.jpeg\u0027)\u0022\u003E\u003C\/div\u003E\n            \u003Cdiv class=\u0022post-cover-alt\u0022 style=\u0022background-image: url(\u0027https:\/\/sobusygirls.fr\/media\/cache\/w330\/uploads\/post\/square\/1f51dee41aba513796147d97818bb8e327cfcf9f.jpeg\u0027)\u0022\u003E\u003C\/div\u003E\n                \u003Cdiv class=\u0022post-bottom\u0022\u003E\n            \u003Cspan class=\u0022post-category\u0022\u003EActus\u003C\/span\u003E\n            \u003Cspan class=\u0022post-title\u0022\u003EAffaire Patrick Bruel\u0026nbsp;: ce que la justice doit \u00e9tablir face aux t\u00e9moignages et aux plainte...\u003C\/span\u003E\n            \u003Cspan class=\u0022post-author\u0022\u003ELaura\u003C\/span\u003E\n            \u003Cspan class=\u0022post-date\u0022\u003E26 avr. 2026\u003C\/span\u003E\n        \u003C\/div\u003E\n    \u003C\/a\u003E\n\u003C\/div\u003E\n            \u003Cdiv class=\u0022post-list-item post-list-item-small col col-4\u0022\u003E\n    \u003Ca href=\u0022\/2026\/04\/26\/en-plein-gala-de-la-presse-tout-a-bascule-les-images-de-levacuation-de-donald-trump-qui-ont-marque-les-esprits\/\u0022\u003E\n                    \u003Cdiv class=\u0022post-cover\u0022 style=\u0022background-image:url(\u0027https:\/\/sobusygirls.fr\/media\/cache\/w190\/uploads\/post\/large\/2272fd9b931e19698485ff980bedf4c4c9baf674.jpeg\u0027)\u0022\u003E\u003C\/div\u003E\n            \u003Cdiv class=\u0022post-cover-alt\u0022 style=\u0022background-image: url(\u0027https:\/\/sobusygirls.fr\/media\/cache\/w330\/uploads\/post\/square\/2272fd9b931e19698485ff980bedf4c4c9baf674.jpeg\u0027)\u0022\u003E\u003C\/div\u003E\n                \u003Cdiv class=\u0022post-bottom\u0022\u003E\n            \u003Cspan class=\u0022post-category\u0022\u003EActus\u003C\/span\u003E\n            \u003Cspan class=\u0022post-title\u0022\u003EEn plein gala de la presse, tout a bascul\u00e9\u0026nbsp;: les images de l\u2019\u00e9vacuation de Donald Trump qu...\u003C\/span\u003E\n            \u003Cspan class=\u0022post-author\u0022\u003ELaura\u003C\/span\u003E\n            \u003Cspan class=\u0022post-date\u0022\u003E26 avr. 2026\u003C\/span\u003E\n        \u003C\/div\u003E\n    \u003C\/a\u003E\n\u003C\/div\u003E\n            \u003Cdiv class=\u0022post-list-item post-list-item-small col col-4\u0022\u003E\n    \u003Ca href=\u0022\/2026\/04\/26\/tirs-gala-presse-trump-washington-chronologie-complete\/\u0022\u003E\n                    \u003Cdiv class=\u0022post-cover\u0022 style=\u0022background-image:url(\u0027https:\/\/sobusygirls.fr\/media\/cache\/w190\/uploads\/post\/large\/c8cb5f104a0a855c3d1c5e99515d437f1319fa08.jpeg\u0027)\u0022\u003E\u003C\/div\u003E\n            \u003Cdiv class=\u0022post-cover-alt\u0022 style=\u0022background-image: url(\u0027https:\/\/sobusygirls.fr\/media\/cache\/w330\/uploads\/post\/square\/c8cb5f104a0a855c3d1c5e99515d437f1319fa08.jpeg\u0027)\u0022\u003E\u003C\/div\u003E\n                \u003Cdiv class=\u0022post-bottom\u0022\u003E\n            \u003Cspan class=\u0022post-category\u0022\u003EActus\u003C\/span\u003E\n            \u003Cspan class=\u0022post-title\u0022\u003ETirs au gala de la presse \u00e0 Washington\u0026nbsp;: la chronologie compl\u00e8te de la soir\u00e9e qui a condui...\u003C\/span\u003E\n            \u003Cspan class=\u0022post-author\u0022\u003ELaura\u003C\/span\u003E\n            \u003Cspan class=\u0022post-date\u0022\u003E26 avr. 2026\u003C\/span\u003E\n        \u003C\/div\u003E\n    \u003C\/a\u003E\n\u003C\/div\u003E\n            \u003Cdiv class=\u0022post-list-item post-list-item-small col col-4\u0022\u003E\n    \u003Ca href=\u0022\/2026\/04\/04\/nicolas-sarkozy-buste-verlaine-signification-cadeau\/\u0022\u003E\n                    \u003Cdiv class=\u0022post-cover\u0022 style=\u0022background-image:url(\u0027https:\/\/sobusygirls.fr\/media\/cache\/w190\/uploads\/post\/large\/68963c3a7495d62ead057d98247ee2c1202879e3.jpeg\u0027)\u0022\u003E\u003C\/div\u003E\n            \u003Cdiv class=\u0022post-cover-alt\u0022 style=\u0022background-image: url(\u0027https:\/\/sobusygirls.fr\/media\/cache\/w330\/uploads\/post\/square\/68963c3a7495d62ead057d98247ee2c1202879e3.jpeg\u0027)\u0022\u003E\u003C\/div\u003E\n                \u003Cdiv class=\u0022post-bottom\u0022\u003E\n            \u003Cspan class=\u0022post-category\u0022\u003EActus\u003C\/span\u003E\n            \u003Cspan class=\u0022post-title\u0022\u003E\u00ab Un buste de Verlaine offert pour 3 500 euros \u00bb\u0026nbsp;: pourquoi ce choix intrigue autant autou...\u003C\/span\u003E\n            \u003Cspan class=\u0022post-author\u0022\u003ELaura\u003C\/span\u003E\n            \u003Cspan class=\u0022post-date\u0022\u003E26 avr. 2026\u003C\/span\u003E\n        \u003C\/div\u003E\n    \u003C\/a\u003E\n\u003C\/div\u003E\n            \u003Cdiv class=\u0022post-list-item post-list-item-small col col-4\u0022\u003E\n    \u003Ca href=\u0022\/2026\/04\/22\/segolene-royal-machos-ps-quelle-epoque-coupe-clash\/\u0022\u003E\n                    \u003Cdiv class=\u0022post-cover\u0022 style=\u0022background-image:url(\u0027https:\/\/sobusygirls.fr\/media\/cache\/w190\/uploads\/post\/large\/8f9bdfce04c72853719836832322026457e57204.jpeg\u0027)\u0022\u003E\u003C\/div\u003E\n            \u003Cdiv class=\u0022post-cover-alt\u0022 style=\u0022background-image: url(\u0027https:\/\/sobusygirls.fr\/media\/cache\/w330\/uploads\/post\/square\/8f9bdfce04c72853719836832322026457e57204.jpeg\u0027)\u0022\u003E\u003C\/div\u003E\n                \u003Cdiv class=\u0022post-bottom\u0022\u003E\n            \u003Cspan class=\u0022post-category\u0022\u003EActus\u003C\/span\u003E\n            \u003Cspan class=\u0022post-title\u0022\u003E\u201cIls en \u00e9taient fous de rage\u201d\u0026nbsp;: S\u00e9gol\u00e8ne Royal relance une vieille fracture avec le PS et...\u003C\/span\u003E\n            \u003Cspan class=\u0022post-author\u0022\u003ELaura\u003C\/span\u003E\n            \u003Cspan class=\u0022post-date\u0022\u003E26 avr. 2026\u003C\/span\u003E\n        \u003C\/div\u003E\n    \u003C\/a\u003E\n\u003C\/div\u003E\n            \u003Cdiv class=\u0022post-list-item post-list-item-small col col-4\u0022\u003E\n    \u003Ca href=\u0022\/2026\/04\/15\/cette-image-trop-parfaite-autour-de-jordan-bardella-qui-fait-tiquer-jusque-dans-son-propre-camp\/\u0022\u003E\n                    \u003Cdiv class=\u0022post-cover\u0022 style=\u0022background-image:url(\u0027https:\/\/sobusygirls.fr\/media\/cache\/w190\/uploads\/post\/large\/3f5249c43f2f73ac52da0246a8285fa56622b4bf.jpeg\u0027)\u0022\u003E\u003C\/div\u003E\n            \u003Cdiv class=\u0022post-cover-alt\u0022 style=\u0022background-image: url(\u0027https:\/\/sobusygirls.fr\/media\/cache\/w330\/uploads\/post\/square\/3f5249c43f2f73ac52da0246a8285fa56622b4bf.jpeg\u0027)\u0022\u003E\u003C\/div\u003E\n                \u003Cdiv class=\u0022post-bottom\u0022\u003E\n            \u003Cspan class=\u0022post-category\u0022\u003EActus\u003C\/span\u003E\n            \u003Cspan class=\u0022post-title\u0022\u003ECette image \u201ctrop parfaite\u201d autour de Jordan Bardella qui fait tiquer jusque dans son prop...\u003C\/span\u003E\n            \u003Cspan class=\u0022post-author\u0022\u003ELaura\u003C\/span\u003E\n            \u003Cspan class=\u0022post-date\u0022\u003E26 avr. 2026\u003C\/span\u003E\n        \u003C\/div\u003E\n    \u003C\/a\u003E\n\u003C\/div\u003E\n            \u003Cdiv class=\u0022post-list-item post-list-item-small col col-4\u0022\u003E\n    \u003Ca href=\u0022\/2026\/04\/26\/orages-vigilance-jaune-departements-lundi-27-avril\/\u0022\u003E\n                    \u003Cdiv class=\u0022post-cover\u0022 style=\u0022background-image:url(\u0027https:\/\/sobusygirls.fr\/media\/cache\/w190\/uploads\/post\/large\/8c480809ff131cef9c60adec7490a86f42fa344b.jpeg\u0027)\u0022\u003E\u003C\/div\u003E\n            \u003Cdiv class=\u0022post-cover-alt\u0022 style=\u0022background-image: url(\u0027https:\/\/sobusygirls.fr\/media\/cache\/w330\/uploads\/post\/square\/8c480809ff131cef9c60adec7490a86f42fa344b.jpeg\u0027)\u0022\u003E\u003C\/div\u003E\n                \u003Cdiv class=\u0022post-bottom\u0022\u003E\n            \u003Cspan class=\u0022post-category\u0022\u003EActus\u003C\/span\u003E\n            \u003Cspan class=\u0022post-title\u0022\u003EOrages\u0026nbsp;: ces 7 d\u00e9partements sous vigilance jaune ce lundi 27 avril\u003C\/span\u003E\n            \u003Cspan class=\u0022post-author\u0022\u003ELaura\u003C\/span\u003E\n            \u003Cspan class=\u0022post-date\u0022\u003E26 avr. 2026\u003C\/span\u003E\n        \u003C\/div\u003E\n    \u003C\/a\u003E\n\u003C\/div\u003E\n            \u003Cdiv class=\u0022post-list-item post-list-item-small col col-4\u0022\u003E\n    \u003Ca href=\u0022\/2026\/04\/26\/tiphaine-auziere-maroc-instagram-brigitte-macron-surprise\/\u0022\u003E\n                    \u003Cdiv class=\u0022post-cover\u0022 style=\u0022background-image:url(\u0027https:\/\/sobusygirls.fr\/media\/cache\/w190\/uploads\/post\/large\/f363ffc08c49c98c7dd83cf23c02b625544c48ba.jpeg\u0027)\u0022\u003E\u003C\/div\u003E\n            \u003Cdiv class=\u0022post-cover-alt\u0022 style=\u0022background-image: url(\u0027https:\/\/sobusygirls.fr\/media\/cache\/w330\/uploads\/post\/square\/f363ffc08c49c98c7dd83cf23c02b625544c48ba.jpeg\u0027)\u0022\u003E\u003C\/div\u003E\n                \u003Cdiv class=\u0022post-bottom\u0022\u003E\n            \u003Cspan class=\u0022post-category\u0022\u003EActus\u003C\/span\u003E\n            \u003Cspan class=\u0022post-title\u0022\u003ECette photo publi\u00e9e apr\u00e8s coup change tout\u0026nbsp;: pourquoi la pr\u00e9sence de Tiphaine Auzi\u00e8re aux...\u003C\/span\u003E\n            \u003Cspan class=\u0022post-author\u0022\u003ELaura\u003C\/span\u003E\n            \u003Cspan class=\u0022post-date\u0022\u003E26 avr. 2026\u003C\/span\u003E\n        \u003C\/div\u003E\n    \u003C\/a\u003E\n\u003C\/div\u003E\n            \u003Cdiv class=\u0022post-list-item post-list-item-small col col-4\u0022\u003E\n    \u003Ca href=\u0022\/2026\/04\/22\/laura-smet-nathalie-baye-relation-mere-fille-hallyday\/\u0022\u003E\n                    \u003Cdiv class=\u0022post-cover\u0022 style=\u0022background-image:url(\u0027https:\/\/sobusygirls.fr\/media\/cache\/w190\/uploads\/post\/large\/13985ea0ebf400ee53d7104da08e2cd647b2d477.jpeg\u0027)\u0022\u003E\u003C\/div\u003E\n            \u003Cdiv class=\u0022post-cover-alt\u0022 style=\u0022background-image: url(\u0027https:\/\/sobusygirls.fr\/media\/cache\/w330\/uploads\/post\/square\/13985ea0ebf400ee53d7104da08e2cd647b2d477.jpeg\u0027)\u0022\u003E\u003C\/div\u003E\n                \u003Cdiv class=\u0022post-bottom\u0022\u003E\n            \u003Cspan class=\u0022post-category\u0022\u003EActus\u003C\/span\u003E\n            \u003Cspan class=\u0022post-title\u0022\u003E\u0022Laura \u00e9tait tout pour elle\u0022\u0026nbsp;: ce lien indestructible qui explique les prises de position...\u003C\/span\u003E\n            \u003Cspan class=\u0022post-author\u0022\u003ELaura\u003C\/span\u003E\n            \u003Cspan class=\u0022post-date\u0022\u003E26 avr. 2026\u003C\/span\u003E\n        \u003C\/div\u003E\n    \u003C\/a\u003E\n\u003C\/div\u003E\n            \u003Cdiv class=\u0022post-list-item post-list-item-small col col-4\u0022\u003E\n    \u003Ca href=\u0022\/2026\/04\/22\/harry-meghan-australie-bondi-beach-reactions-reseaux\/\u0022\u003E\n                    \u003Cdiv class=\u0022post-cover\u0022 style=\u0022background-image:url(\u0027https:\/\/sobusygirls.fr\/media\/cache\/w190\/uploads\/post\/large\/278d43087a7185d4e4227ba61271ae48f144bf16.jpeg\u0027)\u0022\u003E\u003C\/div\u003E\n            \u003Cdiv class=\u0022post-cover-alt\u0022 style=\u0022background-image: url(\u0027https:\/\/sobusygirls.fr\/media\/cache\/w330\/uploads\/post\/square\/278d43087a7185d4e4227ba61271ae48f144bf16.jpeg\u0027)\u0022\u003E\u003C\/div\u003E\n                \u003Cdiv class=\u0022post-bottom\u0022\u003E\n            \u003Cspan class=\u0022post-category\u0022\u003EActus\u003C\/span\u003E\n            \u003Cspan class=\u0022post-title\u0022\u003ECette sc\u00e8ne avec Harry et Meghan fait exploser les r\u00e9actions\u0026nbsp;: pourquoi les internautes se...\u003C\/span\u003E\n            \u003Cspan class=\u0022post-author\u0022\u003ELaura\u003C\/span\u003E\n            \u003Cspan class=\u0022post-date\u0022\u003E26 avr. 2026\u003C\/span\u003E\n        \u003C\/div\u003E\n    \u003C\/a\u003E\n\u003C\/div\u003E\n            \u003Cdiv class=\u0022post-list-item post-list-item-small col col-4\u0022\u003E\n    \u003Ca href=\u0022\/2026\/04\/26\/tirs-a-washington-profil-du-suspect-armes-retrouvees-enquete-en-cours-ce-que-lon-sait-vraiment\/\u0022\u003E\n                    \u003Cdiv class=\u0022post-cover\u0022 style=\u0022background-image:url(\u0027https:\/\/sobusygirls.fr\/media\/cache\/w190\/uploads\/post\/large\/dbe23a6ae5297c1bf4314b0a10f6197c250fce8d.jpeg\u0027)\u0022\u003E\u003C\/div\u003E\n            \u003Cdiv class=\u0022post-cover-alt\u0022 style=\u0022background-image: url(\u0027https:\/\/sobusygirls.fr\/media\/cache\/w330\/uploads\/post\/square\/dbe23a6ae5297c1bf4314b0a10f6197c250fce8d.jpeg\u0027)\u0022\u003E\u003C\/div\u003E\n                \u003Cdiv class=\u0022post-bottom\u0022\u003E\n            \u003Cspan class=\u0022post-category\u0022\u003EActus\u003C\/span\u003E\n            \u003Cspan class=\u0022post-title\u0022\u003ETirs \u00e0 Washington\u0026nbsp;: profil du suspect, armes retrouv\u00e9es, enqu\u00eate en cours\u2026 ce que l\u2019on sai...\u003C\/span\u003E\n            \u003Cspan class=\u0022post-author\u0022\u003ELaura\u003C\/span\u003E\n            \u003Cspan class=\u0022post-date\u0022\u003E26 avr. 2026\u003C\/span\u003E\n        \u003C\/div\u003E\n    \u003C\/a\u003E\n\u003C\/div\u003E\n            \u003Cdiv class=\u0022post-list-item post-list-item-small col col-4\u0022\u003E\n    \u003Ca href=\u0022\/2026\/04\/22\/ils-en-etaient-fous-de-rage-cette-phrase-de-segolene-royal-qui-vise-directement-ses-anciens-allies-et-relance-un-vieux-reglement-de-comptes\/\u0022\u003E\n                    \u003Cdiv class=\u0022post-cover\u0022 style=\u0022background-image:url(\u0027https:\/\/sobusygirls.fr\/media\/cache\/w190\/uploads\/post\/large\/b33b64b31a4b9dc8c83c88c103fc89e6fbf935cb.jpeg\u0027)\u0022\u003E\u003C\/div\u003E\n            \u003Cdiv class=\u0022post-cover-alt\u0022 style=\u0022background-image: url(\u0027https:\/\/sobusygirls.fr\/media\/cache\/w330\/uploads\/post\/square\/b33b64b31a4b9dc8c83c88c103fc89e6fbf935cb.jpeg\u0027)\u0022\u003E\u003C\/div\u003E\n                \u003Cdiv class=\u0022post-bottom\u0022\u003E\n            \u003Cspan class=\u0022post-category\u0022\u003EActus\u003C\/span\u003E\n            \u003Cspan class=\u0022post-title\u0022\u003E\u201cIls en \u00e9taient fous de rage\u201d\u0026nbsp;: cette phrase de S\u00e9gol\u00e8ne Royal qui vise directement ses an...\u003C\/span\u003E\n            \u003Cspan class=\u0022post-author\u0022\u003ELaura\u003C\/span\u003E\n            \u003Cspan class=\u0022post-date\u0022\u003E26 avr. 2026\u003C\/span\u003E\n        \u003C\/div\u003E\n    \u003C\/a\u003E\n\u003C\/div\u003E\n            \u003Cdiv class=\u0022post-list-item post-list-item-small col col-4\u0022\u003E\n    \u003Ca href=\u0022\/2026\/04\/25\/prince-harry-deplacement-surprise-kiev-reactions\/\u0022\u003E\n                    \u003Cdiv class=\u0022post-cover\u0022 style=\u0022background-image:url(\u0027https:\/\/sobusygirls.fr\/media\/cache\/w190\/uploads\/post\/large\/83dd6ac07d337a0cce82b505f9776ee1a455dc69.jpeg\u0027)\u0022\u003E\u003C\/div\u003E\n            \u003Cdiv class=\u0022post-cover-alt\u0022 style=\u0022background-image: url(\u0027https:\/\/sobusygirls.fr\/media\/cache\/w330\/uploads\/post\/square\/83dd6ac07d337a0cce82b505f9776ee1a455dc69.jpeg\u0027)\u0022\u003E\u003C\/div\u003E\n                \u003Cdiv class=\u0022post-bottom\u0022\u003E\n            \u003Cspan class=\u0022post-category\u0022\u003EActus\u003C\/span\u003E\n            \u003Cspan class=\u0022post-title\u0022\u003EMeghan Markle ramen\u00e9e dans l\u2019histoire\u0026nbsp;: pourquoi Donald Trump a choisi de viser le couple...\u003C\/span\u003E\n            \u003Cspan class=\u0022post-author\u0022\u003ELaura\u003C\/span\u003E\n            \u003Cspan class=\u0022post-date\u0022\u003E26 avr. 2026\u003C\/span\u003E\n        \u003C\/div\u003E\n    \u003C\/a\u003E\n\u003C\/div\u003E\n            \u003Cdiv class=\u0022post-list-item post-list-item-small col col-4\u0022\u003E\n    \u003Ca href=\u0022\/2026\/04\/24\/maria-carolina-bourbon-siciles-princesse-cameleon-image\/\u0022\u003E\n                    \u003Cdiv class=\u0022post-cover\u0022 style=\u0022background-image:url(\u0027https:\/\/sobusygirls.fr\/media\/cache\/w190\/uploads\/post\/large\/3ecf43ecf97c4decf9f1ad5577756721b6f555a4.jpeg\u0027)\u0022\u003E\u003C\/div\u003E\n            \u003Cdiv class=\u0022post-cover-alt\u0022 style=\u0022background-image: url(\u0027https:\/\/sobusygirls.fr\/media\/cache\/w330\/uploads\/post\/square\/3ecf43ecf97c4decf9f1ad5577756721b6f555a4.jpeg\u0027)\u0022\u003E\u003C\/div\u003E\n                \u003Cdiv class=\u0022post-bottom\u0022\u003E\n            \u003Cspan class=\u0022post-category\u0022\u003EActus\u003C\/span\u003E\n            \u003Cspan class=\u0022post-title\u0022\u003EPrincesse le jour, influenceuse ailleurs\u0026nbsp;: le double visage de Maria-Carolina, la nouvelle...\u003C\/span\u003E\n            \u003Cspan class=\u0022post-author\u0022\u003ELaura\u003C\/span\u003E\n            \u003Cspan class=\u0022post-date\u0022\u003E26 avr. 2026\u003C\/span\u003E\n        \u003C\/div\u003E\n    \u003C\/a\u003E\n\u003C\/div\u003E\n            \u003Cdiv class=\u0022post-list-item post-list-item-small col col-4\u0022\u003E\n    \u003Ca href=\u0022\/2026\/03\/23\/une-humiliation-la-charge-de-patrick-cohen-contre-rachida-dati-apres-sa-lourde-defaite-a-paris\/\u0022\u003E\n                    \u003Cdiv class=\u0022post-cover\u0022 style=\u0022background-image:url(\u0027https:\/\/sobusygirls.fr\/media\/cache\/w190\/uploads\/post\/large\/886f816c19f587c748951f4ae3ef8dd04f5bb95b.jpeg\u0027)\u0022\u003E\u003C\/div\u003E\n            \u003Cdiv class=\u0022post-cover-alt\u0022 style=\u0022background-image: url(\u0027https:\/\/sobusygirls.fr\/media\/cache\/w330\/uploads\/post\/square\/886f816c19f587c748951f4ae3ef8dd04f5bb95b.jpeg\u0027)\u0022\u003E\u003C\/div\u003E\n                \u003Cdiv class=\u0022post-bottom\u0022\u003E\n            \u003Cspan class=\u0022post-category\u0022\u003EActus\u003C\/span\u003E\n            \u003Cspan class=\u0022post-title\u0022\u003E\u201cUne humiliation\u201d\u0026nbsp;: la charge de Patrick Cohen contre Rachida Dati apr\u00e8s sa lourde d\u00e9faite...\u003C\/span\u003E\n            \u003Cspan class=\u0022post-author\u0022\u003ELaura\u003C\/span\u003E\n            \u003Cspan class=\u0022post-date\u0022\u003E26 avr. 2026\u003C\/span\u003E\n        \u003C\/div\u003E\n    \u003C\/a\u003E\n\u003C\/div\u003E\n            \u003Cdiv class=\u0022post-list-item post-list-item-small col col-4\u0022\u003E\n    \u003Ca href=\u0022\/2026\/04\/20\/jordan-bardella-couple-maria-carolina-bourbon-siciles-melania-trump-comparaison\/\u0022\u003E\n                    \u003Cdiv class=\u0022post-cover\u0022 style=\u0022background-image:url(\u0027https:\/\/sobusygirls.fr\/media\/cache\/w190\/uploads\/post\/large\/2d5872948d791942900b36cd3f60ad1f201de34b.jpeg\u0027)\u0022\u003E\u003C\/div\u003E\n            \u003Cdiv class=\u0022post-cover-alt\u0022 style=\u0022background-image: url(\u0027https:\/\/sobusygirls.fr\/media\/cache\/w330\/uploads\/post\/square\/2d5872948d791942900b36cd3f60ad1f201de34b.jpeg\u0027)\u0022\u003E\u003C\/div\u003E\n                \u003Cdiv class=\u0022post-bottom\u0022\u003E\n            \u003Cspan class=\u0022post-category\u0022\u003EActus\u003C\/span\u003E\n            \u003Cspan class=\u0022post-title\u0022\u003EJordan Bardella officialise avec Maria-Carolina\u0026nbsp;: pourquoi tout le monde parle d\u00e9j\u00e0 d\u2019une...\u003C\/span\u003E\n            \u003Cspan class=\u0022post-author\u0022\u003ELaura\u003C\/span\u003E\n            \u003Cspan class=\u0022post-date\u0022\u003E26 avr. 2026\u003C\/span\u003E\n        \u003C\/div\u003E\n    \u003C\/a\u003E\n\u003C\/div\u003E\n            \u003Cdiv class=\u0022post-list-item post-list-item-small col col-4\u0022\u003E\n    \u003Ca href=\u0022\/2026\/04\/26\/secret-service-reaction-tirs-washington-analyse\/\u0022\u003E\n                    \u003Cdiv class=\u0022post-cover\u0022 style=\u0022background-image:url(\u0027https:\/\/sobusygirls.fr\/media\/cache\/w190\/uploads\/post\/large\/b4568960648b8ed4b99ec128719361e6fbbe8818.jpeg\u0027)\u0022\u003E\u003C\/div\u003E\n            \u003Cdiv class=\u0022post-cover-alt\u0022 style=\u0022background-image: url(\u0027https:\/\/sobusygirls.fr\/media\/cache\/w330\/uploads\/post\/square\/b4568960648b8ed4b99ec128719361e6fbbe8818.jpeg\u0027)\u0022\u003E\u003C\/div\u003E\n                \u003Cdiv class=\u0022post-bottom\u0022\u003E\n            \u003Cspan class=\u0022post-category\u0022\u003EActus\u003C\/span\u003E\n            \u003Cspan class=\u0022post-title\u0022\u003ETirs \u00e0 Washington\u0026nbsp;: comment le Secret Service a contenu la menace et s\u00e9curis\u00e9 Donald Trump...\u003C\/span\u003E\n            \u003Cspan class=\u0022post-author\u0022\u003ELaura\u003C\/span\u003E\n            \u003Cspan class=\u0022post-date\u0022\u003E26 avr. 2026\u003C\/span\u003E\n        \u003C\/div\u003E\n    \u003C\/a\u003E\n\u003C\/div\u003E\n            \u003Cdiv class=\u0022post-list-item post-list-item-small col col-4\u0022\u003E\n    \u003Ca href=\u0022\/2026\/04\/11\/marine-le-pen-reagit-energies-lecornu-francais-vivre-dignement\/\u0022\u003E\n                    \u003Cdiv class=\u0022post-cover\u0022 style=\u0022background-image:url(\u0027https:\/\/sobusygirls.fr\/media\/cache\/w190\/uploads\/post\/large\/f65c0aeda17ba6564413de89090f6770e438d82b.jpeg\u0027)\u0022\u003E\u003C\/div\u003E\n            \u003Cdiv class=\u0022post-cover-alt\u0022 style=\u0022background-image: url(\u0027https:\/\/sobusygirls.fr\/media\/cache\/w330\/uploads\/post\/square\/f65c0aeda17ba6564413de89090f6770e438d82b.jpeg\u0027)\u0022\u003E\u003C\/div\u003E\n                \u003Cdiv class=\u0022post-bottom\u0022\u003E\n            \u003Cspan class=\u0022post-category\u0022\u003EActus\u003C\/span\u003E\n            \u003Cspan class=\u0022post-title\u0022\u003E\u00ab Les Fran\u00e7ais voudraient d\u2019abord vivre dignement \u00bb\u0026nbsp;: pourquoi la r\u00e9action de Marine Le Pe...\u003C\/span\u003E\n            \u003Cspan class=\u0022post-author\u0022\u003ELaura\u003C\/span\u003E\n            \u003Cspan class=\u0022post-date\u0022\u003E26 avr. 2026\u003C\/span\u003E\n        \u003C\/div\u003E\n    \u003C\/a\u003E\n\u003C\/div\u003E\n            \u003Cdiv class=\u0022post-list-item post-list-item-small col col-4\u0022\u003E\n    \u003Ca href=\u0022\/2026\/04\/22\/fin-code-4-chiffres-carte-bancaire-biometrique\/\u0022\u003E\n                    \u003Cdiv class=\u0022post-cover\u0022 style=\u0022background-image:url(\u0027https:\/\/sobusygirls.fr\/media\/cache\/w190\/uploads\/post\/large\/416fd6d48a4f4837a9ecea3aacb7c5402ca45b22.jpeg\u0027)\u0022\u003E\u003C\/div\u003E\n            \u003Cdiv class=\u0022post-cover-alt\u0022 style=\u0022background-image: url(\u0027https:\/\/sobusygirls.fr\/media\/cache\/w330\/uploads\/post\/square\/416fd6d48a4f4837a9ecea3aacb7c5402ca45b22.jpeg\u0027)\u0022\u003E\u003C\/div\u003E\n                \u003Cdiv class=\u0022post-bottom\u0022\u003E\n            \u003Cspan class=\u0022post-category\u0022\u003EActus\u003C\/span\u003E\n            \u003Cspan class=\u0022post-title\u0022\u003ECe geste quotidien pourrait dispara\u00eetre\u0026nbsp;: pourquoi votre code bancaire est sur le point d\u2019...\u003C\/span\u003E\n            \u003Cspan class=\u0022post-author\u0022\u003ELaura\u003C\/span\u003E\n            \u003Cspan class=\u0022post-date\u0022\u003E26 avr. 2026\u003C\/span\u003E\n        \u003C\/div\u003E\n    \u003C\/a\u003E\n\u003C\/div\u003E\n    \u003C\/div\u003E\n    \u003Cdiv class=\u0022posts-load-more-container\u0022\u003E\n        \u003Ca href=\u0022\/ajax\/author\/posts?author=laura\u0026amp;pp=1777208520\u0026amp;pc=1776880628\u0022 id=\u0022posts-load-more\u0022 class=\u0022posts-load-more\u0022\u003ECharger plus d\u0026#039;articles\u003C\/a\u003E\n    \u003C\/div\u003E\n"}