{"content":"\n\u003Cdiv class=\u0022posts row\u0022\u003E\n            \u003Cdiv class=\u0022post-list-item post-list-item-small col col-4\u0022\u003E\n    \u003Ca href=\u0022\/2026\/04\/25\/cambriolage-chez-florent-pagny-ce-que-lon-sait-vraiment-des-objets-voles-a-montfort-lamaury\/\u0022\u003E\n                    \u003Cdiv class=\u0022post-cover\u0022 style=\u0022background-image:url(\u0027https:\/\/sobusygirls.fr\/media\/cache\/w190\/uploads\/post\/large\/b0c2de60b167911b13361777f5df342a00ed999a.jpeg\u0027)\u0022\u003E\u003C\/div\u003E\n            \u003Cdiv class=\u0022post-cover-alt\u0022 style=\u0022background-image: url(\u0027https:\/\/sobusygirls.fr\/media\/cache\/w330\/uploads\/post\/square\/b0c2de60b167911b13361777f5df342a00ed999a.jpeg\u0027)\u0022\u003E\u003C\/div\u003E\n                \u003Cdiv class=\u0022post-bottom\u0022\u003E\n            \u003Cspan class=\u0022post-category\u0022\u003EActus\u003C\/span\u003E\n            \u003Cspan class=\u0022post-title\u0022\u003ECambriolage chez Florent Pagny\u0026nbsp;: ce que l\u2019on sait vraiment des objets vol\u00e9s \u00e0 Montfort-l\u2019A...\u003C\/span\u003E\n            \u003Cspan class=\u0022post-author\u0022\u003ELaura\u003C\/span\u003E\n            \u003Cspan class=\u0022post-date\u0022\u003E10 : 33\u003C\/span\u003E\n        \u003C\/div\u003E\n    \u003C\/a\u003E\n\u003C\/div\u003E\n            \u003Cdiv class=\u0022post-list-item post-list-item-small col col-4\u0022\u003E\n    \u003Ca href=\u0022\/2026\/04\/28\/ils-parlent-deffondrement-donald-trump-lache-une-phrase-choc-sur-liran-qui-fait-trembler-les-marches\/\u0022\u003E\n                    \u003Cdiv class=\u0022post-cover\u0022 style=\u0022background-image:url(\u0027https:\/\/sobusygirls.fr\/media\/cache\/w190\/uploads\/post\/large\/ad402948bc28e65b3a32e3c6c2f814b8fd10ff88.jpeg\u0027)\u0022\u003E\u003C\/div\u003E\n            \u003Cdiv class=\u0022post-cover-alt\u0022 style=\u0022background-image: url(\u0027https:\/\/sobusygirls.fr\/media\/cache\/w330\/uploads\/post\/square\/ad402948bc28e65b3a32e3c6c2f814b8fd10ff88.jpeg\u0027)\u0022\u003E\u003C\/div\u003E\n                \u003Cdiv class=\u0022post-bottom\u0022\u003E\n            \u003Cspan class=\u0022post-category\u0022\u003EActus\u003C\/span\u003E\n            \u003Cspan class=\u0022post-title\u0022\u003E\u00ab Ils parlent d\u2019effondrement \u00bb\u0026nbsp;: Donald Trump l\u00e2che une phrase choc sur l\u2019Iran qui fait tr...\u003C\/span\u003E\n            \u003Cspan class=\u0022post-author\u0022\u003ELaura\u003C\/span\u003E\n            \u003Cspan class=\u0022post-date\u0022\u003E10 : 30\u003C\/span\u003E\n        \u003C\/div\u003E\n    \u003C\/a\u003E\n\u003C\/div\u003E\n            \u003Cdiv class=\u0022post-list-item post-list-item-small col col-4\u0022\u003E\n    \u003Ca href=\u0022\/2026\/04\/30\/donald-trump-furieux-apres-les-critiques-de-friedrich-merz-sur-liran-sa-menace-contre-lallemagne-fait-trembler-berlin\/\u0022\u003E\n                    \u003Cdiv class=\u0022post-cover\u0022 style=\u0022background-image:url(\u0027https:\/\/sobusygirls.fr\/media\/cache\/w190\/uploads\/post\/large\/6deb103439e91ac1437d522dd64ceaca68c79318.jpeg\u0027)\u0022\u003E\u003C\/div\u003E\n            \u003Cdiv class=\u0022post-cover-alt\u0022 style=\u0022background-image: url(\u0027https:\/\/sobusygirls.fr\/media\/cache\/w330\/uploads\/post\/square\/6deb103439e91ac1437d522dd64ceaca68c79318.jpeg\u0027)\u0022\u003E\u003C\/div\u003E\n                \u003Cdiv class=\u0022post-bottom\u0022\u003E\n            \u003Cspan class=\u0022post-category\u0022\u003EActus\u003C\/span\u003E\n            \u003Cspan class=\u0022post-title\u0022\u003EDonald Trump furieux apr\u00e8s les critiques de Friedrich Merz sur l\u2019Iran\u0026nbsp;: sa menace contre l...\u003C\/span\u003E\n            \u003Cspan class=\u0022post-author\u0022\u003ELaura\u003C\/span\u003E\n            \u003Cspan class=\u0022post-date\u0022\u003E10 : 26\u003C\/span\u003E\n        \u003C\/div\u003E\n    \u003C\/a\u003E\n\u003C\/div\u003E\n            \u003Cdiv class=\u0022post-list-item post-list-item-small col col-4\u0022\u003E\n    \u003Ca href=\u0022\/2026\/04\/20\/pendant-des-mois-personne-ne-sen-est-apercu-ce-detail-troublant-dans-les-vols-a-lelysee-interroge\/\u0022\u003E\n                    \u003Cdiv class=\u0022post-cover\u0022 style=\u0022background-image:url(\u0027https:\/\/sobusygirls.fr\/media\/cache\/w190\/uploads\/post\/large\/82665742765c819448595c3ba53c98fb709801c4.jpeg\u0027)\u0022\u003E\u003C\/div\u003E\n            \u003Cdiv class=\u0022post-cover-alt\u0022 style=\u0022background-image: url(\u0027https:\/\/sobusygirls.fr\/media\/cache\/w330\/uploads\/post\/square\/82665742765c819448595c3ba53c98fb709801c4.jpeg\u0027)\u0022\u003E\u003C\/div\u003E\n                \u003Cdiv class=\u0022post-bottom\u0022\u003E\n            \u003Cspan class=\u0022post-category\u0022\u003EActus\u003C\/span\u003E\n            \u003Cspan class=\u0022post-title\u0022\u003E\u00ab Pendant des mois, personne ne s\u2019en est aper\u00e7u \u00bb\u0026nbsp;: ce d\u00e9tail troublant dans les vols \u00e0 l\u2019...\u003C\/span\u003E\n            \u003Cspan class=\u0022post-author\u0022\u003ELaura\u003C\/span\u003E\n            \u003Cspan class=\u0022post-date\u0022\u003E10 : 24\u003C\/span\u003E\n        \u003C\/div\u003E\n    \u003C\/a\u003E\n\u003C\/div\u003E\n            \u003Cdiv class=\u0022post-list-item post-list-item-small col col-4\u0022\u003E\n    \u003Ca href=\u0022\/2026\/04\/20\/jordan-bardella-a-milan-cette-phrase-sur-la-presidentielle-qui-en-dit-long-sur-ses-ambitions\/\u0022\u003E\n                    \u003Cdiv class=\u0022post-cover\u0022 style=\u0022background-image:url(\u0027https:\/\/sobusygirls.fr\/media\/cache\/w190\/uploads\/post\/large\/059f70a09c53e3a142318775caa6f221e648d03c.jpeg\u0027)\u0022\u003E\u003C\/div\u003E\n            \u003Cdiv class=\u0022post-cover-alt\u0022 style=\u0022background-image: url(\u0027https:\/\/sobusygirls.fr\/media\/cache\/w330\/uploads\/post\/square\/059f70a09c53e3a142318775caa6f221e648d03c.jpeg\u0027)\u0022\u003E\u003C\/div\u003E\n                \u003Cdiv class=\u0022post-bottom\u0022\u003E\n            \u003Cspan class=\u0022post-category\u0022\u003EActus\u003C\/span\u003E\n            \u003Cspan class=\u0022post-title\u0022\u003EJordan Bardella \u00e0 Milan\u0026nbsp;: cette phrase sur la pr\u00e9sidentielle qui en dit long sur ses ambit...\u003C\/span\u003E\n            \u003Cspan class=\u0022post-author\u0022\u003ELaura\u003C\/span\u003E\n            \u003Cspan class=\u0022post-date\u0022\u003E10 : 21\u003C\/span\u003E\n        \u003C\/div\u003E\n    \u003C\/a\u003E\n\u003C\/div\u003E\n            \u003Cdiv class=\u0022post-list-item post-list-item-small col col-4\u0022\u003E\n    \u003Ca href=\u0022\/2026\/04\/19\/lune-bleue-31-mai-2026-explication\/\u0022\u003E\n                    \u003Cdiv class=\u0022post-cover\u0022 style=\u0022background-image:url(\u0027https:\/\/sobusygirls.fr\/media\/cache\/w190\/uploads\/post\/large\/3708bbfbcaa4745d0de8d3ea2b44159825ebe6ff.jpeg\u0027)\u0022\u003E\u003C\/div\u003E\n            \u003Cdiv class=\u0022post-cover-alt\u0022 style=\u0022background-image: url(\u0027https:\/\/sobusygirls.fr\/media\/cache\/w330\/uploads\/post\/square\/3708bbfbcaa4745d0de8d3ea2b44159825ebe6ff.jpeg\u0027)\u0022\u003E\u003C\/div\u003E\n                \u003Cdiv class=\u0022post-bottom\u0022\u003E\n            \u003Cspan class=\u0022post-category\u0022\u003EActus\u003C\/span\u003E\n            \u003Cspan class=\u0022post-title\u0022\u003E\u201cUne lune bleue le 31 mai\u201d\u0026nbsp;: ce que ce ph\u00e9nom\u00e8ne vraiment rare cache en r\u00e9alit\u00e9\u003C\/span\u003E\n            \u003Cspan class=\u0022post-author\u0022\u003ELaura\u003C\/span\u003E\n            \u003Cspan class=\u0022post-date\u0022\u003E10 : 18\u003C\/span\u003E\n        \u003C\/div\u003E\n    \u003C\/a\u003E\n\u003C\/div\u003E\n            \u003Cdiv class=\u0022post-list-item post-list-item-small col col-4\u0022\u003E\n    \u003Ca href=\u0022\/2026\/04\/29\/sans-nous-vous-parleriez-francais-la-phrase-de-charles-iii-face-a-donald-trump-qui-fait-eclater-de-rire-la-maison-blanche\/\u0022\u003E\n                    \u003Cdiv class=\u0022post-cover\u0022 style=\u0022background-image:url(\u0027https:\/\/sobusygirls.fr\/media\/cache\/w190\/uploads\/post\/large\/d984a7e0d8ea962f98fa0c41836f72843594861f.jpeg\u0027)\u0022\u003E\u003C\/div\u003E\n            \u003Cdiv class=\u0022post-cover-alt\u0022 style=\u0022background-image: url(\u0027https:\/\/sobusygirls.fr\/media\/cache\/w330\/uploads\/post\/square\/d984a7e0d8ea962f98fa0c41836f72843594861f.jpeg\u0027)\u0022\u003E\u003C\/div\u003E\n                \u003Cdiv class=\u0022post-bottom\u0022\u003E\n            \u003Cspan class=\u0022post-category\u0022\u003EActus\u003C\/span\u003E\n            \u003Cspan class=\u0022post-title\u0022\u003E\u00ab Sans nous vous parleriez fran\u00e7ais \u00bb\u0026nbsp;: la phrase de Charles III face \u00e0 Donald Trump qui f...\u003C\/span\u003E\n            \u003Cspan class=\u0022post-author\u0022\u003ELaura\u003C\/span\u003E\n            \u003Cspan class=\u0022post-date\u0022\u003E10 : 12\u003C\/span\u003E\n        \u003C\/div\u003E\n    \u003C\/a\u003E\n\u003C\/div\u003E\n            \u003Cdiv class=\u0022post-list-item post-list-item-small col col-4\u0022\u003E\n    \u003Ca href=\u0022\/2026\/04\/30\/jordan-bardella-president-en-2027-ce-nom-inattendu-circule-deja-pour-devenir-son-premier-ministre\/\u0022\u003E\n                    \u003Cdiv class=\u0022post-cover\u0022 style=\u0022background-image:url(\u0027https:\/\/sobusygirls.fr\/media\/cache\/w190\/uploads\/post\/large\/e0b6dd05b6146d1fc35a6f205598071a5ea82737.jpeg\u0027)\u0022\u003E\u003C\/div\u003E\n            \u003Cdiv class=\u0022post-cover-alt\u0022 style=\u0022background-image: url(\u0027https:\/\/sobusygirls.fr\/media\/cache\/w330\/uploads\/post\/square\/e0b6dd05b6146d1fc35a6f205598071a5ea82737.jpeg\u0027)\u0022\u003E\u003C\/div\u003E\n                \u003Cdiv class=\u0022post-bottom\u0022\u003E\n            \u003Cspan class=\u0022post-category\u0022\u003EActus\u003C\/span\u003E\n            \u003Cspan class=\u0022post-title\u0022\u003EJordan Bardella pr\u00e9sident en 2027\u0026nbsp;? Ce nom inattendu circule d\u00e9j\u00e0 pour devenir son Premier...\u003C\/span\u003E\n            \u003Cspan class=\u0022post-author\u0022\u003ELaura\u003C\/span\u003E\n            \u003Cspan class=\u0022post-date\u0022\u003E10 : 06\u003C\/span\u003E\n        \u003C\/div\u003E\n    \u003C\/a\u003E\n\u003C\/div\u003E\n            \u003Cdiv class=\u0022post-list-item post-list-item-small col col-4\u0022\u003E\n    \u003Ca href=\u0022\/2026\/03\/20\/kate-middleton-murmure-camilla-message-tendre-windsor\/\u0022\u003E\n                    \u003Cdiv class=\u0022post-cover\u0022 style=\u0022background-image:url(\u0027https:\/\/sobusygirls.fr\/media\/cache\/w190\/uploads\/post\/large\/4bfbc30ecd876be322fdb517c2baf9c87a9a5e0b.jpeg\u0027)\u0022\u003E\u003C\/div\u003E\n            \u003Cdiv class=\u0022post-cover-alt\u0022 style=\u0022background-image: url(\u0027https:\/\/sobusygirls.fr\/media\/cache\/w330\/uploads\/post\/square\/4bfbc30ecd876be322fdb517c2baf9c87a9a5e0b.jpeg\u0027)\u0022\u003E\u003C\/div\u003E\n                \u003Cdiv class=\u0022post-bottom\u0022\u003E\n            \u003Cspan class=\u0022post-category\u0022\u003EActus\u003C\/span\u003E\n            \u003Cspan class=\u0022post-title\u0022\u003E\u201cVous \u00eates magnifique\u201d\u0026nbsp;: ce que Kate Middleton a murmur\u00e9 \u00e0 Camilla bouleverse tout le mond...\u003C\/span\u003E\n            \u003Cspan class=\u0022post-author\u0022\u003ELaura\u003C\/span\u003E\n            \u003Cspan class=\u0022post-date\u0022\u003E08 : 30\u003C\/span\u003E\n        \u003C\/div\u003E\n    \u003C\/a\u003E\n\u003C\/div\u003E\n            \u003Cdiv class=\u0022post-list-item post-list-item-small col col-4\u0022\u003E\n    \u003Ca href=\u0022\/2026\/04\/22\/cette-decision-demmanuel-macron-que-gabriel-attal-na-pas-digeree-les-coulisses-dune-tension-qui-a-failli-tout-faire-exploser\/\u0022\u003E\n                    \u003Cdiv class=\u0022post-cover\u0022 style=\u0022background-image:url(\u0027https:\/\/sobusygirls.fr\/media\/cache\/w190\/uploads\/post\/large\/b31bc8fe64da8b8ebbc52c5d7a5690c34fc20d9e.jpeg\u0027)\u0022\u003E\u003C\/div\u003E\n            \u003Cdiv class=\u0022post-cover-alt\u0022 style=\u0022background-image: url(\u0027https:\/\/sobusygirls.fr\/media\/cache\/w330\/uploads\/post\/square\/b31bc8fe64da8b8ebbc52c5d7a5690c34fc20d9e.jpeg\u0027)\u0022\u003E\u003C\/div\u003E\n                \u003Cdiv class=\u0022post-bottom\u0022\u003E\n            \u003Cspan class=\u0022post-category\u0022\u003EActus\u003C\/span\u003E\n            \u003Cspan class=\u0022post-title\u0022\u003ECette d\u00e9cision d\u2019Emmanuel Macron que Gabriel Attal n\u2019a pas dig\u00e9r\u00e9e\u0026nbsp;: les coulisses d\u2019une t...\u003C\/span\u003E\n            \u003Cspan class=\u0022post-author\u0022\u003ELaura\u003C\/span\u003E\n            \u003Cspan class=\u0022post-date\u0022\u003E08 : 15\u003C\/span\u003E\n        \u003C\/div\u003E\n    \u003C\/a\u003E\n\u003C\/div\u003E\n            \u003Cdiv class=\u0022post-list-item post-list-item-small col col-4\u0022\u003E\n    \u003Ca href=\u0022\/2026\/03\/30\/adriana-karembeu-prise-parole-instagram-message-conflit\/\u0022\u003E\n                    \u003Cdiv class=\u0022post-cover\u0022 style=\u0022background-image:url(\u0027https:\/\/sobusygirls.fr\/media\/cache\/w190\/uploads\/post\/large\/bb20b37f591ec822dee4b523ed9b1d1dbdfdd0d4.jpeg\u0027)\u0022\u003E\u003C\/div\u003E\n            \u003Cdiv class=\u0022post-cover-alt\u0022 style=\u0022background-image: url(\u0027https:\/\/sobusygirls.fr\/media\/cache\/w330\/uploads\/post\/square\/bb20b37f591ec822dee4b523ed9b1d1dbdfdd0d4.jpeg\u0027)\u0022\u003E\u003C\/div\u003E\n                \u003Cdiv class=\u0022post-bottom\u0022\u003E\n            \u003Cspan class=\u0022post-category\u0022\u003EActus\u003C\/span\u003E\n            \u003Cspan class=\u0022post-title\u0022\u003E\u0022Violences\u0022, \u0022instrumentalisation\u0022\u0026nbsp;: le message d\u2019Adriana Karembeu qui relance son conflit...\u003C\/span\u003E\n            \u003Cspan class=\u0022post-author\u0022\u003ELaura\u003C\/span\u003E\n            \u003Cspan class=\u0022post-date\u0022\u003E08 : 00\u003C\/span\u003E\n        \u003C\/div\u003E\n    \u003C\/a\u003E\n\u003C\/div\u003E\n            \u003Cdiv class=\u0022post-list-item post-list-item-small col col-4\u0022\u003E\n    \u003Ca href=\u0022\/2026\/04\/22\/deux-maisons-un-credit-massif-la-realite-du-patrimoine-de-sebastien-lecornu-est-bien-loin-des-cliches\/\u0022\u003E\n                    \u003Cdiv class=\u0022post-cover\u0022 style=\u0022background-image:url(\u0027https:\/\/sobusygirls.fr\/media\/cache\/w190\/uploads\/post\/large\/b5def886b0cb5b569a5b3f988cbd1581e458cb99.jpeg\u0027)\u0022\u003E\u003C\/div\u003E\n            \u003Cdiv class=\u0022post-cover-alt\u0022 style=\u0022background-image: url(\u0027https:\/\/sobusygirls.fr\/media\/cache\/w330\/uploads\/post\/square\/b5def886b0cb5b569a5b3f988cbd1581e458cb99.jpeg\u0027)\u0022\u003E\u003C\/div\u003E\n                \u003Cdiv class=\u0022post-bottom\u0022\u003E\n            \u003Cspan class=\u0022post-category\u0022\u003EActus\u003C\/span\u003E\n            \u003Cspan class=\u0022post-title\u0022\u003EDeux maisons, un cr\u00e9dit massif\u0026nbsp;: la r\u00e9alit\u00e9 du patrimoine de S\u00e9bastien Lecornu est bien lo...\u003C\/span\u003E\n            \u003Cspan class=\u0022post-author\u0022\u003ELaura\u003C\/span\u003E\n            \u003Cspan class=\u0022post-date\u0022\u003E07 : 45\u003C\/span\u003E\n        \u003C\/div\u003E\n    \u003C\/a\u003E\n\u003C\/div\u003E\n            \u003Cdiv class=\u0022post-list-item post-list-item-small col col-4\u0022\u003E\n    \u003Ca href=\u0022\/2026\/04\/22\/254-m2-165-000-euros-de-travaux-les-coulisses-tres-concretes-de-la-maison-de-sebastien-lecornu\/\u0022\u003E\n                    \u003Cdiv class=\u0022post-cover\u0022 style=\u0022background-image:url(\u0027https:\/\/sobusygirls.fr\/media\/cache\/w190\/uploads\/post\/large\/bd21c2efdc089b2c08ff9944a74c02e4fd890be7.jpeg\u0027)\u0022\u003E\u003C\/div\u003E\n            \u003Cdiv class=\u0022post-cover-alt\u0022 style=\u0022background-image: url(\u0027https:\/\/sobusygirls.fr\/media\/cache\/w330\/uploads\/post\/square\/bd21c2efdc089b2c08ff9944a74c02e4fd890be7.jpeg\u0027)\u0022\u003E\u003C\/div\u003E\n                \u003Cdiv class=\u0022post-bottom\u0022\u003E\n            \u003Cspan class=\u0022post-category\u0022\u003EActus\u003C\/span\u003E\n            \u003Cspan class=\u0022post-title\u0022\u003E254 m\u00b2, 165 000 euros de travaux\u0026nbsp;: les coulisses tr\u00e8s concr\u00e8tes de la maison de S\u00e9bastien...\u003C\/span\u003E\n            \u003Cspan class=\u0022post-author\u0022\u003ELaura\u003C\/span\u003E\n            \u003Cspan class=\u0022post-date\u0022\u003E07 : 15\u003C\/span\u003E\n        \u003C\/div\u003E\n    \u003C\/a\u003E\n\u003C\/div\u003E\n            \u003Cdiv class=\u0022post-list-item post-list-item-small col col-4\u0022\u003E\n    \u003Ca href=\u0022\/2026\/02\/13\/meghan-markle-trahie-par-sa-meilleure-amie-ce-que-son-ex-confidente-est-prete-a-reveler-sur-elle\/\u0022\u003E\n                    \u003Cdiv class=\u0022post-cover\u0022 style=\u0022background-image:url(\u0027https:\/\/sobusygirls.fr\/media\/cache\/w190\/uploads\/post\/large\/b2afb71aff9163869298d92eb3b9450e4c56dd1b.jpeg\u0027)\u0022\u003E\u003C\/div\u003E\n            \u003Cdiv class=\u0022post-cover-alt\u0022 style=\u0022background-image: url(\u0027https:\/\/sobusygirls.fr\/media\/cache\/w330\/uploads\/post\/square\/b2afb71aff9163869298d92eb3b9450e4c56dd1b.jpeg\u0027)\u0022\u003E\u003C\/div\u003E\n                \u003Cdiv class=\u0022post-bottom\u0022\u003E\n            \u003Cspan class=\u0022post-category\u0022\u003EActus\u003C\/span\u003E\n            \u003Cspan class=\u0022post-title\u0022\u003EMeghan Markle trahie par sa meilleure amie\u0026nbsp;: ce que son ex-confidente est pr\u00eate \u00e0 r\u00e9v\u00e9ler...\u003C\/span\u003E\n            \u003Cspan class=\u0022post-author\u0022\u003ELaura\u003C\/span\u003E\n            \u003Cspan class=\u0022post-date\u0022\u003E07 : 00\u003C\/span\u003E\n        \u003C\/div\u003E\n    \u003C\/a\u003E\n\u003C\/div\u003E\n            \u003Cdiv class=\u0022post-list-item post-list-item-small col col-4\u0022\u003E\n    \u003Ca href=\u0022\/2026\/04\/22\/les-machos-du-ps-ce-message-de-segolene-royal-qui-remet-en-cause-toute-une-generation-politique\/\u0022\u003E\n                    \u003Cdiv class=\u0022post-cover\u0022 style=\u0022background-image:url(\u0027https:\/\/sobusygirls.fr\/media\/cache\/w190\/uploads\/post\/large\/8cf1aa4f0fd8cd84078e04918af67ab7583cb5b7.jpeg\u0027)\u0022\u003E\u003C\/div\u003E\n            \u003Cdiv class=\u0022post-cover-alt\u0022 style=\u0022background-image: url(\u0027https:\/\/sobusygirls.fr\/media\/cache\/w330\/uploads\/post\/square\/8cf1aa4f0fd8cd84078e04918af67ab7583cb5b7.jpeg\u0027)\u0022\u003E\u003C\/div\u003E\n                \u003Cdiv class=\u0022post-bottom\u0022\u003E\n            \u003Cspan class=\u0022post-category\u0022\u003EActus\u003C\/span\u003E\n            \u003Cspan class=\u0022post-title\u0022\u003E\u201cLes machos du PS\u201d\u0026nbsp;: ce message de S\u00e9gol\u00e8ne Royal qui remet en cause toute une g\u00e9n\u00e9ration...\u003C\/span\u003E\n            \u003Cspan class=\u0022post-author\u0022\u003ELaura\u003C\/span\u003E\n            \u003Cspan class=\u0022post-date\u0022\u003E06 : 30\u003C\/span\u003E\n        \u003C\/div\u003E\n    \u003C\/a\u003E\n\u003C\/div\u003E\n            \u003Cdiv class=\u0022post-list-item post-list-item-small col col-4\u0022\u003E\n    \u003Ca href=\u0022\/2026\/04\/22\/villepin-presidentielle-2027-nouvelle-figure-politique\/\u0022\u003E\n                    \u003Cdiv class=\u0022post-cover\u0022 style=\u0022background-image:url(\u0027https:\/\/sobusygirls.fr\/media\/cache\/w190\/uploads\/post\/large\/2af81b46f3bf1235fda31f51c18e9eeb79a61702.jpeg\u0027)\u0022\u003E\u003C\/div\u003E\n            \u003Cdiv class=\u0022post-cover-alt\u0022 style=\u0022background-image: url(\u0027https:\/\/sobusygirls.fr\/media\/cache\/w330\/uploads\/post\/square\/2af81b46f3bf1235fda31f51c18e9eeb79a61702.jpeg\u0027)\u0022\u003E\u003C\/div\u003E\n                \u003Cdiv class=\u0022post-bottom\u0022\u003E\n            \u003Cspan class=\u0022post-category\u0022\u003EActus\u003C\/span\u003E\n            \u003Cspan class=\u0022post-title\u0022\u003E\u201cIls auront du mal \u00e0 porter une ambition\u201d\u0026nbsp;: Dominique de Villepin envoie un message tr\u00e8s c...\u003C\/span\u003E\n            \u003Cspan class=\u0022post-author\u0022\u003ELaura\u003C\/span\u003E\n            \u003Cspan class=\u0022post-date\u0022\u003E06 : 00\u003C\/span\u003E\n        \u003C\/div\u003E\n    \u003C\/a\u003E\n\u003C\/div\u003E\n            \u003Cdiv class=\u0022post-list-item post-list-item-small col col-4\u0022\u003E\n    \u003Ca href=\u0022\/2026\/01\/27\/800-euros-par-emission-6-tournages-par-jour-voici-ce-que-gagnait-vraiment-julien-lepers-a-la-television\/\u0022\u003E\n                    \u003Cdiv class=\u0022post-cover\u0022 style=\u0022background-image:url(\u0027https:\/\/sobusygirls.fr\/media\/cache\/w190\/uploads\/post\/large\/1e215b6d3ea3e51328187ebc8d46005ca2698629.jpeg\u0027)\u0022\u003E\u003C\/div\u003E\n            \u003Cdiv class=\u0022post-cover-alt\u0022 style=\u0022background-image: url(\u0027https:\/\/sobusygirls.fr\/media\/cache\/w330\/uploads\/post\/square\/1e215b6d3ea3e51328187ebc8d46005ca2698629.jpeg\u0027)\u0022\u003E\u003C\/div\u003E\n                \u003Cdiv class=\u0022post-bottom\u0022\u003E\n            \u003Cspan class=\u0022post-category\u0022\u003EActus\u003C\/span\u003E\n            \u003Cspan class=\u0022post-title\u0022\u003E800 euros par \u00e9mission, 6 tournages par jour\u0026nbsp;: voici ce que gagnait vraiment Julien Lepers...\u003C\/span\u003E\n            \u003Cspan class=\u0022post-author\u0022\u003ELaura\u003C\/span\u003E\n            \u003Cspan class=\u0022post-date\u0022\u003E00 : 57\u003C\/span\u003E\n        \u003C\/div\u003E\n    \u003C\/a\u003E\n\u003C\/div\u003E\n            \u003Cdiv class=\u0022post-list-item post-list-item-small col col-4\u0022\u003E\n    \u003Ca href=\u0022\/2026\/04\/03\/une-droite-a-la-machoire-cette-attaque-de-donald-trump-contre-brigitte-macron-qui-fait-basculer-la-relation-avec-emmanuel-macron\/\u0022\u003E\n                    \u003Cdiv class=\u0022post-cover\u0022 style=\u0022background-image:url(\u0027https:\/\/sobusygirls.fr\/media\/cache\/w190\/uploads\/post\/large\/9069c32f7798cd3625ab9dd208fcde751b80a9e5.jpeg\u0027)\u0022\u003E\u003C\/div\u003E\n            \u003Cdiv class=\u0022post-cover-alt\u0022 style=\u0022background-image: url(\u0027https:\/\/sobusygirls.fr\/media\/cache\/w330\/uploads\/post\/square\/9069c32f7798cd3625ab9dd208fcde751b80a9e5.jpeg\u0027)\u0022\u003E\u003C\/div\u003E\n                \u003Cdiv class=\u0022post-bottom\u0022\u003E\n            \u003Cspan class=\u0022post-category\u0022\u003EActus\u003C\/span\u003E\n            \u003Cspan class=\u0022post-title\u0022\u003E\u00ab Une droite \u00e0 la m\u00e2choire \u00bb\u0026nbsp;: cette attaque de Donald Trump contre Brigitte Macron qui fa...\u003C\/span\u003E\n            \u003Cspan class=\u0022post-author\u0022\u003ELaura\u003C\/span\u003E\n            \u003Cspan class=\u0022post-date\u0022\u003E00 : 52\u003C\/span\u003E\n        \u003C\/div\u003E\n    \u003C\/a\u003E\n\u003C\/div\u003E\n            \u003Cdiv class=\u0022post-list-item post-list-item-small col col-4\u0022\u003E\n    \u003Ca href=\u0022\/2026\/04\/02\/comme-dans-dragon-ball-ce-detail-dans-le-geste-de-macron-et-takaichi-que-tout-le-monde-a-reconnu\/\u0022\u003E\n                    \u003Cdiv class=\u0022post-cover\u0022 style=\u0022background-image:url(\u0027https:\/\/sobusygirls.fr\/media\/cache\/w190\/uploads\/post\/large\/c9793c4d11f7b6a978e0ff72058b07633729fb6d.jpeg\u0027)\u0022\u003E\u003C\/div\u003E\n            \u003Cdiv class=\u0022post-cover-alt\u0022 style=\u0022background-image: url(\u0027https:\/\/sobusygirls.fr\/media\/cache\/w330\/uploads\/post\/square\/c9793c4d11f7b6a978e0ff72058b07633729fb6d.jpeg\u0027)\u0022\u003E\u003C\/div\u003E\n                \u003Cdiv class=\u0022post-bottom\u0022\u003E\n            \u003Cspan class=\u0022post-category\u0022\u003EActus\u003C\/span\u003E\n            \u003Cspan class=\u0022post-title\u0022\u003E\u00ab Comme dans Dragon Ball \u00bb\u0026nbsp;: ce d\u00e9tail dans le geste de Macron et Takaichi que tout le mon...\u003C\/span\u003E\n            \u003Cspan class=\u0022post-author\u0022\u003ELaura\u003C\/span\u003E\n            \u003Cspan class=\u0022post-date\u0022\u003E00 : 37\u003C\/span\u003E\n        \u003C\/div\u003E\n    \u003C\/a\u003E\n\u003C\/div\u003E\n            \u003Cdiv class=\u0022post-list-item post-list-item-small col col-4\u0022\u003E\n    \u003Ca href=\u0022\/2026\/04\/24\/macron-stabilite-moyen-orient-economie-mondiale-declaration\/\u0022\u003E\n                    \u003Cdiv class=\u0022post-cover\u0022 style=\u0022background-image:url(\u0027https:\/\/sobusygirls.fr\/media\/cache\/w190\/uploads\/post\/large\/e7e94a4b0ffa97f29162b88e285f53eed2e968d4.jpeg\u0027)\u0022\u003E\u003C\/div\u003E\n            \u003Cdiv class=\u0022post-cover-alt\u0022 style=\u0022background-image: url(\u0027https:\/\/sobusygirls.fr\/media\/cache\/w330\/uploads\/post\/square\/e7e94a4b0ffa97f29162b88e285f53eed2e968d4.jpeg\u0027)\u0022\u003E\u003C\/div\u003E\n                \u003Cdiv class=\u0022post-bottom\u0022\u003E\n            \u003Cspan class=\u0022post-category\u0022\u003EActus\u003C\/span\u003E\n            \u003Cspan class=\u0022post-title\u0022\u003E\u00ab Nous avons tous int\u00e9r\u00eat \u00bb \u00e0 ce que la stabilit\u00e9 revienne \u00ab le plus vite possible \u00bb\u0026nbsp;: pou...\u003C\/span\u003E\n            \u003Cspan class=\u0022post-author\u0022\u003ELaura\u003C\/span\u003E\n            \u003Cspan class=\u0022post-date\u0022\u003E00 : 07\u003C\/span\u003E\n        \u003C\/div\u003E\n    \u003C\/a\u003E\n\u003C\/div\u003E\n            \u003Cdiv class=\u0022post-list-item post-list-item-small col col-4\u0022\u003E\n    \u003Ca href=\u0022\/2026\/02\/03\/lea-salame-sous-pression-a-lassemblee-cette-phrase-sur-jordan-bardella-qui-a-tout-fait-basculer\/\u0022\u003E\n                    \u003Cdiv class=\u0022post-cover\u0022 style=\u0022background-image:url(\u0027https:\/\/sobusygirls.fr\/media\/cache\/w190\/uploads\/post\/large\/756427167d9ca40a4224a7b3b52fb4ee386cc726.jpeg\u0027)\u0022\u003E\u003C\/div\u003E\n            \u003Cdiv class=\u0022post-cover-alt\u0022 style=\u0022background-image: url(\u0027https:\/\/sobusygirls.fr\/media\/cache\/w330\/uploads\/post\/square\/756427167d9ca40a4224a7b3b52fb4ee386cc726.jpeg\u0027)\u0022\u003E\u003C\/div\u003E\n                \u003Cdiv class=\u0022post-bottom\u0022\u003E\n            \u003Cspan class=\u0022post-category\u0022\u003EActus\u003C\/span\u003E\n            \u003Cspan class=\u0022post-title\u0022\u003EL\u00e9a Salam\u00e9, sous pression \u00e0 l\u2019Assembl\u00e9e\u0026nbsp;: cette phrase sur Jordan Bardella qui a tout fait...\u003C\/span\u003E\n            \u003Cspan class=\u0022post-author\u0022\u003ELaura\u003C\/span\u003E\n            \u003Cspan class=\u0022post-date\u0022\u003E02 mai 2026\u003C\/span\u003E\n        \u003C\/div\u003E\n    \u003C\/a\u003E\n\u003C\/div\u003E\n            \u003Cdiv class=\u0022post-list-item post-list-item-small col col-4\u0022\u003E\n    \u003Ca href=\u0022\/2026\/04\/02\/cette-video-de-brigitte-macron-dont-donald-trump-a-reparle-et-qui-avait-deja-oblige-emmanuel-macron-a-sexpliquer\/\u0022\u003E\n                    \u003Cdiv class=\u0022post-cover\u0022 style=\u0022background-image:url(\u0027https:\/\/sobusygirls.fr\/media\/cache\/w190\/uploads\/post\/large\/9f91db2775fe318fbe6859fa189b0bb3ca173eeb.jpeg\u0027)\u0022\u003E\u003C\/div\u003E\n            \u003Cdiv class=\u0022post-cover-alt\u0022 style=\u0022background-image: url(\u0027https:\/\/sobusygirls.fr\/media\/cache\/w330\/uploads\/post\/square\/9f91db2775fe318fbe6859fa189b0bb3ca173eeb.jpeg\u0027)\u0022\u003E\u003C\/div\u003E\n                \u003Cdiv class=\u0022post-bottom\u0022\u003E\n            \u003Cspan class=\u0022post-category\u0022\u003EActus\u003C\/span\u003E\n            \u003Cspan class=\u0022post-title\u0022\u003ECette vid\u00e9o de Brigitte Macron dont Donald Trump a reparl\u00e9 et qui avait d\u00e9j\u00e0 oblig\u00e9 Emmanu...\u003C\/span\u003E\n            \u003Cspan class=\u0022post-author\u0022\u003ELaura\u003C\/span\u003E\n            \u003Cspan class=\u0022post-date\u0022\u003E02 mai 2026\u003C\/span\u003E\n        \u003C\/div\u003E\n    \u003C\/a\u003E\n\u003C\/div\u003E\n            \u003Cdiv class=\u0022post-list-item post-list-item-small col col-4\u0022\u003E\n    \u003Ca href=\u0022\/2026\/03\/15\/dans-sa-ville-de-vernon-sebastien-lecornu-savoure-une-victoire-immediate-aux-municipales\/\u0022\u003E\n                    \u003Cdiv class=\u0022post-cover\u0022 style=\u0022background-image:url(\u0027https:\/\/sobusygirls.fr\/media\/cache\/w190\/uploads\/post\/large\/db054c52ec8cd6c480b3dd25970699d555f9c073.jpeg\u0027)\u0022\u003E\u003C\/div\u003E\n            \u003Cdiv class=\u0022post-cover-alt\u0022 style=\u0022background-image: url(\u0027https:\/\/sobusygirls.fr\/media\/cache\/w330\/uploads\/post\/square\/db054c52ec8cd6c480b3dd25970699d555f9c073.jpeg\u0027)\u0022\u003E\u003C\/div\u003E\n                \u003Cdiv class=\u0022post-bottom\u0022\u003E\n            \u003Cspan class=\u0022post-category\u0022\u003EActus\u003C\/span\u003E\n            \u003Cspan class=\u0022post-title\u0022\u003EDans sa ville de Vernon, S\u00e9bastien Lecornu savoure une victoire imm\u00e9diate aux municipales\u003C\/span\u003E\n            \u003Cspan class=\u0022post-author\u0022\u003ELaura\u003C\/span\u003E\n            \u003Cspan class=\u0022post-date\u0022\u003E02 mai 2026\u003C\/span\u003E\n        \u003C\/div\u003E\n    \u003C\/a\u003E\n\u003C\/div\u003E\n            \u003Cdiv class=\u0022post-list-item post-list-item-small col col-4\u0022\u003E\n    \u003Ca href=\u0022\/2026\/02\/11\/sophie-marceau-tf1-sequence-tendue-la-boum\/\u0022\u003E\n                    \u003Cdiv class=\u0022post-cover\u0022 style=\u0022background-image:url(\u0027https:\/\/sobusygirls.fr\/media\/cache\/w190\/uploads\/post\/large\/5b1e8ccbe14b3e30dcae4bbbb11a50accf402790.jpeg\u0027)\u0022\u003E\u003C\/div\u003E\n            \u003Cdiv class=\u0022post-cover-alt\u0022 style=\u0022background-image: url(\u0027https:\/\/sobusygirls.fr\/media\/cache\/w330\/uploads\/post\/square\/5b1e8ccbe14b3e30dcae4bbbb11a50accf402790.jpeg\u0027)\u0022\u003E\u003C\/div\u003E\n                \u003Cdiv class=\u0022post-bottom\u0022\u003E\n            \u003Cspan class=\u0022post-category\u0022\u003EActus\u003C\/span\u003E\n            \u003Cspan class=\u0022post-title\u0022\u003ECette s\u00e9quence sur TF1 o\u00f9 Sophie Marceau a dit stop\u0026nbsp;: pourquoi elle a recadr\u00e9 une journali...\u003C\/span\u003E\n            \u003Cspan class=\u0022post-author\u0022\u003ELaura\u003C\/span\u003E\n            \u003Cspan class=\u0022post-date\u0022\u003E02 mai 2026\u003C\/span\u003E\n        \u003C\/div\u003E\n    \u003C\/a\u003E\n\u003C\/div\u003E\n            \u003Cdiv class=\u0022post-list-item post-list-item-small col col-4\u0022\u003E\n    \u003Ca href=\u0022\/2026\/04\/02\/je-sais-cest-pour-ca-que-je-suis-la-apres-une-altercation-avec-patrick-bruel-cette-reponse-dun-membre-de-tf1-interroge\/\u0022\u003E\n                    \u003Cdiv class=\u0022post-cover\u0022 style=\u0022background-image:url(\u0027https:\/\/sobusygirls.fr\/media\/cache\/w190\/uploads\/post\/large\/c70b083e8a9c464825e37a9300abba8ff6a60553.jpeg\u0027)\u0022\u003E\u003C\/div\u003E\n            \u003Cdiv class=\u0022post-cover-alt\u0022 style=\u0022background-image: url(\u0027https:\/\/sobusygirls.fr\/media\/cache\/w330\/uploads\/post\/square\/c70b083e8a9c464825e37a9300abba8ff6a60553.jpeg\u0027)\u0022\u003E\u003C\/div\u003E\n                \u003Cdiv class=\u0022post-bottom\u0022\u003E\n            \u003Cspan class=\u0022post-category\u0022\u003EActus\u003C\/span\u003E\n            \u003Cspan class=\u0022post-title\u0022\u003E\u00ab Je sais, c\u2019est pour \u00e7a que je suis l\u00e0 \u00bb\u0026nbsp;: apr\u00e8s une altercation avec Patrick Bruel, cett...\u003C\/span\u003E\n            \u003Cspan class=\u0022post-author\u0022\u003ELaura\u003C\/span\u003E\n            \u003Cspan class=\u0022post-date\u0022\u003E02 mai 2026\u003C\/span\u003E\n        \u003C\/div\u003E\n    \u003C\/a\u003E\n\u003C\/div\u003E\n            \u003Cdiv class=\u0022post-list-item post-list-item-small col col-4\u0022\u003E\n    \u003Ca href=\u0022\/2026\/02\/11\/ce-pavillon-cache-de-matignon-ou-tout-se-joue-loin-des-cameras-sebastien-lecornu-y-vit-a-labri-des-regards\/\u0022\u003E\n                    \u003Cdiv class=\u0022post-cover\u0022 style=\u0022background-image:url(\u0027https:\/\/sobusygirls.fr\/media\/cache\/w190\/uploads\/post\/large\/2827448f1a3887c0db7871dc508b31360da0ae9a.jpeg\u0027)\u0022\u003E\u003C\/div\u003E\n            \u003Cdiv class=\u0022post-cover-alt\u0022 style=\u0022background-image: url(\u0027https:\/\/sobusygirls.fr\/media\/cache\/w330\/uploads\/post\/square\/2827448f1a3887c0db7871dc508b31360da0ae9a.jpeg\u0027)\u0022\u003E\u003C\/div\u003E\n                \u003Cdiv class=\u0022post-bottom\u0022\u003E\n            \u003Cspan class=\u0022post-category\u0022\u003EActus\u003C\/span\u003E\n            \u003Cspan class=\u0022post-title\u0022\u003ECe pavillon cach\u00e9 de Matignon o\u00f9 tout se joue loin des cam\u00e9ras\u2026 S\u00e9bastien Lecornu y vit \u00e0...\u003C\/span\u003E\n            \u003Cspan class=\u0022post-author\u0022\u003ELaura\u003C\/span\u003E\n            \u003Cspan class=\u0022post-date\u0022\u003E02 mai 2026\u003C\/span\u003E\n        \u003C\/div\u003E\n    \u003C\/a\u003E\n\u003C\/div\u003E\n            \u003Cdiv class=\u0022post-list-item post-list-item-small col col-4\u0022\u003E\n    \u003Ca href=\u0022\/2026\/04\/23\/gerald-darmanin-image-ministre-riche-realite-patrimoine\/\u0022\u003E\n                    \u003Cdiv class=\u0022post-cover\u0022 style=\u0022background-image:url(\u0027https:\/\/sobusygirls.fr\/media\/cache\/w190\/uploads\/post\/large\/912a4a6e8e745e59079530ece4b341d82dff88a0.jpeg\u0027)\u0022\u003E\u003C\/div\u003E\n            \u003Cdiv class=\u0022post-cover-alt\u0022 style=\u0022background-image: url(\u0027https:\/\/sobusygirls.fr\/media\/cache\/w330\/uploads\/post\/square\/912a4a6e8e745e59079530ece4b341d82dff88a0.jpeg\u0027)\u0022\u003E\u003C\/div\u003E\n                \u003Cdiv class=\u0022post-bottom\u0022\u003E\n            \u003Cspan class=\u0022post-category\u0022\u003EActus\u003C\/span\u003E\n            \u003Cspan class=\u0022post-title\u0022\u003EOn l\u2019imaginait riche\u0026nbsp;: la r\u00e9alit\u00e9 du patrimoine de G\u00e9rald Darmanin surprend\u003C\/span\u003E\n            \u003Cspan class=\u0022post-author\u0022\u003ELaura\u003C\/span\u003E\n            \u003Cspan class=\u0022post-date\u0022\u003E02 mai 2026\u003C\/span\u003E\n        \u003C\/div\u003E\n    \u003C\/a\u003E\n\u003C\/div\u003E\n    \u003C\/div\u003E\n    \u003Cdiv class=\u0022posts-load-more-container\u0022\u003E\n        \u003Ca href=\u0022\/ajax\/author\/posts?author=laura\u0026amp;pp=1777753020\u0026amp;pc=1776950962\u0022 id=\u0022posts-load-more\u0022 class=\u0022posts-load-more\u0022\u003ECharger plus d\u0026#039;articles\u003C\/a\u003E\n    \u003C\/div\u003E\n"}