{"content":"\n\u003Cdiv class=\u0022posts row\u0022\u003E\n            \u003Cdiv class=\u0022post-list-item post-list-item-small col col-4\u0022\u003E\n    \u003Ca href=\u0022\/2026\/04\/04\/nicolas-sarkozy-anniversaire-71-ans-cadeau-3500-euros-verlaine-netflix\/\u0022\u003E\n                    \u003Cdiv class=\u0022post-cover\u0022 style=\u0022background-image:url(\u0027https:\/\/sobusygirls.fr\/media\/cache\/w190\/uploads\/post\/large\/9f39d79b09b1990d3904910f3ce7f1fba1bad631.jpeg\u0027)\u0022\u003E\u003C\/div\u003E\n            \u003Cdiv class=\u0022post-cover-alt\u0022 style=\u0022background-image: url(\u0027https:\/\/sobusygirls.fr\/media\/cache\/w330\/uploads\/post\/square\/9f39d79b09b1990d3904910f3ce7f1fba1bad631.jpeg\u0027)\u0022\u003E\u003C\/div\u003E\n                \u003Cdiv class=\u0022post-bottom\u0022\u003E\n            \u003Cspan class=\u0022post-category\u0022\u003EActus\u003C\/span\u003E\n            \u003Cspan class=\u0022post-title\u0022\u003ENicolas Sarkozy f\u00eate ses 71 ans\u0026nbsp;: ce cadeau \u00e0 3 500 euros intrigue et une surprise inatten...\u003C\/span\u003E\n            \u003Cspan class=\u0022post-author\u0022\u003ELaura\u003C\/span\u003E\n            \u003Cspan class=\u0022post-date\u0022\u003E25 avr. 2026\u003C\/span\u003E\n        \u003C\/div\u003E\n    \u003C\/a\u003E\n\u003C\/div\u003E\n            \u003Cdiv class=\u0022post-list-item post-list-item-small col col-4\u0022\u003E\n    \u003Ca href=\u0022\/2026\/04\/04\/vous-pensez-que-cetait-volontaire-francois-hollande-repond-sans-detour-a-une-question-qui-derange\/\u0022\u003E\n                    \u003Cdiv class=\u0022post-cover\u0022 style=\u0022background-image:url(\u0027https:\/\/sobusygirls.fr\/media\/cache\/w190\/uploads\/post\/large\/0102311e81646e3b0c559b98c959e7c797c02df7.jpeg\u0027)\u0022\u003E\u003C\/div\u003E\n            \u003Cdiv class=\u0022post-cover-alt\u0022 style=\u0022background-image: url(\u0027https:\/\/sobusygirls.fr\/media\/cache\/w330\/uploads\/post\/square\/0102311e81646e3b0c559b98c959e7c797c02df7.jpeg\u0027)\u0022\u003E\u003C\/div\u003E\n                \u003Cdiv class=\u0022post-bottom\u0022\u003E\n            \u003Cspan class=\u0022post-category\u0022\u003EActus\u003C\/span\u003E\n            \u003Cspan class=\u0022post-title\u0022\u003E\u00ab Vous pensez que c\u2019\u00e9tait volontaire\u0026nbsp;? \u00bb\u0026nbsp;: Fran\u00e7ois Hollande r\u00e9pond sans d\u00e9tour \u00e0 une ques...\u003C\/span\u003E\n            \u003Cspan class=\u0022post-author\u0022\u003ELaura\u003C\/span\u003E\n            \u003Cspan class=\u0022post-date\u0022\u003E25 avr. 2026\u003C\/span\u003E\n        \u003C\/div\u003E\n    \u003C\/a\u003E\n\u003C\/div\u003E\n            \u003Cdiv class=\u0022post-list-item post-list-item-small col col-4\u0022\u003E\n    \u003Ca href=\u0022\/2026\/04\/04\/gabriel-attal-couple-rumeurs-photo-instagram\/\u0022\u003E\n                    \u003Cdiv class=\u0022post-cover\u0022 style=\u0022background-image:url(\u0027https:\/\/sobusygirls.fr\/media\/cache\/w190\/uploads\/post\/large\/9cc608964831a2063b1930e5245c3ebffcfa53b7.jpeg\u0027)\u0022\u003E\u003C\/div\u003E\n            \u003Cdiv class=\u0022post-cover-alt\u0022 style=\u0022background-image: url(\u0027https:\/\/sobusygirls.fr\/media\/cache\/w330\/uploads\/post\/square\/9cc608964831a2063b1930e5245c3ebffcfa53b7.jpeg\u0027)\u0022\u003E\u003C\/div\u003E\n                \u003Cdiv class=\u0022post-bottom\u0022\u003E\n            \u003Cspan class=\u0022post-category\u0022\u003EActus\u003C\/span\u003E\n            \u003Cspan class=\u0022post-title\u0022\u003EGabriel Attal en couple\u0026nbsp;? Cette photo qui fait na\u00eetre un espoir inattendu chez ses abonn\u00e9s\u003C\/span\u003E\n            \u003Cspan class=\u0022post-author\u0022\u003ELaura\u003C\/span\u003E\n            \u003Cspan class=\u0022post-date\u0022\u003E25 avr. 2026\u003C\/span\u003E\n        \u003C\/div\u003E\n    \u003C\/a\u003E\n\u003C\/div\u003E\n            \u003Cdiv class=\u0022post-list-item post-list-item-small col col-4\u0022\u003E\n    \u003Ca href=\u0022\/2026\/04\/04\/nicolas-sarkozy-fascine-les-plateformes-les-vraies-raisons-derriere-linteret-de-netflix\/\u0022\u003E\n                    \u003Cdiv class=\u0022post-cover\u0022 style=\u0022background-image:url(\u0027https:\/\/sobusygirls.fr\/media\/cache\/w190\/uploads\/post\/large\/9fae754226ca81c62f4975aedd818a795abd5569.jpeg\u0027)\u0022\u003E\u003C\/div\u003E\n            \u003Cdiv class=\u0022post-cover-alt\u0022 style=\u0022background-image: url(\u0027https:\/\/sobusygirls.fr\/media\/cache\/w330\/uploads\/post\/square\/9fae754226ca81c62f4975aedd818a795abd5569.jpeg\u0027)\u0022\u003E\u003C\/div\u003E\n                \u003Cdiv class=\u0022post-bottom\u0022\u003E\n            \u003Cspan class=\u0022post-category\u0022\u003EActus\u003C\/span\u003E\n            \u003Cspan class=\u0022post-title\u0022\u003ENicolas Sarkozy fascine les plateformes\u0026nbsp;: les vraies raisons derri\u00e8re l\u2019int\u00e9r\u00eat de Netflix\u003C\/span\u003E\n            \u003Cspan class=\u0022post-author\u0022\u003ELaura\u003C\/span\u003E\n            \u003Cspan class=\u0022post-date\u0022\u003E25 avr. 2026\u003C\/span\u003E\n        \u003C\/div\u003E\n    \u003C\/a\u003E\n\u003C\/div\u003E\n            \u003Cdiv class=\u0022post-list-item post-list-item-small col col-4\u0022\u003E\n    \u003Ca href=\u0022\/2026\/04\/04\/anne-elisabeth-lemoine-a-cannes-lea-salame-absente-ce-choix-qui-redistribue-les-roles-sur-france-televisions\/\u0022\u003E\n                    \u003Cdiv class=\u0022post-cover\u0022 style=\u0022background-image:url(\u0027https:\/\/sobusygirls.fr\/media\/cache\/w190\/uploads\/post\/large\/05e75453de3068a42b5aebb0a07fc79a49548a7c.jpeg\u0027)\u0022\u003E\u003C\/div\u003E\n            \u003Cdiv class=\u0022post-cover-alt\u0022 style=\u0022background-image: url(\u0027https:\/\/sobusygirls.fr\/media\/cache\/w330\/uploads\/post\/square\/05e75453de3068a42b5aebb0a07fc79a49548a7c.jpeg\u0027)\u0022\u003E\u003C\/div\u003E\n                \u003Cdiv class=\u0022post-bottom\u0022\u003E\n            \u003Cspan class=\u0022post-category\u0022\u003EActus\u003C\/span\u003E\n            \u003Cspan class=\u0022post-title\u0022\u003EAnne-\u00c9lisabeth Lemoine \u00e0 Cannes, L\u00e9a Salam\u00e9 absente\u0026nbsp;: ce choix qui redistribue les r\u00f4les s...\u003C\/span\u003E\n            \u003Cspan class=\u0022post-author\u0022\u003ELaura\u003C\/span\u003E\n            \u003Cspan class=\u0022post-date\u0022\u003E25 avr. 2026\u003C\/span\u003E\n        \u003C\/div\u003E\n    \u003C\/a\u003E\n\u003C\/div\u003E\n            \u003Cdiv class=\u0022post-list-item post-list-item-small col col-4\u0022\u003E\n    \u003Ca href=\u0022\/2026\/04\/14\/loi-1er-mai-travail-decision-gouvernement-recul-2026\/\u0022\u003E\n                    \u003Cdiv class=\u0022post-cover\u0022 style=\u0022background-image:url(\u0027https:\/\/sobusygirls.fr\/media\/cache\/w190\/uploads\/post\/large\/6b3d68b15863e0bd2eab60fd63d7946461ebeb60.jpeg\u0027)\u0022\u003E\u003C\/div\u003E\n            \u003Cdiv class=\u0022post-cover-alt\u0022 style=\u0022background-image: url(\u0027https:\/\/sobusygirls.fr\/media\/cache\/w330\/uploads\/post\/square\/6b3d68b15863e0bd2eab60fd63d7946461ebeb60.jpeg\u0027)\u0022\u003E\u003C\/div\u003E\n                \u003Cdiv class=\u0022post-bottom\u0022\u003E\n            \u003Cspan class=\u0022post-category\u0022\u003EActus\u003C\/span\u003E\n            \u003Cspan class=\u0022post-title\u0022\u003ELoi sur le 1er-Mai\u0026nbsp;: ce recul du gouvernement qui d\u00e9clenche des r\u00e9actions explosives \u00e0 dro...\u003C\/span\u003E\n            \u003Cspan class=\u0022post-author\u0022\u003ELaura\u003C\/span\u003E\n            \u003Cspan class=\u0022post-date\u0022\u003E25 avr. 2026\u003C\/span\u003E\n        \u003C\/div\u003E\n    \u003C\/a\u003E\n\u003C\/div\u003E\n            \u003Cdiv class=\u0022post-list-item post-list-item-small col col-4\u0022\u003E\n    \u003Ca href=\u0022\/2026\/04\/03\/francois-hollande-diner-officiel-ne-prenez-rien-anecdote\/\u0022\u003E\n                    \u003Cdiv class=\u0022post-cover\u0022 style=\u0022background-image:url(\u0027https:\/\/sobusygirls.fr\/media\/cache\/w190\/uploads\/post\/large\/ac37647c27a7b1c80f3015fb4bf955ac1ee75ebe.jpeg\u0027)\u0022\u003E\u003C\/div\u003E\n            \u003Cdiv class=\u0022post-cover-alt\u0022 style=\u0022background-image: url(\u0027https:\/\/sobusygirls.fr\/media\/cache\/w330\/uploads\/post\/square\/ac37647c27a7b1c80f3015fb4bf955ac1ee75ebe.jpeg\u0027)\u0022\u003E\u003C\/div\u003E\n                \u003Cdiv class=\u0022post-bottom\u0022\u003E\n            \u003Cspan class=\u0022post-category\u0022\u003EActus\u003C\/span\u003E\n            \u003Cspan class=\u0022post-title\u0022\u003E\u00ab Surtout ne prenez rien \u00bb\u0026nbsp;: ce moment d\u00e9licat o\u00f9 Fran\u00e7ois Hollande a compris que le d\u00eener...\u003C\/span\u003E\n            \u003Cspan class=\u0022post-author\u0022\u003ELaura\u003C\/span\u003E\n            \u003Cspan class=\u0022post-date\u0022\u003E25 avr. 2026\u003C\/span\u003E\n        \u003C\/div\u003E\n    \u003C\/a\u003E\n\u003C\/div\u003E\n            \u003Cdiv class=\u0022post-list-item post-list-item-small col col-4\u0022\u003E\n    \u003Ca href=\u0022\/2026\/03\/17\/agnes-evren-marine-tondelier-bfmtv-tension-direct\/\u0022\u003E\n                    \u003Cdiv class=\u0022post-cover\u0022 style=\u0022background-image:url(\u0027https:\/\/sobusygirls.fr\/media\/cache\/w190\/uploads\/post\/large\/ce954c21cdcdc93d41c9d82279cf1f2dabd35e3d.jpeg\u0027)\u0022\u003E\u003C\/div\u003E\n            \u003Cdiv class=\u0022post-cover-alt\u0022 style=\u0022background-image: url(\u0027https:\/\/sobusygirls.fr\/media\/cache\/w330\/uploads\/post\/square\/ce954c21cdcdc93d41c9d82279cf1f2dabd35e3d.jpeg\u0027)\u0022\u003E\u003C\/div\u003E\n                \u003Cdiv class=\u0022post-bottom\u0022\u003E\n            \u003Cspan class=\u0022post-category\u0022\u003EActus\u003C\/span\u003E\n            \u003Cspan class=\u0022post-title\u0022\u003E\u201cMais vous \u00eates totalement tar\u00e9e\u201d\u0026nbsp;: le moment o\u00f9 le d\u00e9bat entre la s\u00e9natrice LR Agn\u00e8s Evre...\u003C\/span\u003E\n            \u003Cspan class=\u0022post-author\u0022\u003ELaura\u003C\/span\u003E\n            \u003Cspan class=\u0022post-date\u0022\u003E25 avr. 2026\u003C\/span\u003E\n        \u003C\/div\u003E\n    \u003C\/a\u003E\n\u003C\/div\u003E\n            \u003Cdiv class=\u0022post-list-item post-list-item-small col col-4\u0022\u003E\n    \u003Ca href=\u0022\/2026\/03\/26\/a-lima-macron-jongle-entre-hommage-a-jack-lang-et-arrivee-de-sa-successeure-une-scene-tres-observee\/\u0022\u003E\n                    \u003Cdiv class=\u0022post-cover\u0022 style=\u0022background-image:url(\u0027https:\/\/sobusygirls.fr\/media\/cache\/w190\/uploads\/post\/large\/2c1ed24721d4695a3e0490a4d91845946343c3ab.jpeg\u0027)\u0022\u003E\u003C\/div\u003E\n            \u003Cdiv class=\u0022post-cover-alt\u0022 style=\u0022background-image: url(\u0027https:\/\/sobusygirls.fr\/media\/cache\/w330\/uploads\/post\/square\/2c1ed24721d4695a3e0490a4d91845946343c3ab.jpeg\u0027)\u0022\u003E\u003C\/div\u003E\n                \u003Cdiv class=\u0022post-bottom\u0022\u003E\n            \u003Cspan class=\u0022post-category\u0022\u003EActus\u003C\/span\u003E\n            \u003Cspan class=\u0022post-title\u0022\u003E\u00c0 l\u2019IMA, Macron jongle entre hommage \u00e0 Jack Lang et arriv\u00e9e de sa successeure\u0026nbsp;: une sc\u00e8ne...\u003C\/span\u003E\n            \u003Cspan class=\u0022post-author\u0022\u003ELaura\u003C\/span\u003E\n            \u003Cspan class=\u0022post-date\u0022\u003E25 avr. 2026\u003C\/span\u003E\n        \u003C\/div\u003E\n    \u003C\/a\u003E\n\u003C\/div\u003E\n            \u003Cdiv class=\u0022post-list-item post-list-item-small col col-4\u0022\u003E\n    \u003Ca href=\u0022\/2026\/04\/25\/soleil-chaleur-puis-des-orages-ce-basculement-meteo-qui-surprend-ce-dimanche-dans-le-sud-ouest\/\u0022\u003E\n                    \u003Cdiv class=\u0022post-cover\u0022 style=\u0022background-image:url(\u0027https:\/\/sobusygirls.fr\/media\/cache\/w190\/uploads\/post\/large\/22182243bbeaace6de164b5902ce0113656d2805.jpeg\u0027)\u0022\u003E\u003C\/div\u003E\n            \u003Cdiv class=\u0022post-cover-alt\u0022 style=\u0022background-image: url(\u0027https:\/\/sobusygirls.fr\/media\/cache\/w330\/uploads\/post\/square\/22182243bbeaace6de164b5902ce0113656d2805.jpeg\u0027)\u0022\u003E\u003C\/div\u003E\n                \u003Cdiv class=\u0022post-bottom\u0022\u003E\n            \u003Cspan class=\u0022post-category\u0022\u003EActus\u003C\/span\u003E\n            \u003Cspan class=\u0022post-title\u0022\u003ESoleil, chaleur puis des orages\u0026nbsp;: ce basculement m\u00e9t\u00e9o qui surprend ce dimanche dans le su...\u003C\/span\u003E\n            \u003Cspan class=\u0022post-author\u0022\u003ELaura\u003C\/span\u003E\n            \u003Cspan class=\u0022post-date\u0022\u003E25 avr. 2026\u003C\/span\u003E\n        \u003C\/div\u003E\n    \u003C\/a\u003E\n\u003C\/div\u003E\n            \u003Cdiv class=\u0022post-list-item post-list-item-small col col-4\u0022\u003E\n    \u003Ca href=\u0022\/2026\/04\/25\/prince-harry-deplacement-surprise-kiev-reactions\/\u0022\u003E\n                    \u003Cdiv class=\u0022post-cover\u0022 style=\u0022background-image:url(\u0027https:\/\/sobusygirls.fr\/media\/cache\/w190\/uploads\/post\/large\/83dd6ac07d337a0cce82b505f9776ee1a455dc69.jpeg\u0027)\u0022\u003E\u003C\/div\u003E\n            \u003Cdiv class=\u0022post-cover-alt\u0022 style=\u0022background-image: url(\u0027https:\/\/sobusygirls.fr\/media\/cache\/w330\/uploads\/post\/square\/83dd6ac07d337a0cce82b505f9776ee1a455dc69.jpeg\u0027)\u0022\u003E\u003C\/div\u003E\n                \u003Cdiv class=\u0022post-bottom\u0022\u003E\n            \u003Cspan class=\u0022post-category\u0022\u003EActus\u003C\/span\u003E\n            \u003Cspan class=\u0022post-title\u0022\u003EMeghan Markle ramen\u00e9e dans l\u2019histoire\u0026nbsp;: pourquoi Donald Trump a choisi de viser le couple...\u003C\/span\u003E\n            \u003Cspan class=\u0022post-author\u0022\u003ELaura\u003C\/span\u003E\n            \u003Cspan class=\u0022post-date\u0022\u003E25 avr. 2026\u003C\/span\u003E\n        \u003C\/div\u003E\n    \u003C\/a\u003E\n\u003C\/div\u003E\n            \u003Cdiv class=\u0022post-list-item post-list-item-small col col-4\u0022\u003E\n    \u003Ca href=\u0022\/2026\/03\/09\/benedetta-virginie-efira-salaire-film\/\u0022\u003E\n                    \u003Cdiv class=\u0022post-cover\u0022 style=\u0022background-image:url(\u0027https:\/\/sobusygirls.fr\/media\/cache\/w190\/uploads\/post\/large\/9689f45c0aa98b4cf30db12a1739bd5ad64ea779.jpeg\u0027)\u0022\u003E\u003C\/div\u003E\n            \u003Cdiv class=\u0022post-cover-alt\u0022 style=\u0022background-image: url(\u0027https:\/\/sobusygirls.fr\/media\/cache\/w330\/uploads\/post\/square\/9689f45c0aa98b4cf30db12a1739bd5ad64ea779.jpeg\u0027)\u0022\u003E\u003C\/div\u003E\n                \u003Cdiv class=\u0022post-bottom\u0022\u003E\n            \u003Cspan class=\u0022post-category\u0022\u003EActus\u003C\/span\u003E\n            \u003Cspan class=\u0022post-title\u0022\u003EVirginie Efira dans Benedetta\u0026nbsp;: pourquoi ce film \u00e0 30 millions d\u2019euros ne lui a finalement...\u003C\/span\u003E\n            \u003Cspan class=\u0022post-author\u0022\u003ELaura\u003C\/span\u003E\n            \u003Cspan class=\u0022post-date\u0022\u003E25 avr. 2026\u003C\/span\u003E\n        \u003C\/div\u003E\n    \u003C\/a\u003E\n\u003C\/div\u003E\n            \u003Cdiv class=\u0022post-list-item post-list-item-small col col-4\u0022\u003E\n    \u003Ca href=\u0022\/2026\/04\/25\/ils-nont-pas-du-tout-le-meme-quotidien-ce-que-revelent-vraiment-les-fortunes-des-ministres\/\u0022\u003E\n                    \u003Cdiv class=\u0022post-cover\u0022 style=\u0022background-image:url(\u0027https:\/\/sobusygirls.fr\/media\/cache\/w190\/uploads\/post\/large\/bfae1910959a87f4c06268641d63d116b6151347.jpeg\u0027)\u0022\u003E\u003C\/div\u003E\n            \u003Cdiv class=\u0022post-cover-alt\u0022 style=\u0022background-image: url(\u0027https:\/\/sobusygirls.fr\/media\/cache\/w330\/uploads\/post\/square\/bfae1910959a87f4c06268641d63d116b6151347.jpeg\u0027)\u0022\u003E\u003C\/div\u003E\n                \u003Cdiv class=\u0022post-bottom\u0022\u003E\n            \u003Cspan class=\u0022post-category\u0022\u003EActus\u003C\/span\u003E\n            \u003Cspan class=\u0022post-title\u0022\u003E\u201cIls n\u2019ont pas du tout le m\u00eame quotidien\u201d\u0026nbsp;: ce que r\u00e9v\u00e8lent vraiment les fortunes des mini...\u003C\/span\u003E\n            \u003Cspan class=\u0022post-author\u0022\u003ELaura\u003C\/span\u003E\n            \u003Cspan class=\u0022post-date\u0022\u003E25 avr. 2026\u003C\/span\u003E\n        \u003C\/div\u003E\n    \u003C\/a\u003E\n\u003C\/div\u003E\n            \u003Cdiv class=\u0022post-list-item post-list-item-small col col-4\u0022\u003E\n    \u003Ca href=\u0022\/2026\/02\/13\/elle-est-terrifiee-cette-peur-qui-hanterait-meghan-markle\/\u0022\u003E\n                    \u003Cdiv class=\u0022post-cover\u0022 style=\u0022background-image:url(\u0027https:\/\/sobusygirls.fr\/media\/cache\/w190\/uploads\/post\/large\/60a76f5d3f50473f05f2425f0a01a9b40b8b4463.jpeg\u0027)\u0022\u003E\u003C\/div\u003E\n            \u003Cdiv class=\u0022post-cover-alt\u0022 style=\u0022background-image: url(\u0027https:\/\/sobusygirls.fr\/media\/cache\/w330\/uploads\/post\/square\/60a76f5d3f50473f05f2425f0a01a9b40b8b4463.jpeg\u0027)\u0022\u003E\u003C\/div\u003E\n                \u003Cdiv class=\u0022post-bottom\u0022\u003E\n            \u003Cspan class=\u0022post-category\u0022\u003EActus\u003C\/span\u003E\n            \u003Cspan class=\u0022post-title\u0022\u003E\u201cElle est terrifi\u00e9e\u201d\u0026nbsp;: cette peur qui hanterait Meghan Markle\u003C\/span\u003E\n            \u003Cspan class=\u0022post-author\u0022\u003ELaura\u003C\/span\u003E\n            \u003Cspan class=\u0022post-date\u0022\u003E25 avr. 2026\u003C\/span\u003E\n        \u003C\/div\u003E\n    \u003C\/a\u003E\n\u003C\/div\u003E\n            \u003Cdiv class=\u0022post-list-item post-list-item-small col col-4\u0022\u003E\n    \u003Ca href=\u0022\/2026\/03\/26\/il-a-ete-lache-par-macron-il-la-tres-mal-vecu-ce-que-revele-vraiment-le-revirement-de-macron-envers-jack-lang\/\u0022\u003E\n                    \u003Cdiv class=\u0022post-cover\u0022 style=\u0022background-image:url(\u0027https:\/\/sobusygirls.fr\/media\/cache\/w190\/uploads\/post\/large\/9eedb0b2c943d41cff91802caeef2d641d353d0f.jpeg\u0027)\u0022\u003E\u003C\/div\u003E\n            \u003Cdiv class=\u0022post-cover-alt\u0022 style=\u0022background-image: url(\u0027https:\/\/sobusygirls.fr\/media\/cache\/w330\/uploads\/post\/square\/9eedb0b2c943d41cff91802caeef2d641d353d0f.jpeg\u0027)\u0022\u003E\u003C\/div\u003E\n                \u003Cdiv class=\u0022post-bottom\u0022\u003E\n            \u003Cspan class=\u0022post-category\u0022\u003EActus\u003C\/span\u003E\n            \u003Cspan class=\u0022post-title\u0022\u003E\u00ab Il a \u00e9t\u00e9 l\u00e2ch\u00e9 par Macron, il l\u0027a tr\u00e8s mal v\u00e9cu \u00bb\u0026nbsp;: ce que r\u00e9v\u00e8le vraiment le revirement...\u003C\/span\u003E\n            \u003Cspan class=\u0022post-author\u0022\u003ELaura\u003C\/span\u003E\n            \u003Cspan class=\u0022post-date\u0022\u003E25 avr. 2026\u003C\/span\u003E\n        \u003C\/div\u003E\n    \u003C\/a\u003E\n\u003C\/div\u003E\n            \u003Cdiv class=\u0022post-list-item post-list-item-small col col-4\u0022\u003E\n    \u003Ca href=\u0022\/2026\/04\/03\/ils-mont-dit-que-cetait-excellent-pourquoi-francois-hollande-a-du-passer-tout-un-diner-officiel-sans-rien-manger\/\u0022\u003E\n                    \u003Cdiv class=\u0022post-cover\u0022 style=\u0022background-image:url(\u0027https:\/\/sobusygirls.fr\/media\/cache\/w190\/uploads\/post\/large\/e8431be381a1d12ff9879fe30034db0b95d76941.jpeg\u0027)\u0022\u003E\u003C\/div\u003E\n            \u003Cdiv class=\u0022post-cover-alt\u0022 style=\u0022background-image: url(\u0027https:\/\/sobusygirls.fr\/media\/cache\/w330\/uploads\/post\/square\/e8431be381a1d12ff9879fe30034db0b95d76941.jpeg\u0027)\u0022\u003E\u003C\/div\u003E\n                \u003Cdiv class=\u0022post-bottom\u0022\u003E\n            \u003Cspan class=\u0022post-category\u0022\u003EActus\u003C\/span\u003E\n            \u003Cspan class=\u0022post-title\u0022\u003E\u00ab Ils m\u2019ont dit que c\u2019\u00e9tait excellent \u00bb\u0026nbsp;: pourquoi Fran\u00e7ois Hollande a d\u00fb passer tout un d...\u003C\/span\u003E\n            \u003Cspan class=\u0022post-author\u0022\u003ELaura\u003C\/span\u003E\n            \u003Cspan class=\u0022post-date\u0022\u003E25 avr. 2026\u003C\/span\u003E\n        \u003C\/div\u003E\n    \u003C\/a\u003E\n\u003C\/div\u003E\n            \u003Cdiv class=\u0022post-list-item post-list-item-small col col-4\u0022\u003E\n    \u003Ca href=\u0022\/2026\/04\/25\/rien-na-ete-laisse-au-hasard-ce-qui-se-joue-vraiment-derriere-le-retour-de-celine-dion\/\u0022\u003E\n                    \u003Cdiv class=\u0022post-cover\u0022 style=\u0022background-image:url(\u0027https:\/\/sobusygirls.fr\/media\/cache\/w190\/uploads\/post\/large\/6fde9e1aa50a6fabeab48491e31d4a263a4a6f29.jpeg\u0027)\u0022\u003E\u003C\/div\u003E\n            \u003Cdiv class=\u0022post-cover-alt\u0022 style=\u0022background-image: url(\u0027https:\/\/sobusygirls.fr\/media\/cache\/w330\/uploads\/post\/square\/6fde9e1aa50a6fabeab48491e31d4a263a4a6f29.jpeg\u0027)\u0022\u003E\u003C\/div\u003E\n                \u003Cdiv class=\u0022post-bottom\u0022\u003E\n            \u003Cspan class=\u0022post-category\u0022\u003EActus\u003C\/span\u003E\n            \u003Cspan class=\u0022post-title\u0022\u003ERien n\u2019a \u00e9t\u00e9 laiss\u00e9 au hasard\u0026nbsp;: ce qui se joue vraiment derri\u00e8re le retour de C\u00e9line Dion\u003C\/span\u003E\n            \u003Cspan class=\u0022post-author\u0022\u003ELaura\u003C\/span\u003E\n            \u003Cspan class=\u0022post-date\u0022\u003E25 avr. 2026\u003C\/span\u003E\n        \u003C\/div\u003E\n    \u003C\/a\u003E\n\u003C\/div\u003E\n            \u003Cdiv class=\u0022post-list-item post-list-item-small col col-4\u0022\u003E\n    \u003Ca href=\u0022\/2026\/03\/13\/charlotte-dornellas-roselyne-bachelot-jean-luc-melenchon-polemique\/\u0022\u003E\n                    \u003Cdiv class=\u0022post-cover\u0022 style=\u0022background-image:url(\u0027https:\/\/sobusygirls.fr\/media\/cache\/w190\/uploads\/post\/large\/7da69d3b0ed84ca55c9bf82e4e00628bda459b58.jpeg\u0027)\u0022\u003E\u003C\/div\u003E\n            \u003Cdiv class=\u0022post-cover-alt\u0022 style=\u0022background-image: url(\u0027https:\/\/sobusygirls.fr\/media\/cache\/w330\/uploads\/post\/square\/7da69d3b0ed84ca55c9bf82e4e00628bda459b58.jpeg\u0027)\u0022\u003E\u003C\/div\u003E\n                \u003Cdiv class=\u0022post-bottom\u0022\u003E\n            \u003Cspan class=\u0022post-category\u0022\u003EActus\u003C\/span\u003E\n            \u003Cspan class=\u0022post-title\u0022\u003E\u201cD\u00e9testable\u201d\u0026nbsp;: Charlotte d\u2019Ornellas choque le plateau en r\u00e9agissant aux propos de Roselyne...\u003C\/span\u003E\n            \u003Cspan class=\u0022post-author\u0022\u003ELaura\u003C\/span\u003E\n            \u003Cspan class=\u0022post-date\u0022\u003E25 avr. 2026\u003C\/span\u003E\n        \u003C\/div\u003E\n    \u003C\/a\u003E\n\u003C\/div\u003E\n            \u003Cdiv class=\u0022post-list-item post-list-item-small col col-4\u0022\u003E\n    \u003Ca href=\u0022\/2026\/04\/03\/5-8-millions-de-telespectateurs-lea-salame-a-t-elle-reussi-la-ou-on-ne-lattendait-pas\/\u0022\u003E\n                    \u003Cdiv class=\u0022post-cover\u0022 style=\u0022background-image:url(\u0027https:\/\/sobusygirls.fr\/media\/cache\/w190\/uploads\/post\/large\/c079ba8c14e00b8f27a5d1e2789ed9442a0356c3.jpeg\u0027)\u0022\u003E\u003C\/div\u003E\n            \u003Cdiv class=\u0022post-cover-alt\u0022 style=\u0022background-image: url(\u0027https:\/\/sobusygirls.fr\/media\/cache\/w330\/uploads\/post\/square\/c079ba8c14e00b8f27a5d1e2789ed9442a0356c3.jpeg\u0027)\u0022\u003E\u003C\/div\u003E\n                \u003Cdiv class=\u0022post-bottom\u0022\u003E\n            \u003Cspan class=\u0022post-category\u0022\u003EActus\u003C\/span\u003E\n            \u003Cspan class=\u0022post-title\u0022\u003E5,8 millions de t\u00e9l\u00e9spectateurs\u0026nbsp;: L\u00e9a Salam\u00e9 a-t-elle r\u00e9ussi l\u00e0 o\u00f9 on ne l\u2019attendait pas\u0026nbsp;?\u003C\/span\u003E\n            \u003Cspan class=\u0022post-author\u0022\u003ELaura\u003C\/span\u003E\n            \u003Cspan class=\u0022post-date\u0022\u003E25 avr. 2026\u003C\/span\u003E\n        \u003C\/div\u003E\n    \u003C\/a\u003E\n\u003C\/div\u003E\n            \u003Cdiv class=\u0022post-list-item post-list-item-small col col-4\u0022\u003E\n    \u003Ca href=\u0022\/2026\/04\/03\/soyons-serieux-cette-phrase-de-louis-sarkozy-avant-lelection-refait-surface-apres-sa-defaite\/\u0022\u003E\n                    \u003Cdiv class=\u0022post-cover\u0022 style=\u0022background-image:url(\u0027https:\/\/sobusygirls.fr\/media\/cache\/w190\/uploads\/post\/large\/4e416ca0c2bd46561bddb4311f4931f13bf8a1cb.jpeg\u0027)\u0022\u003E\u003C\/div\u003E\n            \u003Cdiv class=\u0022post-cover-alt\u0022 style=\u0022background-image: url(\u0027https:\/\/sobusygirls.fr\/media\/cache\/w330\/uploads\/post\/square\/4e416ca0c2bd46561bddb4311f4931f13bf8a1cb.jpeg\u0027)\u0022\u003E\u003C\/div\u003E\n                \u003Cdiv class=\u0022post-bottom\u0022\u003E\n            \u003Cspan class=\u0022post-category\u0022\u003EActus\u003C\/span\u003E\n            \u003Cspan class=\u0022post-title\u0022\u003E\u00ab Soyons s\u00e9rieux \u00bb\u0026nbsp;: cette phrase de Louis Sarkozy avant l\u2019\u00e9lection refait surface apr\u00e8s s...\u003C\/span\u003E\n            \u003Cspan class=\u0022post-author\u0022\u003ELaura\u003C\/span\u003E\n            \u003Cspan class=\u0022post-date\u0022\u003E25 avr. 2026\u003C\/span\u003E\n        \u003C\/div\u003E\n    \u003C\/a\u003E\n\u003C\/div\u003E\n            \u003Cdiv class=\u0022post-list-item post-list-item-small col col-4\u0022\u003E\n    \u003Ca href=\u0022\/2026\/04\/03\/elles-se-jettent-sur-les-hommes-ce-renversement-du-discours-danny-duperey-qui-prend-la-defense-de-patrick-bruel-declenche-une-vive-polemique\/\u0022\u003E\n                    \u003Cdiv class=\u0022post-cover\u0022 style=\u0022background-image:url(\u0027https:\/\/sobusygirls.fr\/media\/cache\/w190\/uploads\/post\/large\/58ae0209cd14769f852da9db255640acd495d614.jpeg\u0027)\u0022\u003E\u003C\/div\u003E\n            \u003Cdiv class=\u0022post-cover-alt\u0022 style=\u0022background-image: url(\u0027https:\/\/sobusygirls.fr\/media\/cache\/w330\/uploads\/post\/square\/58ae0209cd14769f852da9db255640acd495d614.jpeg\u0027)\u0022\u003E\u003C\/div\u003E\n                \u003Cdiv class=\u0022post-bottom\u0022\u003E\n            \u003Cspan class=\u0022post-category\u0022\u003EActus\u003C\/span\u003E\n            \u003Cspan class=\u0022post-title\u0022\u003E\u00ab Elles se jettent sur les hommes \u00bb\u0026nbsp;: ce renversement du discours d\u0027Anny Duperey qui prend...\u003C\/span\u003E\n            \u003Cspan class=\u0022post-author\u0022\u003ELaura\u003C\/span\u003E\n            \u003Cspan class=\u0022post-date\u0022\u003E25 avr. 2026\u003C\/span\u003E\n        \u003C\/div\u003E\n    \u003C\/a\u003E\n\u003C\/div\u003E\n            \u003Cdiv class=\u0022post-list-item post-list-item-small col col-4\u0022\u003E\n    \u003Ca href=\u0022\/2026\/04\/25\/vigilance-jaune-orages-ces-reflexes-simples-qui-peuvent-eviter-des-situations-dangereuses\/\u0022\u003E\n                    \u003Cdiv class=\u0022post-cover\u0022 style=\u0022background-image:url(\u0027https:\/\/sobusygirls.fr\/media\/cache\/w190\/uploads\/post\/large\/fab551bee75f5c40fb0aaf823cf5576b481555a9.jpeg\u0027)\u0022\u003E\u003C\/div\u003E\n            \u003Cdiv class=\u0022post-cover-alt\u0022 style=\u0022background-image: url(\u0027https:\/\/sobusygirls.fr\/media\/cache\/w330\/uploads\/post\/square\/fab551bee75f5c40fb0aaf823cf5576b481555a9.jpeg\u0027)\u0022\u003E\u003C\/div\u003E\n                \u003Cdiv class=\u0022post-bottom\u0022\u003E\n            \u003Cspan class=\u0022post-category\u0022\u003EActus\u003C\/span\u003E\n            \u003Cspan class=\u0022post-title\u0022\u003EVigilance jaune orages\u0026nbsp;: ces r\u00e9flexes simples qui peuvent \u00e9viter des situations dangereuse...\u003C\/span\u003E\n            \u003Cspan class=\u0022post-author\u0022\u003ELaura\u003C\/span\u003E\n            \u003Cspan class=\u0022post-date\u0022\u003E25 avr. 2026\u003C\/span\u003E\n        \u003C\/div\u003E\n    \u003C\/a\u003E\n\u003C\/div\u003E\n            \u003Cdiv class=\u0022post-list-item post-list-item-small col col-4\u0022\u003E\n    \u003Ca href=\u0022\/2026\/04\/03\/louis-sarkozy-menton-vie-personnelle-natali-husic-retour\/\u0022\u003E\n                    \u003Cdiv class=\u0022post-cover\u0022 style=\u0022background-image:url(\u0027https:\/\/sobusygirls.fr\/media\/cache\/w190\/uploads\/post\/large\/efd7dcc3f2815b2c52e862fdca08c231d898890e.jpeg\u0027)\u0022\u003E\u003C\/div\u003E\n            \u003Cdiv class=\u0022post-cover-alt\u0022 style=\u0022background-image: url(\u0027https:\/\/sobusygirls.fr\/media\/cache\/w330\/uploads\/post\/square\/efd7dcc3f2815b2c52e862fdca08c231d898890e.jpeg\u0027)\u0022\u003E\u003C\/div\u003E\n                \u003Cdiv class=\u0022post-bottom\u0022\u003E\n            \u003Cspan class=\u0022post-category\u0022\u003EActus\u003C\/span\u003E\n            \u003Cspan class=\u0022post-title\u0022\u003EApr\u00e8s Menton, Louis Sarkozy change de rythme\u0026nbsp;: sa nouvelle vie entre Paris et la C\u00f4te d\u2019Az...\u003C\/span\u003E\n            \u003Cspan class=\u0022post-author\u0022\u003ELaura\u003C\/span\u003E\n            \u003Cspan class=\u0022post-date\u0022\u003E25 avr. 2026\u003C\/span\u003E\n        \u003C\/div\u003E\n    \u003C\/a\u003E\n\u003C\/div\u003E\n            \u003Cdiv class=\u0022post-list-item post-list-item-small col col-4\u0022\u003E\n    \u003Ca href=\u0022\/2026\/01\/15\/kate-trace-une-ligne-rouge-invisible-face-au-retour-de-harry-et-protege-ses-enfants-coute-que-coute\/\u0022\u003E\n                    \u003Cdiv class=\u0022post-cover\u0022 style=\u0022background-image:url(\u0027https:\/\/sobusygirls.fr\/media\/cache\/w190\/uploads\/post\/large\/d243b888f600d82613be8d38f342bd16263aef54.jpeg\u0027)\u0022\u003E\u003C\/div\u003E\n            \u003Cdiv class=\u0022post-cover-alt\u0022 style=\u0022background-image: url(\u0027https:\/\/sobusygirls.fr\/media\/cache\/w330\/uploads\/post\/square\/d243b888f600d82613be8d38f342bd16263aef54.jpeg\u0027)\u0022\u003E\u003C\/div\u003E\n                \u003Cdiv class=\u0022post-bottom\u0022\u003E\n            \u003Cspan class=\u0022post-category\u0022\u003EActus\u003C\/span\u003E\n            \u003Cspan class=\u0022post-title\u0022\u003EKate trace une ligne rouge invisible face au retour de Harry et prot\u00e8ge ses enfants co\u00fbte...\u003C\/span\u003E\n            \u003Cspan class=\u0022post-author\u0022\u003ELaura\u003C\/span\u003E\n            \u003Cspan class=\u0022post-date\u0022\u003E25 avr. 2026\u003C\/span\u003E\n        \u003C\/div\u003E\n    \u003C\/a\u003E\n\u003C\/div\u003E\n            \u003Cdiv class=\u0022post-list-item post-list-item-small col col-4\u0022\u003E\n    \u003Ca href=\u0022\/2026\/03\/31\/une-urgence-familiale-labsence-de-rachida-dati-au-moment-cle-qui-a-surpris-tout-paris\/\u0022\u003E\n                    \u003Cdiv class=\u0022post-cover\u0022 style=\u0022background-image:url(\u0027https:\/\/sobusygirls.fr\/media\/cache\/w190\/uploads\/post\/large\/4032983dea3899533fbbe82c8b48a0c49a19b72b.jpeg\u0027)\u0022\u003E\u003C\/div\u003E\n            \u003Cdiv class=\u0022post-cover-alt\u0022 style=\u0022background-image: url(\u0027https:\/\/sobusygirls.fr\/media\/cache\/w330\/uploads\/post\/square\/4032983dea3899533fbbe82c8b48a0c49a19b72b.jpeg\u0027)\u0022\u003E\u003C\/div\u003E\n                \u003Cdiv class=\u0022post-bottom\u0022\u003E\n            \u003Cspan class=\u0022post-category\u0022\u003EActus\u003C\/span\u003E\n            \u003Cspan class=\u0022post-title\u0022\u003E\u00ab Une urgence familiale \u00bb\u0026nbsp;: l\u2019absence de Rachida Dati au moment cl\u00e9 qui a surpris tout Par...\u003C\/span\u003E\n            \u003Cspan class=\u0022post-author\u0022\u003ELaura\u003C\/span\u003E\n            \u003Cspan class=\u0022post-date\u0022\u003E25 avr. 2026\u003C\/span\u003E\n        \u003C\/div\u003E\n    \u003C\/a\u003E\n\u003C\/div\u003E\n            \u003Cdiv class=\u0022post-list-item post-list-item-small col col-4\u0022\u003E\n    \u003Ca href=\u0022\/2026\/04\/03\/une-video-trois-versions-une-polemique-comment-laffaire-macron-a-ete-amplifiee\/\u0022\u003E\n                    \u003Cdiv class=\u0022post-cover\u0022 style=\u0022background-image:url(\u0027https:\/\/sobusygirls.fr\/media\/cache\/w190\/uploads\/post\/large\/f9261e51e02d2fd87a2bf4f5fb2e5961f3896574.jpeg\u0027)\u0022\u003E\u003C\/div\u003E\n            \u003Cdiv class=\u0022post-cover-alt\u0022 style=\u0022background-image: url(\u0027https:\/\/sobusygirls.fr\/media\/cache\/w330\/uploads\/post\/square\/f9261e51e02d2fd87a2bf4f5fb2e5961f3896574.jpeg\u0027)\u0022\u003E\u003C\/div\u003E\n                \u003Cdiv class=\u0022post-bottom\u0022\u003E\n            \u003Cspan class=\u0022post-category\u0022\u003EActus\u003C\/span\u003E\n            \u003Cspan class=\u0022post-title\u0022\u003E\u00ab Une vid\u00e9o, trois versions, une pol\u00e9mique \u00bb\u0026nbsp;: comment l\u2019affaire Macron a \u00e9t\u00e9 amplifi\u00e9e\u003C\/span\u003E\n            \u003Cspan class=\u0022post-author\u0022\u003ELaura\u003C\/span\u003E\n            \u003Cspan class=\u0022post-date\u0022\u003E25 avr. 2026\u003C\/span\u003E\n        \u003C\/div\u003E\n    \u003C\/a\u003E\n\u003C\/div\u003E\n            \u003Cdiv class=\u0022post-list-item post-list-item-small col col-4\u0022\u003E\n    \u003Ca href=\u0022\/2026\/03\/26\/patrick-bruel-accuse-acapulco-us-open-dinard-ces-lieux-au-coeur-des-accusations\/\u0022\u003E\n                    \u003Cdiv class=\u0022post-cover\u0022 style=\u0022background-image:url(\u0027https:\/\/sobusygirls.fr\/media\/cache\/w190\/uploads\/post\/large\/0ddee93f041a0b25e045f10cb0600f8e50a5b616.jpeg\u0027)\u0022\u003E\u003C\/div\u003E\n            \u003Cdiv class=\u0022post-cover-alt\u0022 style=\u0022background-image: url(\u0027https:\/\/sobusygirls.fr\/media\/cache\/w330\/uploads\/post\/square\/0ddee93f041a0b25e045f10cb0600f8e50a5b616.jpeg\u0027)\u0022\u003E\u003C\/div\u003E\n                \u003Cdiv class=\u0022post-bottom\u0022\u003E\n            \u003Cspan class=\u0022post-category\u0022\u003EActus\u003C\/span\u003E\n            \u003Cspan class=\u0022post-title\u0022\u003EPatrick Bruel accus\u00e9\u0026nbsp;: Acapulco, US Open, Dinard\u0026nbsp;: ces lieux au c\u0153ur des accusations\u003C\/span\u003E\n            \u003Cspan class=\u0022post-author\u0022\u003ELaura\u003C\/span\u003E\n            \u003Cspan class=\u0022post-date\u0022\u003E25 avr. 2026\u003C\/span\u003E\n        \u003C\/div\u003E\n    \u003C\/a\u003E\n\u003C\/div\u003E\n    \u003C\/div\u003E\n    \u003Cdiv class=\u0022posts-load-more-container\u0022\u003E\n        \u003Ca href=\u0022\/ajax\/author\/posts?author=laura\u0026amp;pp=1777146660\u0026amp;pc=1774535850\u0022 id=\u0022posts-load-more\u0022 class=\u0022posts-load-more\u0022\u003ECharger plus d\u0026#039;articles\u003C\/a\u003E\n    \u003C\/div\u003E\n"}