{"content":"\n\u003Cdiv class=\u0022posts row\u0022\u003E\n            \u003Cdiv class=\u0022post-list-item post-list-item-small col col-4\u0022\u003E\n    \u003Ca href=\u0022\/2026\/04\/24\/obseques-de-nathalie-baye-ce-souvenir-tres-intime-partage-par-laura-smet-bouleverse-les-invites\/\u0022\u003E\n                    \u003Cdiv class=\u0022post-cover\u0022 style=\u0022background-image:url(\u0027https:\/\/sobusygirls.fr\/media\/cache\/w190\/uploads\/post\/large\/a61a2656130bb903043ca91f3ac1f036e744534c.jpeg\u0027)\u0022\u003E\u003C\/div\u003E\n            \u003Cdiv class=\u0022post-cover-alt\u0022 style=\u0022background-image: url(\u0027https:\/\/sobusygirls.fr\/media\/cache\/w330\/uploads\/post\/square\/a61a2656130bb903043ca91f3ac1f036e744534c.jpeg\u0027)\u0022\u003E\u003C\/div\u003E\n                \u003Cdiv class=\u0022post-bottom\u0022\u003E\n            \u003Cspan class=\u0022post-category\u0022\u003EActus\u003C\/span\u003E\n            \u003Cspan class=\u0022post-title\u0022\u003EObs\u00e8ques de Nathalie Baye\u0026nbsp;: ce souvenir tr\u00e8s intime partag\u00e9 par Laura Smet a totalement bo...\u003C\/span\u003E\n            \u003Cspan class=\u0022post-author\u0022\u003ECl\u00e9mence\u003C\/span\u003E\n            \u003Cspan class=\u0022post-date\u0022\u003E14 : 51\u003C\/span\u003E\n        \u003C\/div\u003E\n    \u003C\/a\u003E\n\u003C\/div\u003E\n            \u003Cdiv class=\u0022post-list-item post-list-item-small col col-4\u0022\u003E\n    \u003Ca href=\u0022\/2026\/04\/24\/obseques-de-nathalie-baye-cette-confidence-de-laura-smet-sur-la-solitude-de-sa-mere-marque-la-ceremonie\/\u0022\u003E\n                    \u003Cdiv class=\u0022post-cover\u0022 style=\u0022background-image:url(\u0027https:\/\/sobusygirls.fr\/media\/cache\/w190\/uploads\/post\/large\/5887e7452688aeb66280142d86355b7eb853f207.jpeg\u0027)\u0022\u003E\u003C\/div\u003E\n            \u003Cdiv class=\u0022post-cover-alt\u0022 style=\u0022background-image: url(\u0027https:\/\/sobusygirls.fr\/media\/cache\/w330\/uploads\/post\/square\/5887e7452688aeb66280142d86355b7eb853f207.jpeg\u0027)\u0022\u003E\u003C\/div\u003E\n                \u003Cdiv class=\u0022post-bottom\u0022\u003E\n            \u003Cspan class=\u0022post-category\u0022\u003EActus\u003C\/span\u003E\n            \u003Cspan class=\u0022post-title\u0022\u003EObs\u00e8ques de Nathalie Baye\u0026nbsp;: cette confidence de Laura Smet sur la solitude de sa m\u00e8re marq...\u003C\/span\u003E\n            \u003Cspan class=\u0022post-author\u0022\u003ECl\u00e9mence\u003C\/span\u003E\n            \u003Cspan class=\u0022post-date\u0022\u003E14 : 48\u003C\/span\u003E\n        \u003C\/div\u003E\n    \u003C\/a\u003E\n\u003C\/div\u003E\n            \u003Cdiv class=\u0022post-list-item post-list-item-small col col-4\u0022\u003E\n    \u003Ca href=\u0022\/2026\/04\/27\/il-na-pas-besoin-de-violer-les-mots-dune-journaliste-sur-patrick-bruel-provoquent-un-choc-immediat\/\u0022\u003E\n                    \u003Cdiv class=\u0022post-cover\u0022 style=\u0022background-image:url(\u0027https:\/\/sobusygirls.fr\/media\/cache\/w190\/uploads\/post\/large\/d90df118d3a24f705847bd87c9fd10c196a94303.jpeg\u0027)\u0022\u003E\u003C\/div\u003E\n            \u003Cdiv class=\u0022post-cover-alt\u0022 style=\u0022background-image: url(\u0027https:\/\/sobusygirls.fr\/media\/cache\/w330\/uploads\/post\/square\/d90df118d3a24f705847bd87c9fd10c196a94303.jpeg\u0027)\u0022\u003E\u003C\/div\u003E\n                \u003Cdiv class=\u0022post-bottom\u0022\u003E\n            \u003Cspan class=\u0022post-category\u0022\u003EActus\u003C\/span\u003E\n            \u003Cspan class=\u0022post-title\u0022\u003E\u0022Il n\u2019a pas besoin de violer\u0022\u0026nbsp;: les mots d\u2019une journaliste sur Patrick Bruel provoquent un...\u003C\/span\u003E\n            \u003Cspan class=\u0022post-author\u0022\u003ECl\u00e9mence\u003C\/span\u003E\n            \u003Cspan class=\u0022post-date\u0022\u003E14 : 42\u003C\/span\u003E\n        \u003C\/div\u003E\n    \u003C\/a\u003E\n\u003C\/div\u003E\n            \u003Cdiv class=\u0022post-list-item post-list-item-small col col-4\u0022\u003E\n    \u003Ca href=\u0022\/2026\/04\/28\/brigitte-macron-retour-maroc-fille-tiphaine-confidences\/\u0022\u003E\n                    \u003Cdiv class=\u0022post-cover\u0022 style=\u0022background-image:url(\u0027https:\/\/sobusygirls.fr\/media\/cache\/w190\/uploads\/post\/large\/17bec6de2c3f93c71d95fdf848de53fb9c26a9fb.jpeg\u0027)\u0022\u003E\u003C\/div\u003E\n            \u003Cdiv class=\u0022post-cover-alt\u0022 style=\u0022background-image: url(\u0027https:\/\/sobusygirls.fr\/media\/cache\/w330\/uploads\/post\/square\/17bec6de2c3f93c71d95fdf848de53fb9c26a9fb.jpeg\u0027)\u0022\u003E\u003C\/div\u003E\n                \u003Cdiv class=\u0022post-bottom\u0022\u003E\n            \u003Cspan class=\u0022post-category\u0022\u003EActus\u003C\/span\u003E\n            \u003Cspan class=\u0022post-title\u0022\u003EDe retour du Maroc avec sa fille Tiphaine, Brigitte Macron l\u00e2che des confidences inattendu...\u003C\/span\u003E\n            \u003Cspan class=\u0022post-author\u0022\u003ECl\u00e9mence\u003C\/span\u003E\n            \u003Cspan class=\u0022post-date\u0022\u003E14 : 24\u003C\/span\u003E\n        \u003C\/div\u003E\n    \u003C\/a\u003E\n\u003C\/div\u003E\n            \u003Cdiv class=\u0022post-list-item post-list-item-small col col-4\u0022\u003E\n    \u003Ca href=\u0022\/2026\/03\/26\/patrick-bruel-accuse-un-cote-dr-jekyll-et-mr-hyde-ce-que-racontent-plusieurs-temoignages\/\u0022\u003E\n                    \u003Cdiv class=\u0022post-cover\u0022 style=\u0022background-image:url(\u0027https:\/\/sobusygirls.fr\/media\/cache\/w190\/uploads\/post\/large\/14c6bc1154ce47e39da8407ca6d3307b676a5c15.jpeg\u0027)\u0022\u003E\u003C\/div\u003E\n            \u003Cdiv class=\u0022post-cover-alt\u0022 style=\u0022background-image: url(\u0027https:\/\/sobusygirls.fr\/media\/cache\/w330\/uploads\/post\/square\/14c6bc1154ce47e39da8407ca6d3307b676a5c15.jpeg\u0027)\u0022\u003E\u003C\/div\u003E\n                \u003Cdiv class=\u0022post-bottom\u0022\u003E\n            \u003Cspan class=\u0022post-category\u0022\u003EActus\u003C\/span\u003E\n            \u003Cspan class=\u0022post-title\u0022\u003EPatrick Bruel accus\u00e9, \u00ab un c\u00f4t\u00e9 Dr Jekyll et Mr Hyde \u00bb\u0026nbsp;: ce que racontent plusieurs t\u00e9moig...\u003C\/span\u003E\n            \u003Cspan class=\u0022post-author\u0022\u003ECl\u00e9mence\u003C\/span\u003E\n            \u003Cspan class=\u0022post-date\u0022\u003E14 : 18\u003C\/span\u003E\n        \u003C\/div\u003E\n    \u003C\/a\u003E\n\u003C\/div\u003E\n            \u003Cdiv class=\u0022post-list-item post-list-item-small col col-4\u0022\u003E\n    \u003Ca href=\u0022\/2026\/02\/20\/dupond-moretti-estrosi-altercation-restaurant-nice\/\u0022\u003E\n                    \u003Cdiv class=\u0022post-cover\u0022 style=\u0022background-image:url(\u0027https:\/\/sobusygirls.fr\/media\/cache\/w190\/uploads\/post\/large\/3a37dc8cec10e9b97ffdd28a9a123d854e3c7d80.jpeg\u0027)\u0022\u003E\u003C\/div\u003E\n            \u003Cdiv class=\u0022post-cover-alt\u0022 style=\u0022background-image: url(\u0027https:\/\/sobusygirls.fr\/media\/cache\/w330\/uploads\/post\/square\/3a37dc8cec10e9b97ffdd28a9a123d854e3c7d80.jpeg\u0027)\u0022\u003E\u003C\/div\u003E\n                \u003Cdiv class=\u0022post-bottom\u0022\u003E\n            \u003Cspan class=\u0022post-category\u0022\u003EActus\u003C\/span\u003E\n            \u003Cspan class=\u0022post-title\u0022\u003E\u201cToi t\u2019es un intermittent de la connerie\u201d\u0026nbsp;: le clash explosif entre Dupond-Moretti et Estr...\u003C\/span\u003E\n            \u003Cspan class=\u0022post-author\u0022\u003ECl\u00e9mence\u003C\/span\u003E\n            \u003Cspan class=\u0022post-date\u0022\u003E14 : 09\u003C\/span\u003E\n        \u003C\/div\u003E\n    \u003C\/a\u003E\n\u003C\/div\u003E\n            \u003Cdiv class=\u0022post-list-item post-list-item-small col col-4\u0022\u003E\n    \u003Ca href=\u0022\/2026\/04\/23\/meghan-markle-harry-australie-image-couple-reactions\/\u0022\u003E\n                    \u003Cdiv class=\u0022post-cover\u0022 style=\u0022background-image:url(\u0027https:\/\/sobusygirls.fr\/media\/cache\/w190\/uploads\/post\/large\/17a9c5e447e12b23dfea202822f0e5e864f60b53.jpeg\u0027)\u0022\u003E\u003C\/div\u003E\n            \u003Cdiv class=\u0022post-cover-alt\u0022 style=\u0022background-image: url(\u0027https:\/\/sobusygirls.fr\/media\/cache\/w330\/uploads\/post\/square\/17a9c5e447e12b23dfea202822f0e5e864f60b53.jpeg\u0027)\u0022\u003E\u003C\/div\u003E\n                \u003Cdiv class=\u0022post-bottom\u0022\u003E\n            \u003Cspan class=\u0022post-category\u0022\u003EActus\u003C\/span\u003E\n            \u003Cspan class=\u0022post-title\u0022\u003EApr\u00e8s cette sc\u00e8ne en Australie, l\u2019image de Meghan Markle et Harry fait d\u00e9bat\u003C\/span\u003E\n            \u003Cspan class=\u0022post-author\u0022\u003ECl\u00e9mence\u003C\/span\u003E\n            \u003Cspan class=\u0022post-date\u0022\u003E14 : 00\u003C\/span\u003E\n        \u003C\/div\u003E\n    \u003C\/a\u003E\n\u003C\/div\u003E\n            \u003Cdiv class=\u0022post-list-item post-list-item-small col col-4\u0022\u003E\n    \u003Ca href=\u0022\/2025\/11\/03\/prince-william-veut-destituer-harry-titres-sussex-monarchie-guillaume\/\u0022\u003E\n                    \u003Cdiv class=\u0022post-cover\u0022 style=\u0022background-image:url(\u0027https:\/\/sobusygirls.fr\/media\/cache\/w190\/uploads\/post\/large\/29803719b6a2e35519a4a3801afa8054c50ec2e8.jpeg\u0027)\u0022\u003E\u003C\/div\u003E\n            \u003Cdiv class=\u0022post-cover-alt\u0022 style=\u0022background-image: url(\u0027https:\/\/sobusygirls.fr\/media\/cache\/w330\/uploads\/post\/square\/29803719b6a2e35519a4a3801afa8054c50ec2e8.jpeg\u0027)\u0022\u003E\u003C\/div\u003E\n                \u003Cdiv class=\u0022post-bottom\u0022\u003E\n            \u003Cspan class=\u0022post-category\u0022\u003EActus\u003C\/span\u003E\n            \u003Cspan class=\u0022post-title\u0022\u003E\u201cLes jours d\u2019Harry sont compt\u00e9s\u201d\u0026nbsp;: apr\u00e8s Andrew, le prince William pr\u00eat \u00e0 destituer Harry...\u003C\/span\u003E\n            \u003Cspan class=\u0022post-author\u0022\u003ECl\u00e9mence\u003C\/span\u003E\n            \u003Cspan class=\u0022post-date\u0022\u003E13 : 51\u003C\/span\u003E\n        \u003C\/div\u003E\n    \u003C\/a\u003E\n\u003C\/div\u003E\n            \u003Cdiv class=\u0022post-list-item post-list-item-small col col-4\u0022\u003E\n    \u003Ca href=\u0022\/2026\/02\/18\/meme-pour-un-cafe-cest-toujours-moi-qui-payais-les-proches-de-jack-lang-ecoeures-par-son-attitude-radine-et-mesquine\/\u0022\u003E\n                    \u003Cdiv class=\u0022post-cover\u0022 style=\u0022background-image:url(\u0027https:\/\/sobusygirls.fr\/media\/cache\/w190\/uploads\/post\/large\/09fbe9c7b87d68bf48038158304ffb03e8e11005.jpeg\u0027)\u0022\u003E\u003C\/div\u003E\n            \u003Cdiv class=\u0022post-cover-alt\u0022 style=\u0022background-image: url(\u0027https:\/\/sobusygirls.fr\/media\/cache\/w330\/uploads\/post\/square\/09fbe9c7b87d68bf48038158304ffb03e8e11005.jpeg\u0027)\u0022\u003E\u003C\/div\u003E\n                \u003Cdiv class=\u0022post-bottom\u0022\u003E\n            \u003Cspan class=\u0022post-category\u0022\u003EActus\u003C\/span\u003E\n            \u003Cspan class=\u0022post-title\u0022\u003E\u0022M\u00eame pour un caf\u00e9, c\u2019est toujours moi qui payais\u0022\u0026nbsp;: les proches de Jack Lang \u0022\u00e9c\u0153ur\u00e9s\u0022 pa...\u003C\/span\u003E\n            \u003Cspan class=\u0022post-author\u0022\u003ECl\u00e9mence\u003C\/span\u003E\n            \u003Cspan class=\u0022post-date\u0022\u003E13 : 45\u003C\/span\u003E\n        \u003C\/div\u003E\n    \u003C\/a\u003E\n\u003C\/div\u003E\n            \u003Cdiv class=\u0022post-list-item post-list-item-small col col-4\u0022\u003E\n    \u003Ca href=\u0022\/2026\/03\/17\/marine-tondelier-insultee-bfmtv-agnes-evren-debat-municipales-derapage\/\u0022\u003E\n                    \u003Cdiv class=\u0022post-cover\u0022 style=\u0022background-image:url(\u0027https:\/\/sobusygirls.fr\/media\/cache\/w190\/uploads\/post\/large\/c3060fabb958a4febf94e300460332aac0e6282d.jpeg\u0027)\u0022\u003E\u003C\/div\u003E\n            \u003Cdiv class=\u0022post-cover-alt\u0022 style=\u0022background-image: url(\u0027https:\/\/sobusygirls.fr\/media\/cache\/w330\/uploads\/post\/square\/c3060fabb958a4febf94e300460332aac0e6282d.jpeg\u0027)\u0022\u003E\u003C\/div\u003E\n                \u003Cdiv class=\u0022post-bottom\u0022\u003E\n            \u003Cspan class=\u0022post-category\u0022\u003EActus\u003C\/span\u003E\n            \u003Cspan class=\u0022post-title\u0022\u003E\u201cVous \u00eates totalement tar\u00e9e\u201d\u0026nbsp;: Marine Tondelier insult\u00e9e en direct sur BFMTV, la s\u00e9quence...\u003C\/span\u003E\n            \u003Cspan class=\u0022post-author\u0022\u003ECl\u00e9mence\u003C\/span\u003E\n            \u003Cspan class=\u0022post-date\u0022\u003E13 : 39\u003C\/span\u003E\n        \u003C\/div\u003E\n    \u003C\/a\u003E\n\u003C\/div\u003E\n            \u003Cdiv class=\u0022post-list-item post-list-item-small col col-4\u0022\u003E\n    \u003Ca href=\u0022\/2026\/02\/09\/gabriel-attal-fetes-matignon-pavillon-musique-voisin-bruyant\/\u0022\u003E\n                    \u003Cdiv class=\u0022post-cover\u0022 style=\u0022background-image:url(\u0027https:\/\/sobusygirls.fr\/media\/cache\/w190\/uploads\/post\/large\/5593f6a4d13bfdce97b4cd2a8c8ddcdc31bb8d7f.jpeg\u0027)\u0022\u003E\u003C\/div\u003E\n            \u003Cdiv class=\u0022post-cover-alt\u0022 style=\u0022background-image: url(\u0027https:\/\/sobusygirls.fr\/media\/cache\/w330\/uploads\/post\/square\/5593f6a4d13bfdce97b4cd2a8c8ddcdc31bb8d7f.jpeg\u0027)\u0022\u003E\u003C\/div\u003E\n                \u003Cdiv class=\u0022post-bottom\u0022\u003E\n            \u003Cspan class=\u0022post-category\u0022\u003EActus\u003C\/span\u003E\n            \u003Cspan class=\u0022post-title\u0022\u003E\u201cF\u00eates trop bruyantes\u201d, voisins agac\u00e9s\u0026nbsp;: ce qui se murmurait vraiment \u00e0 Matignon sous Gabr...\u003C\/span\u003E\n            \u003Cspan class=\u0022post-author\u0022\u003ECl\u00e9mence\u003C\/span\u003E\n            \u003Cspan class=\u0022post-date\u0022\u003E13 : 33\u003C\/span\u003E\n        \u003C\/div\u003E\n    \u003C\/a\u003E\n\u003C\/div\u003E\n            \u003Cdiv class=\u0022post-list-item post-list-item-small col col-4\u0022\u003E\n    \u003Ca href=\u0022\/2026\/02\/10\/sebastien-lecornu-pavillon-de-musique-maison-matignon\/\u0022\u003E\n                    \u003Cdiv class=\u0022post-cover\u0022 style=\u0022background-image:url(\u0027https:\/\/sobusygirls.fr\/media\/cache\/w190\/uploads\/post\/large\/ff81dadb6e25066ff82f5d4a568593efcd67005b.jpeg\u0027)\u0022\u003E\u003C\/div\u003E\n            \u003Cdiv class=\u0022post-cover-alt\u0022 style=\u0022background-image: url(\u0027https:\/\/sobusygirls.fr\/media\/cache\/w330\/uploads\/post\/square\/ff81dadb6e25066ff82f5d4a568593efcd67005b.jpeg\u0027)\u0022\u003E\u003C\/div\u003E\n                \u003Cdiv class=\u0022post-bottom\u0022\u003E\n            \u003Cspan class=\u0022post-category\u0022\u003EActus\u003C\/span\u003E\n            \u003Cspan class=\u0022post-title\u0022\u003ES\u00e9bastien Lecornu et la myst\u00e9rieuse petite maison blanche de Matignon o\u00f9 il vit et qui ali...\u003C\/span\u003E\n            \u003Cspan class=\u0022post-author\u0022\u003ECl\u00e9mence\u003C\/span\u003E\n            \u003Cspan class=\u0022post-date\u0022\u003E13 : 27\u003C\/span\u003E\n        \u003C\/div\u003E\n    \u003C\/a\u003E\n\u003C\/div\u003E\n            \u003Cdiv class=\u0022post-list-item post-list-item-small col col-4\u0022\u003E\n    \u003Ca href=\u0022\/2026\/02\/22\/kate-middleton-william-trone-arrestation-prince-andrew-affaire-epstein\/\u0022\u003E\n                    \u003Cdiv class=\u0022post-cover\u0022 style=\u0022background-image:url(\u0027https:\/\/sobusygirls.fr\/media\/cache\/w190\/uploads\/post\/large\/0bfe76a52fc8e6bc302c054daebbfc7e9cfc6c23.jpeg\u0027)\u0022\u003E\u003C\/div\u003E\n            \u003Cdiv class=\u0022post-cover-alt\u0022 style=\u0022background-image: url(\u0027https:\/\/sobusygirls.fr\/media\/cache\/w330\/uploads\/post\/square\/0bfe76a52fc8e6bc302c054daebbfc7e9cfc6c23.jpeg\u0027)\u0022\u003E\u003C\/div\u003E\n                \u003Cdiv class=\u0022post-bottom\u0022\u003E\n            \u003Cspan class=\u0022post-category\u0022\u003EActus\u003C\/span\u003E\n            \u003Cspan class=\u0022post-title\u0022\u003EKate Middleton et William bient\u00f4t propuls\u00e9s sur le tr\u00f4ne\u0026nbsp;? L\u2019arrestation d\u2019Andrew qui pour...\u003C\/span\u003E\n            \u003Cspan class=\u0022post-author\u0022\u003ECl\u00e9mence\u003C\/span\u003E\n            \u003Cspan class=\u0022post-date\u0022\u003E13 : 24\u003C\/span\u003E\n        \u003C\/div\u003E\n    \u003C\/a\u003E\n\u003C\/div\u003E\n            \u003Cdiv class=\u0022post-list-item post-list-item-small col col-4\u0022\u003E\n    \u003Ca href=\u0022\/2026\/04\/20\/lune-des-fleurs-lune-du-lait-ces-noms-etonnants-donnes-a-la-pleine-lune-du-1er-mai\/\u0022\u003E\n                    \u003Cdiv class=\u0022post-cover\u0022 style=\u0022background-image:url(\u0027https:\/\/sobusygirls.fr\/media\/cache\/w190\/uploads\/post\/large\/666314ea0e1add8df3ec110c7880f3b961099824.jpeg\u0027)\u0022\u003E\u003C\/div\u003E\n            \u003Cdiv class=\u0022post-cover-alt\u0022 style=\u0022background-image: url(\u0027https:\/\/sobusygirls.fr\/media\/cache\/w330\/uploads\/post\/square\/666314ea0e1add8df3ec110c7880f3b961099824.jpeg\u0027)\u0022\u003E\u003C\/div\u003E\n                \u003Cdiv class=\u0022post-bottom\u0022\u003E\n            \u003Cspan class=\u0022post-category\u0022\u003EActus\u003C\/span\u003E\n            \u003Cspan class=\u0022post-title\u0022\u003E\u0022Lune des fleurs, lune du lait\u0022\u0026nbsp;: ces noms \u00e9tonnants donn\u00e9s \u00e0 la pleine lune du 1er mai\u003C\/span\u003E\n            \u003Cspan class=\u0022post-author\u0022\u003ECl\u00e9mence\u003C\/span\u003E\n            \u003Cspan class=\u0022post-date\u0022\u003E13 : 23\u003C\/span\u003E\n        \u003C\/div\u003E\n    \u003C\/a\u003E\n\u003C\/div\u003E\n            \u003Cdiv class=\u0022post-list-item post-list-item-small col col-4\u0022\u003E\n    \u003Ca href=\u0022\/2025\/08\/22\/ca-ne-menerve-meme-pas-lactrice-golshifteh-farahani-repond-aux-rumeurs-dune-liaison-avec-emmanuel-macron\/\u0022\u003E\n                    \u003Cdiv class=\u0022post-cover\u0022 style=\u0022background-image:url(\u0027https:\/\/sobusygirls.fr\/media\/cache\/w190\/uploads\/post\/large\/31038e13993a97f70e073f8c5ad3572993055f1a.jpeg\u0027)\u0022\u003E\u003C\/div\u003E\n            \u003Cdiv class=\u0022post-cover-alt\u0022 style=\u0022background-image: url(\u0027https:\/\/sobusygirls.fr\/media\/cache\/w330\/uploads\/post\/square\/31038e13993a97f70e073f8c5ad3572993055f1a.jpeg\u0027)\u0022\u003E\u003C\/div\u003E\n                \u003Cdiv class=\u0022post-bottom\u0022\u003E\n            \u003Cspan class=\u0022post-category\u0022\u003EActus\u003C\/span\u003E\n            \u003Cspan class=\u0022post-title\u0022\u003E\u00ab \u00c7a ne m\u2019\u00e9nerve m\u00eame pas \u00bb\u0026nbsp;: l\u0027actrice Golshifteh Farahani r\u00e9pond aux rumeurs d\u0027une liais...\u003C\/span\u003E\n            \u003Cspan class=\u0022post-author\u0022\u003ECl\u00e9mence\u003C\/span\u003E\n            \u003Cspan class=\u0022post-date\u0022\u003E12 : 51\u003C\/span\u003E\n        \u003C\/div\u003E\n    \u003C\/a\u003E\n\u003C\/div\u003E\n            \u003Cdiv class=\u0022post-list-item post-list-item-small col col-4\u0022\u003E\n    \u003Ca href=\u0022\/2025\/08\/30\/fauve-hautot-annonce-depart-danse-avec-les-stars\/\u0022\u003E\n                    \u003Cdiv class=\u0022post-cover\u0022 style=\u0022background-image:url(\u0027https:\/\/sobusygirls.fr\/media\/cache\/w190\/uploads\/post\/large\/be01eea8ca378523643589eeb81cfc922f351933.jpeg\u0027)\u0022\u003E\u003C\/div\u003E\n            \u003Cdiv class=\u0022post-cover-alt\u0022 style=\u0022background-image: url(\u0027https:\/\/sobusygirls.fr\/media\/cache\/w330\/uploads\/post\/square\/be01eea8ca378523643589eeb81cfc922f351933.jpeg\u0027)\u0022\u003E\u003C\/div\u003E\n                \u003Cdiv class=\u0022post-bottom\u0022\u003E\n            \u003Cspan class=\u0022post-category\u0022\u003EActus\u003C\/span\u003E\n            \u003Cspan class=\u0022post-title\u0022\u003E\u00ab On ne me reverra jamais \u00bb\u0026nbsp;: Fauve Hautot fait une annonce choc qui attriste les fans de...\u003C\/span\u003E\n            \u003Cspan class=\u0022post-author\u0022\u003ECl\u00e9mence\u003C\/span\u003E\n            \u003Cspan class=\u0022post-date\u0022\u003E12 : 48\u003C\/span\u003E\n        \u003C\/div\u003E\n    \u003C\/a\u003E\n\u003C\/div\u003E\n            \u003Cdiv class=\u0022post-list-item post-list-item-small col col-4\u0022\u003E\n    \u003Ca href=\u0022\/2026\/02\/14\/carla-bruni-saint-valentin-secret-couple-nicolas-sarkozy-prison-mantra-amour\/\u0022\u003E\n                    \u003Cdiv class=\u0022post-cover\u0022 style=\u0022background-image:url(\u0027https:\/\/sobusygirls.fr\/media\/cache\/w190\/uploads\/post\/large\/0be5fd6b5004140f85170d3099e78717410e4e1e.jpeg\u0027)\u0022\u003E\u003C\/div\u003E\n            \u003Cdiv class=\u0022post-cover-alt\u0022 style=\u0022background-image: url(\u0027https:\/\/sobusygirls.fr\/media\/cache\/w330\/uploads\/post\/square\/0be5fd6b5004140f85170d3099e78717410e4e1e.jpeg\u0027)\u0022\u003E\u003C\/div\u003E\n                \u003Cdiv class=\u0022post-bottom\u0022\u003E\n            \u003Cspan class=\u0022post-category\u0022\u003EActus\u003C\/span\u003E\n            \u003Cspan class=\u0022post-title\u0022\u003ECarla Bruni c\u00e9l\u00e8bre la Saint-Valentin et d\u00e9voile le secret de son couple avec Nicolas Sark...\u003C\/span\u003E\n            \u003Cspan class=\u0022post-author\u0022\u003ECl\u00e9mence\u003C\/span\u003E\n            \u003Cspan class=\u0022post-date\u0022\u003E12 : 42\u003C\/span\u003E\n        \u003C\/div\u003E\n    \u003C\/a\u003E\n\u003C\/div\u003E\n            \u003Cdiv class=\u0022post-list-item post-list-item-small col col-4\u0022\u003E\n    \u003Ca href=\u0022\/2025\/12\/07\/dites-a-votre-femme-que-le-message-totalement-inattendu-de-marine-le-pen-a-nicolas-sarkozy\/\u0022\u003E\n                    \u003Cdiv class=\u0022post-cover\u0022 style=\u0022background-image:url(\u0027https:\/\/sobusygirls.fr\/media\/cache\/w190\/uploads\/post\/large\/be5d6cb28fc46db90399086983528c797aff66d3.jpeg\u0027)\u0022\u003E\u003C\/div\u003E\n            \u003Cdiv class=\u0022post-cover-alt\u0022 style=\u0022background-image: url(\u0027https:\/\/sobusygirls.fr\/media\/cache\/w330\/uploads\/post\/square\/be5d6cb28fc46db90399086983528c797aff66d3.jpeg\u0027)\u0022\u003E\u003C\/div\u003E\n                \u003Cdiv class=\u0022post-bottom\u0022\u003E\n            \u003Cspan class=\u0022post-category\u0022\u003EActus\u003C\/span\u003E\n            \u003Cspan class=\u0022post-title\u0022\u003E\u0022Dites \u00e0 votre femme que\u2026\u0022\u0026nbsp;: le message totalement inattendu de Marine Le Pen \u00e0 Nicolas Sa...\u003C\/span\u003E\n            \u003Cspan class=\u0022post-author\u0022\u003ECl\u00e9mence\u003C\/span\u003E\n            \u003Cspan class=\u0022post-date\u0022\u003E12 : 33\u003C\/span\u003E\n        \u003C\/div\u003E\n    \u003C\/a\u003E\n\u003C\/div\u003E\n            \u003Cdiv class=\u0022post-list-item post-list-item-small col col-4\u0022\u003E\n    \u003Ca href=\u0022\/2026\/04\/26\/brigitte-macron-tiphaine-auziere-maroc-apparition-surprise-analyse\/\u0022\u003E\n                    \u003Cdiv class=\u0022post-cover\u0022 style=\u0022background-image:url(\u0027https:\/\/sobusygirls.fr\/media\/cache\/w190\/uploads\/post\/large\/400e31a59eec5c7318c074270b13f79c51b163e4.jpeg\u0027)\u0022\u003E\u003C\/div\u003E\n            \u003Cdiv class=\u0022post-cover-alt\u0022 style=\u0022background-image: url(\u0027https:\/\/sobusygirls.fr\/media\/cache\/w330\/uploads\/post\/square\/400e31a59eec5c7318c074270b13f79c51b163e4.jpeg\u0027)\u0022\u003E\u003C\/div\u003E\n                \u003Cdiv class=\u0022post-bottom\u0022\u003E\n            \u003Cspan class=\u0022post-category\u0022\u003EActus\u003C\/span\u003E\n            \u003Cspan class=\u0022post-title\u0022\u003EOn pensait Brigitte Macron seule\u0026nbsp;: pourquoi cette apparition avec sa fille au Maroc fait a...\u003C\/span\u003E\n            \u003Cspan class=\u0022post-author\u0022\u003ECl\u00e9mence\u003C\/span\u003E\n            \u003Cspan class=\u0022post-date\u0022\u003E12 : 30\u003C\/span\u003E\n        \u003C\/div\u003E\n    \u003C\/a\u003E\n\u003C\/div\u003E\n            \u003Cdiv class=\u0022post-list-item post-list-item-small col col-4\u0022\u003E\n    \u003Ca href=\u0022\/2025\/09\/10\/sebastien-lecornu-fortune-patrimoine-maisons-eure\/\u0022\u003E\n                    \u003Cdiv class=\u0022post-cover\u0022 style=\u0022background-image:url(\u0027https:\/\/sobusygirls.fr\/media\/cache\/w190\/uploads\/post\/large\/b37499903cc88b91786dc8607fce6c2284d1bd1e.jpeg\u0027)\u0022\u003E\u003C\/div\u003E\n            \u003Cdiv class=\u0022post-cover-alt\u0022 style=\u0022background-image: url(\u0027https:\/\/sobusygirls.fr\/media\/cache\/w330\/uploads\/post\/square\/b37499903cc88b91786dc8607fce6c2284d1bd1e.jpeg\u0027)\u0022\u003E\u003C\/div\u003E\n                \u003Cdiv class=\u0022post-bottom\u0022\u003E\n            \u003Cspan class=\u0022post-category\u0022\u003EActus\u003C\/span\u003E\n            \u003Cspan class=\u0022post-title\u0022\u003EDeux maisons, des pr\u00eats et un salaire de ministre\u0026nbsp;: le patrimoine de S\u00e9bastien Lecornu d\u00e9v...\u003C\/span\u003E\n            \u003Cspan class=\u0022post-author\u0022\u003ECl\u00e9mence\u003C\/span\u003E\n            \u003Cspan class=\u0022post-date\u0022\u003E12 : 27\u003C\/span\u003E\n        \u003C\/div\u003E\n    \u003C\/a\u003E\n\u003C\/div\u003E\n            \u003Cdiv class=\u0022post-list-item post-list-item-small col col-4\u0022\u003E\n    \u003Ca href=\u0022\/2025\/12\/12\/jordan-bardella-ex-compagne-kerridwen-chatillon-bfmtv\/\u0022\u003E\n                    \u003Cdiv class=\u0022post-cover\u0022 style=\u0022background-image:url(\u0027https:\/\/sobusygirls.fr\/media\/cache\/w190\/uploads\/post\/large\/701076f250b362ce44d17472a076cfc1a46b6539.jpeg\u0027)\u0022\u003E\u003C\/div\u003E\n            \u003Cdiv class=\u0022post-cover-alt\u0022 style=\u0022background-image: url(\u0027https:\/\/sobusygirls.fr\/media\/cache\/w330\/uploads\/post\/square\/701076f250b362ce44d17472a076cfc1a46b6539.jpeg\u0027)\u0022\u003E\u003C\/div\u003E\n                \u003Cdiv class=\u0022post-bottom\u0022\u003E\n            \u003Cspan class=\u0022post-category\u0022\u003EActus\u003C\/span\u003E\n            \u003Cspan class=\u0022post-title\u0022\u003E\u0022Vous fr\u00e9quentiez sa fille\u0022\u0026nbsp;: cette phrase qui a fait vaciller Jordan Bardella en direct s...\u003C\/span\u003E\n            \u003Cspan class=\u0022post-author\u0022\u003ECl\u00e9mence\u003C\/span\u003E\n            \u003Cspan class=\u0022post-date\u0022\u003E12 : 24\u003C\/span\u003E\n        \u003C\/div\u003E\n    \u003C\/a\u003E\n\u003C\/div\u003E\n            \u003Cdiv class=\u0022post-list-item post-list-item-small col col-4\u0022\u003E\n    \u003Ca href=\u0022\/2026\/02\/19\/comme-nourrir-un-monstre-une-ex-collaboratrice-balance-sur-jack-lang-et-ses-methodes-en-pleine-polemique\/\u0022\u003E\n                    \u003Cdiv class=\u0022post-cover\u0022 style=\u0022background-image:url(\u0027https:\/\/sobusygirls.fr\/media\/cache\/w190\/uploads\/post\/large\/f512228480d7a5279bf8c13bf797ccdb671de40f.jpeg\u0027)\u0022\u003E\u003C\/div\u003E\n            \u003Cdiv class=\u0022post-cover-alt\u0022 style=\u0022background-image: url(\u0027https:\/\/sobusygirls.fr\/media\/cache\/w330\/uploads\/post\/square\/f512228480d7a5279bf8c13bf797ccdb671de40f.jpeg\u0027)\u0022\u003E\u003C\/div\u003E\n                \u003Cdiv class=\u0022post-bottom\u0022\u003E\n            \u003Cspan class=\u0022post-category\u0022\u003EActus\u003C\/span\u003E\n            \u003Cspan class=\u0022post-title\u0022\u003E\u0022Comme nourrir un monstre\u0022\u0026nbsp;: une ex-collaboratrice balance sur Jack Lang et ses m\u00e9thodes e...\u003C\/span\u003E\n            \u003Cspan class=\u0022post-author\u0022\u003ECl\u00e9mence\u003C\/span\u003E\n            \u003Cspan class=\u0022post-date\u0022\u003E12 : 21\u003C\/span\u003E\n        \u003C\/div\u003E\n    \u003C\/a\u003E\n\u003C\/div\u003E\n            \u003Cdiv class=\u0022post-list-item post-list-item-small col col-4\u0022\u003E\n    \u003Ca href=\u0022\/2026\/04\/30\/lit-simple-avec-ou-sans-tiroir-quel-modele-choisir-pour-optimiser-lespace-dans-la-chambre\/\u0022\u003E\n                    \u003Cdiv class=\u0022post-cover\u0022 style=\u0022background-image:url(\u0027https:\/\/sobusygirls.fr\/media\/cache\/w190\/uploads\/post\/large\/468c7ecb38f6bad38a910c455567e329f3d8ea62.jpeg\u0027)\u0022\u003E\u003C\/div\u003E\n            \u003Cdiv class=\u0022post-cover-alt\u0022 style=\u0022background-image: url(\u0027https:\/\/sobusygirls.fr\/media\/cache\/w330\/uploads\/post\/square\/468c7ecb38f6bad38a910c455567e329f3d8ea62.jpeg\u0027)\u0022\u003E\u003C\/div\u003E\n                \u003Cdiv class=\u0022post-bottom\u0022\u003E\n            \u003Cspan class=\u0022post-category\u0022\u003ELifestyle\u003C\/span\u003E\n            \u003Cspan class=\u0022post-title\u0022\u003ELit simple avec ou sans tiroir\u0026nbsp;: quel mod\u00e8le choisir pour optimiser l\u0027espace dans la chamb...\u003C\/span\u003E\n            \u003Cspan class=\u0022post-author\u0022\u003ECl\u00e9mence\u003C\/span\u003E\n            \u003Cspan class=\u0022post-date\u0022\u003E12 : 00\u003C\/span\u003E\n        \u003C\/div\u003E\n    \u003C\/a\u003E\n\u003C\/div\u003E\n            \u003Cdiv class=\u0022post-list-item post-list-item-small col col-4\u0022\u003E\n    \u003Ca href=\u0022\/2026\/02\/08\/emmanuel-macron-retour-elysee-2032-plan-secret\/\u0022\u003E\n                    \u003Cdiv class=\u0022post-cover\u0022 style=\u0022background-image:url(\u0027https:\/\/sobusygirls.fr\/media\/cache\/w190\/uploads\/post\/large\/255185ff95a879077a505584e4e765e8687ba5f8.jpeg\u0027)\u0022\u003E\u003C\/div\u003E\n            \u003Cdiv class=\u0022post-cover-alt\u0022 style=\u0022background-image: url(\u0027https:\/\/sobusygirls.fr\/media\/cache\/w330\/uploads\/post\/square\/255185ff95a879077a505584e4e765e8687ba5f8.jpeg\u0027)\u0022\u003E\u003C\/div\u003E\n                \u003Cdiv class=\u0022post-bottom\u0022\u003E\n            \u003Cspan class=\u0022post-category\u0022\u003EActus\u003C\/span\u003E\n            \u003Cspan class=\u0022post-title\u0022\u003E\u201c\u00c7a le fait enrager\u201d\u0026nbsp;: pourquoi Emmanuel Macron pr\u00e9pare d\u00e9j\u00e0 l\u2019apr\u00e8s 2027\u003C\/span\u003E\n            \u003Cspan class=\u0022post-author\u0022\u003ECl\u00e9mence\u003C\/span\u003E\n            \u003Cspan class=\u0022post-date\u0022\u003E11 : 51\u003C\/span\u003E\n        \u003C\/div\u003E\n    \u003C\/a\u003E\n\u003C\/div\u003E\n            \u003Cdiv class=\u0022post-list-item post-list-item-small col col-4\u0022\u003E\n    \u003Ca href=\u0022\/2026\/04\/22\/quelques-mois-avant-sa-mort-nathalie-baye-lachait-cette-phrase-troublante-sur-laeticia-hallyday\/\u0022\u003E\n                    \u003Cdiv class=\u0022post-cover\u0022 style=\u0022background-image:url(\u0027https:\/\/sobusygirls.fr\/media\/cache\/w190\/uploads\/post\/large\/d6eaf5dc97346ca157e32b2eaa08a47ac9290041.jpeg\u0027)\u0022\u003E\u003C\/div\u003E\n            \u003Cdiv class=\u0022post-cover-alt\u0022 style=\u0022background-image: url(\u0027https:\/\/sobusygirls.fr\/media\/cache\/w330\/uploads\/post\/square\/d6eaf5dc97346ca157e32b2eaa08a47ac9290041.jpeg\u0027)\u0022\u003E\u003C\/div\u003E\n                \u003Cdiv class=\u0022post-bottom\u0022\u003E\n            \u003Cspan class=\u0022post-category\u0022\u003EActus\u003C\/span\u003E\n            \u003Cspan class=\u0022post-title\u0022\u003EQuelques mois avant sa mort, Nathalie Baye l\u00e2chait cette phrase troublante sur Laeticia Ha...\u003C\/span\u003E\n            \u003Cspan class=\u0022post-author\u0022\u003ECl\u00e9mence\u003C\/span\u003E\n            \u003Cspan class=\u0022post-date\u0022\u003E11 : 45\u003C\/span\u003E\n        \u003C\/div\u003E\n    \u003C\/a\u003E\n\u003C\/div\u003E\n            \u003Cdiv class=\u0022post-list-item post-list-item-small col col-4\u0022\u003E\n    \u003Ca href=\u0022\/2026\/01\/29\/jordan-bardella-couple-maria-carolina-bourbon-rumeur-reponse\/\u0022\u003E\n                    \u003Cdiv class=\u0022post-cover\u0022 style=\u0022background-image:url(\u0027https:\/\/sobusygirls.fr\/media\/cache\/w190\/uploads\/post\/large\/828371b86c2583c633f4a934af3a9b8cc7c3a5ba.jpeg\u0027)\u0022\u003E\u003C\/div\u003E\n            \u003Cdiv class=\u0022post-cover-alt\u0022 style=\u0022background-image: url(\u0027https:\/\/sobusygirls.fr\/media\/cache\/w330\/uploads\/post\/square\/828371b86c2583c633f4a934af3a9b8cc7c3a5ba.jpeg\u0027)\u0022\u003E\u003C\/div\u003E\n                \u003Cdiv class=\u0022post-bottom\u0022\u003E\n            \u003Cspan class=\u0022post-category\u0022\u003EActus\u003C\/span\u003E\n            \u003Cspan class=\u0022post-title\u0022\u003ELa r\u00e9ponse de Jordan Bardella \u00e0 la rumeur insistante de son couple avec la princesse Maria...\u003C\/span\u003E\n            \u003Cspan class=\u0022post-author\u0022\u003ECl\u00e9mence\u003C\/span\u003E\n            \u003Cspan class=\u0022post-date\u0022\u003E11 : 33\u003C\/span\u003E\n        \u003C\/div\u003E\n    \u003C\/a\u003E\n\u003C\/div\u003E\n            \u003Cdiv class=\u0022post-list-item post-list-item-small col col-4\u0022\u003E\n    \u003Ca href=\u0022\/2025\/09\/19\/francois-hollande-interview-cice-colere-complement-enquete\/\u0022\u003E\n                    \u003Cdiv class=\u0022post-cover\u0022 style=\u0022background-image:url(\u0027https:\/\/sobusygirls.fr\/media\/cache\/w190\/uploads\/post\/large\/e6bfeb4ff5193f498a07b193f083ef706cc94f14.jpeg\u0027)\u0022\u003E\u003C\/div\u003E\n            \u003Cdiv class=\u0022post-cover-alt\u0022 style=\u0022background-image: url(\u0027https:\/\/sobusygirls.fr\/media\/cache\/w330\/uploads\/post\/square\/e6bfeb4ff5193f498a07b193f083ef706cc94f14.jpeg\u0027)\u0022\u003E\u003C\/div\u003E\n                \u003Cdiv class=\u0022post-bottom\u0022\u003E\n            \u003Cspan class=\u0022post-category\u0022\u003EActus\u003C\/span\u003E\n            \u003Cspan class=\u0022post-title\u0022\u003EFran\u00e7ois Hollande\u0026nbsp;: \u00ab Pas l\u00e0 pour r\u00e9pondre \u00e0 un interrogatoire\u2026 \u00bb, pourquoi l\u2019ex-pr\u00e9sident...\u003C\/span\u003E\n            \u003Cspan class=\u0022post-author\u0022\u003ECl\u00e9mence\u003C\/span\u003E\n            \u003Cspan class=\u0022post-date\u0022\u003E11 : 12\u003C\/span\u003E\n        \u003C\/div\u003E\n    \u003C\/a\u003E\n\u003C\/div\u003E\n    \u003C\/div\u003E\n    \u003Cdiv class=\u0022posts-load-more-container\u0022\u003E\n        \u003Ca href=\u0022\/ajax\/author\/posts?author=clemence\u0026amp;pp=1777540320\u0026amp;pc=1758289273\u0022 id=\u0022posts-load-more\u0022 class=\u0022posts-load-more\u0022\u003ECharger plus d\u0026#039;articles\u003C\/a\u003E\n    \u003C\/div\u003E\n"}