{"content":"\n\u003Cdiv class=\u0022posts row\u0022\u003E\n            \u003Cdiv class=\u0022post-list-item post-list-item-small col col-4\u0022\u003E\n    \u003Ca href=\u0022\/2026\/02\/04\/etudier-a-los-angeles-comme-jade-hallyday-le-vrai-prix-dun-reve-americain\/\u0022\u003E\n                    \u003Cdiv class=\u0022post-cover\u0022 style=\u0022background-image:url(\u0027https:\/\/sobusygirls.fr\/media\/cache\/w190\/uploads\/post\/large\/1e5d56d093b493e9889f42e97547938913b5c937.jpeg\u0027)\u0022\u003E\u003C\/div\u003E\n            \u003Cdiv class=\u0022post-cover-alt\u0022 style=\u0022background-image: url(\u0027https:\/\/sobusygirls.fr\/media\/cache\/w330\/uploads\/post\/square\/1e5d56d093b493e9889f42e97547938913b5c937.jpeg\u0027)\u0022\u003E\u003C\/div\u003E\n                \u003Cdiv class=\u0022post-bottom\u0022\u003E\n            \u003Cspan class=\u0022post-category\u0022\u003EActus\u003C\/span\u003E\n            \u003Cspan class=\u0022post-title\u0022\u003E\u00c9tudier \u00e0 Los Angeles comme Jade Hallyday\u0026nbsp;: le vrai prix d\u2019un r\u00eave am\u00e9ricain\u003C\/span\u003E\n            \u003Cspan class=\u0022post-author\u0022\u003ECl\u00e9mence\u003C\/span\u003E\n            \u003Cspan class=\u0022post-date\u0022\u003E00 : 32\u003C\/span\u003E\n        \u003C\/div\u003E\n    \u003C\/a\u003E\n\u003C\/div\u003E\n            \u003Cdiv class=\u0022post-list-item post-list-item-small col col-4\u0022\u003E\n    \u003Ca href=\u0022\/2026\/04\/02\/nagui-salaire-revelations-commission-enquete-assemblee\/\u0022\u003E\n                    \u003Cdiv class=\u0022post-cover\u0022 style=\u0022background-image:url(\u0027https:\/\/sobusygirls.fr\/media\/cache\/w190\/uploads\/post\/large\/6a41c78e2537df87b1f9e65f41ef1b70c326fa08.jpeg\u0027)\u0022\u003E\u003C\/div\u003E\n            \u003Cdiv class=\u0022post-cover-alt\u0022 style=\u0022background-image: url(\u0027https:\/\/sobusygirls.fr\/media\/cache\/w330\/uploads\/post\/square\/6a41c78e2537df87b1f9e65f41ef1b70c326fa08.jpeg\u0027)\u0022\u003E\u003C\/div\u003E\n                \u003Cdiv class=\u0022post-bottom\u0022\u003E\n            \u003Cspan class=\u0022post-category\u0022\u003EActus\u003C\/span\u003E\n            \u003Cspan class=\u0022post-title\u0022\u003E\u00ab Je gagne tr\u00e8s bien ma vie \u00bb\u0026nbsp;: face aux accusations, Nagui sort du silence et r\u00e9pond sans...\u003C\/span\u003E\n            \u003Cspan class=\u0022post-author\u0022\u003ECl\u00e9mence\u003C\/span\u003E\n            \u003Cspan class=\u0022post-date\u0022\u003E00 : 27\u003C\/span\u003E\n        \u003C\/div\u003E\n    \u003C\/a\u003E\n\u003C\/div\u003E\n            \u003Cdiv class=\u0022post-list-item post-list-item-small col col-4\u0022\u003E\n    \u003Ca href=\u0022\/2026\/04\/02\/nathalie-saint-cricq-suspension-france-2-reactions-interne\/\u0022\u003E\n                    \u003Cdiv class=\u0022post-cover\u0022 style=\u0022background-image:url(\u0027https:\/\/sobusygirls.fr\/media\/cache\/w190\/uploads\/post\/large\/4a98b6422727d16ba09c23eec4c11231dcc07123.jpeg\u0027)\u0022\u003E\u003C\/div\u003E\n            \u003Cdiv class=\u0022post-cover-alt\u0022 style=\u0022background-image: url(\u0027https:\/\/sobusygirls.fr\/media\/cache\/w330\/uploads\/post\/square\/4a98b6422727d16ba09c23eec4c11231dcc07123.jpeg\u0027)\u0022\u003E\u003C\/div\u003E\n                \u003Cdiv class=\u0022post-bottom\u0022\u003E\n            \u003Cspan class=\u0022post-category\u0022\u003EActus\u003C\/span\u003E\n            \u003Cspan class=\u0022post-title\u0022\u003E\u00ab Elle est en fin de r\u00e8gne \u00bb\u0026nbsp;: ce que disent vraiment les \u00e9quipes de France T\u00e9l\u00e9visions su...\u003C\/span\u003E\n            \u003Cspan class=\u0022post-author\u0022\u003ECl\u00e9mence\u003C\/span\u003E\n            \u003Cspan class=\u0022post-date\u0022\u003E00 : 22\u003C\/span\u003E\n        \u003C\/div\u003E\n    \u003C\/a\u003E\n\u003C\/div\u003E\n            \u003Cdiv class=\u0022post-list-item post-list-item-small col col-4\u0022\u003E\n    \u003Ca href=\u0022\/2026\/04\/02\/patrick-bruel-accuse-pourquoi-les-propos-danny-duperey-pour-prendre-sa-defense-font-autant-reagir\/\u0022\u003E\n                    \u003Cdiv class=\u0022post-cover\u0022 style=\u0022background-image:url(\u0027https:\/\/sobusygirls.fr\/media\/cache\/w190\/uploads\/post\/large\/b4e22502101827836b5e74aa498ead845c97a547.jpeg\u0027)\u0022\u003E\u003C\/div\u003E\n            \u003Cdiv class=\u0022post-cover-alt\u0022 style=\u0022background-image: url(\u0027https:\/\/sobusygirls.fr\/media\/cache\/w330\/uploads\/post\/square\/b4e22502101827836b5e74aa498ead845c97a547.jpeg\u0027)\u0022\u003E\u003C\/div\u003E\n                \u003Cdiv class=\u0022post-bottom\u0022\u003E\n            \u003Cspan class=\u0022post-category\u0022\u003EActus\u003C\/span\u003E\n            \u003Cspan class=\u0022post-title\u0022\u003EPatrick Bruel accus\u00e9\u0026nbsp;: pourquoi les propos d\u2019Anny Duperey pour prendre sa d\u00e9fense font aut...\u003C\/span\u003E\n            \u003Cspan class=\u0022post-author\u0022\u003ECl\u00e9mence\u003C\/span\u003E\n            \u003Cspan class=\u0022post-date\u0022\u003E00 : 17\u003C\/span\u003E\n        \u003C\/div\u003E\n    \u003C\/a\u003E\n\u003C\/div\u003E\n            \u003Cdiv class=\u0022post-list-item post-list-item-small col col-4\u0022\u003E\n    \u003Ca href=\u0022\/2026\/03\/12\/meme-un-cafe-cetait-moi-qui-payais-ces-confidences-danciens-proches-qui-embarrassent-jack-lang\/\u0022\u003E\n                    \u003Cdiv class=\u0022post-cover\u0022 style=\u0022background-image:url(\u0027https:\/\/sobusygirls.fr\/media\/cache\/w190\/uploads\/post\/large\/6b2da222ba8337879c8c1d297b8bfdab7ba21731.jpeg\u0027)\u0022\u003E\u003C\/div\u003E\n            \u003Cdiv class=\u0022post-cover-alt\u0022 style=\u0022background-image: url(\u0027https:\/\/sobusygirls.fr\/media\/cache\/w330\/uploads\/post\/square\/6b2da222ba8337879c8c1d297b8bfdab7ba21731.jpeg\u0027)\u0022\u003E\u003C\/div\u003E\n                \u003Cdiv class=\u0022post-bottom\u0022\u003E\n            \u003Cspan class=\u0022post-category\u0022\u003EActus\u003C\/span\u003E\n            \u003Cspan class=\u0022post-title\u0022\u003E\u00ab M\u00eame un caf\u00e9, c\u2019\u00e9tait moi qui payais \u00bb\u0026nbsp;: ces confidences d\u2019anciens proches qui embarrass...\u003C\/span\u003E\n            \u003Cspan class=\u0022post-author\u0022\u003ECl\u00e9mence\u003C\/span\u003E\n            \u003Cspan class=\u0022post-date\u0022\u003E00 : 02\u003C\/span\u003E\n        \u003C\/div\u003E\n    \u003C\/a\u003E\n\u003C\/div\u003E\n            \u003Cdiv class=\u0022post-list-item post-list-item-small col col-4\u0022\u003E\n    \u003Ca href=\u0022\/2026\/03\/24\/qui-est-vraiment-la-nouvelle-vaiana-ce-que-lon-decouvre-sur-catherine-lagaaia-dans-les-premieres-images\/\u0022\u003E\n                    \u003Cdiv class=\u0022post-cover\u0022 style=\u0022background-image:url(\u0027https:\/\/sobusygirls.fr\/media\/cache\/w190\/uploads\/post\/large\/a528648fb6f0ee06b3286c53e6646788f46ff844.jpeg\u0027)\u0022\u003E\u003C\/div\u003E\n            \u003Cdiv class=\u0022post-cover-alt\u0022 style=\u0022background-image: url(\u0027https:\/\/sobusygirls.fr\/media\/cache\/w330\/uploads\/post\/square\/a528648fb6f0ee06b3286c53e6646788f46ff844.jpeg\u0027)\u0022\u003E\u003C\/div\u003E\n                \u003Cdiv class=\u0022post-bottom\u0022\u003E\n            \u003Cspan class=\u0022post-category\u0022\u003EActus\u003C\/span\u003E\n            \u003Cspan class=\u0022post-title\u0022\u003EQui est vraiment la nouvelle Vaiana\u0026nbsp;? Ce que l\u2019on d\u00e9couvre sur Catherine Laga\u2019aia dans les...\u003C\/span\u003E\n            \u003Cspan class=\u0022post-author\u0022\u003ECl\u00e9mence\u003C\/span\u003E\n            \u003Cspan class=\u0022post-date\u0022\u003E02 mai 2026\u003C\/span\u003E\n        \u003C\/div\u003E\n    \u003C\/a\u003E\n\u003C\/div\u003E\n            \u003Cdiv class=\u0022post-list-item post-list-item-small col col-4\u0022\u003E\n    \u003Ca href=\u0022\/2026\/04\/02\/patrick-bruel-accuse-chaperon-temoignage-suite-hotel\/\u0022\u003E\n                    \u003Cdiv class=\u0022post-cover\u0022 style=\u0022background-image:url(\u0027https:\/\/sobusygirls.fr\/media\/cache\/w190\/uploads\/post\/large\/867f475ac2909a1d70fa737ddb40e5ee0c5f704c.jpeg\u0027)\u0022\u003E\u003C\/div\u003E\n            \u003Cdiv class=\u0022post-cover-alt\u0022 style=\u0022background-image: url(\u0027https:\/\/sobusygirls.fr\/media\/cache\/w330\/uploads\/post\/square\/867f475ac2909a1d70fa737ddb40e5ee0c5f704c.jpeg\u0027)\u0022\u003E\u003C\/div\u003E\n                \u003Cdiv class=\u0022post-bottom\u0022\u003E\n            \u003Cspan class=\u0022post-category\u0022\u003EActus\u003C\/span\u003E\n            \u003Cspan class=\u0022post-title\u0022\u003E\u00ab Il avait un chaperon \u00bb\u0026nbsp;: ce t\u00e9moignage sur Patrick Bruel qui d\u00e9crit une sc\u00e8ne pr\u00e9cise da...\u003C\/span\u003E\n            \u003Cspan class=\u0022post-author\u0022\u003ECl\u00e9mence\u003C\/span\u003E\n            \u003Cspan class=\u0022post-date\u0022\u003E02 mai 2026\u003C\/span\u003E\n        \u003C\/div\u003E\n    \u003C\/a\u003E\n\u003C\/div\u003E\n            \u003Cdiv class=\u0022post-list-item post-list-item-small col col-4\u0022\u003E\n    \u003Ca href=\u0022\/2026\/02\/18\/carla-bruni-et-nicolas-sarkozy-ce-dejeuner-inattendu-avec-un-animateur-tele-au-restaurant-de-cyril-lignac\/\u0022\u003E\n                    \u003Cdiv class=\u0022post-cover\u0022 style=\u0022background-image:url(\u0027https:\/\/sobusygirls.fr\/media\/cache\/w190\/uploads\/post\/large\/618d190d966845d20bd6d3cdd331eb4cc33c087a.jpeg\u0027)\u0022\u003E\u003C\/div\u003E\n            \u003Cdiv class=\u0022post-cover-alt\u0022 style=\u0022background-image: url(\u0027https:\/\/sobusygirls.fr\/media\/cache\/w330\/uploads\/post\/square\/618d190d966845d20bd6d3cdd331eb4cc33c087a.jpeg\u0027)\u0022\u003E\u003C\/div\u003E\n                \u003Cdiv class=\u0022post-bottom\u0022\u003E\n            \u003Cspan class=\u0022post-category\u0022\u003EActus\u003C\/span\u003E\n            \u003Cspan class=\u0022post-title\u0022\u003ECarla Bruni et Nicolas Sarkozy\u0026nbsp;: ce d\u00e9jeuner inattendu avec un animateur t\u00e9l\u00e9 au restauran...\u003C\/span\u003E\n            \u003Cspan class=\u0022post-author\u0022\u003ECl\u00e9mence\u003C\/span\u003E\n            \u003Cspan class=\u0022post-date\u0022\u003E02 mai 2026\u003C\/span\u003E\n        \u003C\/div\u003E\n    \u003C\/a\u003E\n\u003C\/div\u003E\n            \u003Cdiv class=\u0022post-list-item post-list-item-small col col-4\u0022\u003E\n    \u003Ca href=\u0022\/2026\/04\/01\/david-pujadas-lci-rebond-carriere-apres-france2\/\u0022\u003E\n                    \u003Cdiv class=\u0022post-cover\u0022 style=\u0022background-image:url(\u0027https:\/\/sobusygirls.fr\/media\/cache\/w190\/uploads\/post\/large\/36481bc2a37202c53884cdc0f82c5bd80cf2b0a1.jpeg\u0027)\u0022\u003E\u003C\/div\u003E\n            \u003Cdiv class=\u0022post-cover-alt\u0022 style=\u0022background-image: url(\u0027https:\/\/sobusygirls.fr\/media\/cache\/w330\/uploads\/post\/square\/36481bc2a37202c53884cdc0f82c5bd80cf2b0a1.jpeg\u0027)\u0022\u003E\u003C\/div\u003E\n                \u003Cdiv class=\u0022post-bottom\u0022\u003E\n            \u003Cspan class=\u0022post-category\u0022\u003EActus\u003C\/span\u003E\n            \u003Cspan class=\u0022post-title\u0022\u003EApr\u00e8s son \u00e9viction, David Pujadas a tout reconstruit\u0026nbsp;: comment il a rebondi loin du 20 Heu...\u003C\/span\u003E\n            \u003Cspan class=\u0022post-author\u0022\u003ECl\u00e9mence\u003C\/span\u003E\n            \u003Cspan class=\u0022post-date\u0022\u003E02 mai 2026\u003C\/span\u003E\n        \u003C\/div\u003E\n    \u003C\/a\u003E\n\u003C\/div\u003E\n            \u003Cdiv class=\u0022post-list-item post-list-item-small col col-4\u0022\u003E\n    \u003Ca href=\u0022\/2026\/04\/01\/meghan-harry-montecito-stars-voisins-oprah-aniston-grande\/\u0022\u003E\n                    \u003Cdiv class=\u0022post-cover\u0022 style=\u0022background-image:url(\u0027https:\/\/sobusygirls.fr\/media\/cache\/w190\/uploads\/post\/large\/4eefe205642afb3d5f64572f02af60c2f271218d.jpeg\u0027)\u0022\u003E\u003C\/div\u003E\n            \u003Cdiv class=\u0022post-cover-alt\u0022 style=\u0022background-image: url(\u0027https:\/\/sobusygirls.fr\/media\/cache\/w330\/uploads\/post\/square\/4eefe205642afb3d5f64572f02af60c2f271218d.jpeg\u0027)\u0022\u003E\u003C\/div\u003E\n                \u003Cdiv class=\u0022post-bottom\u0022\u003E\n            \u003Cspan class=\u0022post-category\u0022\u003EActus\u003C\/span\u003E\n            \u003Cspan class=\u0022post-title\u0022\u003EOprah, Aniston, Ariana Grande\u0026nbsp;: pourquoi vivre \u00e0 Montecito n\u2019est pas si simple pour Meghan...\u003C\/span\u003E\n            \u003Cspan class=\u0022post-author\u0022\u003ECl\u00e9mence\u003C\/span\u003E\n            \u003Cspan class=\u0022post-date\u0022\u003E02 mai 2026\u003C\/span\u003E\n        \u003C\/div\u003E\n    \u003C\/a\u003E\n\u003C\/div\u003E\n            \u003Cdiv class=\u0022post-list-item post-list-item-small col col-4\u0022\u003E\n    \u003Ca href=\u0022\/2026\/04\/01\/kate-middleton-william-photo-statues-reactions\/\u0022\u003E\n                    \u003Cdiv class=\u0022post-cover\u0022 style=\u0022background-image:url(\u0027https:\/\/sobusygirls.fr\/media\/cache\/w190\/uploads\/post\/large\/46bcf982090a8835d8d4956fb28b8a4fa08b7778.jpeg\u0027)\u0022\u003E\u003C\/div\u003E\n            \u003Cdiv class=\u0022post-cover-alt\u0022 style=\u0022background-image: url(\u0027https:\/\/sobusygirls.fr\/media\/cache\/w330\/uploads\/post\/square\/46bcf982090a8835d8d4956fb28b8a4fa08b7778.jpeg\u0027)\u0022\u003E\u003C\/div\u003E\n                \u003Cdiv class=\u0022post-bottom\u0022\u003E\n            \u003Cspan class=\u0022post-category\u0022\u003EActus\u003C\/span\u003E\n            \u003Cspan class=\u0022post-title\u0022\u003E\u00ab On dirait des statues de cire \u00bb\u0026nbsp;: la photo de Kate Middleton et William d\u00e9clenche une av...\u003C\/span\u003E\n            \u003Cspan class=\u0022post-author\u0022\u003ECl\u00e9mence\u003C\/span\u003E\n            \u003Cspan class=\u0022post-date\u0022\u003E02 mai 2026\u003C\/span\u003E\n        \u003C\/div\u003E\n    \u003C\/a\u003E\n\u003C\/div\u003E\n            \u003Cdiv class=\u0022post-list-item post-list-item-small col col-4\u0022\u003E\n    \u003Ca href=\u0022\/2026\/04\/01\/maison-meghan-harry-montecito-29-millions-valeur-explosion\/\u0022\u003E\n                    \u003Cdiv class=\u0022post-cover\u0022 style=\u0022background-image:url(\u0027https:\/\/sobusygirls.fr\/media\/cache\/w190\/uploads\/post\/large\/c534fe0bae705afb85dc8ffa7ba7bb67285eceb3.jpeg\u0027)\u0022\u003E\u003C\/div\u003E\n            \u003Cdiv class=\u0022post-cover-alt\u0022 style=\u0022background-image: url(\u0027https:\/\/sobusygirls.fr\/media\/cache\/w330\/uploads\/post\/square\/c534fe0bae705afb85dc8ffa7ba7bb67285eceb3.jpeg\u0027)\u0022\u003E\u003C\/div\u003E\n                \u003Cdiv class=\u0022post-bottom\u0022\u003E\n            \u003Cspan class=\u0022post-category\u0022\u003EActus\u003C\/span\u003E\n            \u003Cspan class=\u0022post-title\u0022\u003EDe 4 millions \u00e0 29 millions\u0026nbsp;: le prix de la maison de Meghan Markle et Harry explose penda...\u003C\/span\u003E\n            \u003Cspan class=\u0022post-author\u0022\u003ECl\u00e9mence\u003C\/span\u003E\n            \u003Cspan class=\u0022post-date\u0022\u003E02 mai 2026\u003C\/span\u003E\n        \u003C\/div\u003E\n    \u003C\/a\u003E\n\u003C\/div\u003E\n            \u003Cdiv class=\u0022post-list-item post-list-item-small col col-4\u0022\u003E\n    \u003Ca href=\u0022\/2026\/03\/12\/adriana-karembeu-marc-lavoine-amour-pourquoi-je-nai-pas-fait-ca-avant\/\u0022\u003E\n                    \u003Cdiv class=\u0022post-cover\u0022 style=\u0022background-image:url(\u0027https:\/\/sobusygirls.fr\/media\/cache\/w190\/uploads\/post\/large\/d600e78b9ed76f53d18884d8efd17ba48627b869.jpeg\u0027)\u0022\u003E\u003C\/div\u003E\n            \u003Cdiv class=\u0022post-cover-alt\u0022 style=\u0022background-image: url(\u0027https:\/\/sobusygirls.fr\/media\/cache\/w330\/uploads\/post\/square\/d600e78b9ed76f53d18884d8efd17ba48627b869.jpeg\u0027)\u0022\u003E\u003C\/div\u003E\n                \u003Cdiv class=\u0022post-bottom\u0022\u003E\n            \u003Cspan class=\u0022post-category\u0022\u003EActus\u003C\/span\u003E\n            \u003Cspan class=\u0022post-title\u0022\u003E\u201cPourquoi je n\u2019ai pas fait \u00e7a avant\u0026nbsp;?\u201d\u0026nbsp;: Adriana Karembeu se livre sans filtre sur son amo...\u003C\/span\u003E\n            \u003Cspan class=\u0022post-author\u0022\u003ECl\u00e9mence\u003C\/span\u003E\n            \u003Cspan class=\u0022post-date\u0022\u003E02 mai 2026\u003C\/span\u003E\n        \u003C\/div\u003E\n    \u003C\/a\u003E\n\u003C\/div\u003E\n            \u003Cdiv class=\u0022post-list-item post-list-item-small col col-4\u0022\u003E\n    \u003Ca href=\u0022\/2026\/03\/13\/prince-william-carole-middleton-relation-familiale\/\u0022\u003E\n                    \u003Cdiv class=\u0022post-cover\u0022 style=\u0022background-image:url(\u0027https:\/\/sobusygirls.fr\/media\/cache\/w190\/uploads\/post\/large\/2913c3ea3b577c51f2edf246f6e8def284ce4cd8.jpeg\u0027)\u0022\u003E\u003C\/div\u003E\n            \u003Cdiv class=\u0022post-cover-alt\u0022 style=\u0022background-image: url(\u0027https:\/\/sobusygirls.fr\/media\/cache\/w330\/uploads\/post\/square\/2913c3ea3b577c51f2edf246f6e8def284ce4cd8.jpeg\u0027)\u0022\u003E\u003C\/div\u003E\n                \u003Cdiv class=\u0022post-bottom\u0022\u003E\n            \u003Cspan class=\u0022post-category\u0022\u003EActus\u003C\/span\u003E\n            \u003Cspan class=\u0022post-title\u0022\u003E\u0022Une bouff\u00e9e d\u2019air frais\u0022\u0026nbsp;: pourquoi le prince William est si attach\u00e9 \u00e0 sa belle-m\u00e8re Caro...\u003C\/span\u003E\n            \u003Cspan class=\u0022post-author\u0022\u003ECl\u00e9mence\u003C\/span\u003E\n            \u003Cspan class=\u0022post-date\u0022\u003E02 mai 2026\u003C\/span\u003E\n        \u003C\/div\u003E\n    \u003C\/a\u003E\n\u003C\/div\u003E\n            \u003Cdiv class=\u0022post-list-item post-list-item-small col col-4\u0022\u003E\n    \u003Ca href=\u0022\/2026\/03\/03\/isabelle-ithurburu-caractere-maxime-nucci-fille-mia-confidences\/\u0022\u003E\n                    \u003Cdiv class=\u0022post-cover\u0022 style=\u0022background-image:url(\u0027https:\/\/sobusygirls.fr\/media\/cache\/w190\/uploads\/post\/large\/3216209ab44c9b6c36b0574d227b89b12358a82e.jpeg\u0027)\u0022\u003E\u003C\/div\u003E\n            \u003Cdiv class=\u0022post-cover-alt\u0022 style=\u0022background-image: url(\u0027https:\/\/sobusygirls.fr\/media\/cache\/w330\/uploads\/post\/square\/3216209ab44c9b6c36b0574d227b89b12358a82e.jpeg\u0027)\u0022\u003E\u003C\/div\u003E\n                \u003Cdiv class=\u0022post-bottom\u0022\u003E\n            \u003Cspan class=\u0022post-category\u0022\u003EActus\u003C\/span\u003E\n            \u003Cspan class=\u0022post-title\u0022\u003EIsabelle Ithurburu \u201cinsupportable\u201d \u00e0 la maison\u0026nbsp;? Ses confidences inattendues sur sa vie av...\u003C\/span\u003E\n            \u003Cspan class=\u0022post-author\u0022\u003ECl\u00e9mence\u003C\/span\u003E\n            \u003Cspan class=\u0022post-date\u0022\u003E02 mai 2026\u003C\/span\u003E\n        \u003C\/div\u003E\n    \u003C\/a\u003E\n\u003C\/div\u003E\n            \u003Cdiv class=\u0022post-list-item post-list-item-small col col-4\u0022\u003E\n    \u003Ca href=\u0022\/2026\/02\/10\/cette-phrase-prononcee-sur-tf1-qui-a-acte-la-fracture-entre-macron-et-attal\/\u0022\u003E\n                    \u003Cdiv class=\u0022post-cover\u0022 style=\u0022background-image:url(\u0027https:\/\/sobusygirls.fr\/media\/cache\/w190\/uploads\/post\/large\/7a11d94eaf1c8f8b1a0066347416c882321548e7.jpeg\u0027)\u0022\u003E\u003C\/div\u003E\n            \u003Cdiv class=\u0022post-cover-alt\u0022 style=\u0022background-image: url(\u0027https:\/\/sobusygirls.fr\/media\/cache\/w330\/uploads\/post\/square\/7a11d94eaf1c8f8b1a0066347416c882321548e7.jpeg\u0027)\u0022\u003E\u003C\/div\u003E\n                \u003Cdiv class=\u0022post-bottom\u0022\u003E\n            \u003Cspan class=\u0022post-category\u0022\u003EActus\u003C\/span\u003E\n            \u003Cspan class=\u0022post-title\u0022\u003ECette phrase prononc\u00e9e sur TF1 qui a act\u00e9 la fracture entre Macron et Attal\u003C\/span\u003E\n            \u003Cspan class=\u0022post-author\u0022\u003ECl\u00e9mence\u003C\/span\u003E\n            \u003Cspan class=\u0022post-date\u0022\u003E02 mai 2026\u003C\/span\u003E\n        \u003C\/div\u003E\n    \u003C\/a\u003E\n\u003C\/div\u003E\n            \u003Cdiv class=\u0022post-list-item post-list-item-small col col-4\u0022\u003E\n    \u003Ca href=\u0022\/2026\/04\/01\/nelson-monfort-france-televisions-cnews-reconversion\/\u0022\u003E\n                    \u003Cdiv class=\u0022post-cover\u0022 style=\u0022background-image:url(\u0027https:\/\/sobusygirls.fr\/media\/cache\/w190\/uploads\/post\/large\/fbc39fce2c1ceeb8d0e3f817971ab0ce30f4dcb3.jpeg\u0027)\u0022\u003E\u003C\/div\u003E\n            \u003Cdiv class=\u0022post-cover-alt\u0022 style=\u0022background-image: url(\u0027https:\/\/sobusygirls.fr\/media\/cache\/w330\/uploads\/post\/square\/fbc39fce2c1ceeb8d0e3f817971ab0ce30f4dcb3.jpeg\u0027)\u0022\u003E\u003C\/div\u003E\n                \u003Cdiv class=\u0022post-bottom\u0022\u003E\n            \u003Cspan class=\u0022post-category\u0022\u003EActus\u003C\/span\u003E\n            \u003Cspan class=\u0022post-title\u0022\u003EApr\u00e8s 25 ans sur France T\u00e9l\u00e9visions, Nelson Monfort change tout et prend une direction ina...\u003C\/span\u003E\n            \u003Cspan class=\u0022post-author\u0022\u003ECl\u00e9mence\u003C\/span\u003E\n            \u003Cspan class=\u0022post-date\u0022\u003E02 mai 2026\u003C\/span\u003E\n        \u003C\/div\u003E\n    \u003C\/a\u003E\n\u003C\/div\u003E\n            \u003Cdiv class=\u0022post-list-item post-list-item-small col col-4\u0022\u003E\n    \u003Ca href=\u0022\/2026\/02\/04\/il-etait-perdu-philippe-lacheau-raconte-la-reaction-de-son-fils-face-a-une-scene-du-film\/\u0022\u003E\n                    \u003Cdiv class=\u0022post-cover\u0022 style=\u0022background-image:url(\u0027https:\/\/sobusygirls.fr\/media\/cache\/w190\/uploads\/post\/large\/9d99b9e6ba7c9214a42e22064886f77da445e16e.jpeg\u0027)\u0022\u003E\u003C\/div\u003E\n            \u003Cdiv class=\u0022post-cover-alt\u0022 style=\u0022background-image: url(\u0027https:\/\/sobusygirls.fr\/media\/cache\/w330\/uploads\/post\/square\/9d99b9e6ba7c9214a42e22064886f77da445e16e.jpeg\u0027)\u0022\u003E\u003C\/div\u003E\n                \u003Cdiv class=\u0022post-bottom\u0022\u003E\n            \u003Cspan class=\u0022post-category\u0022\u003EActus\u003C\/span\u003E\n            \u003Cspan class=\u0022post-title\u0022\u003E\u0022Il \u00e9tait perdu\u0022\u0026nbsp;: Philippe Lacheau raconte la r\u00e9action de son fils face \u00e0 une sc\u00e8ne du fi...\u003C\/span\u003E\n            \u003Cspan class=\u0022post-author\u0022\u003ECl\u00e9mence\u003C\/span\u003E\n            \u003Cspan class=\u0022post-date\u0022\u003E02 mai 2026\u003C\/span\u003E\n        \u003C\/div\u003E\n    \u003C\/a\u003E\n\u003C\/div\u003E\n            \u003Cdiv class=\u0022post-list-item post-list-item-small col col-4\u0022\u003E\n    \u003Ca href=\u0022\/2026\/04\/23\/fort-boyard-2026-date-diffusion-nouveautes-cyril-feraud\/\u0022\u003E\n                    \u003Cdiv class=\u0022post-cover\u0022 style=\u0022background-image:url(\u0027https:\/\/sobusygirls.fr\/media\/cache\/w190\/uploads\/post\/large\/c563886b86a1bf5d59dad05f127cfffe0341b3f9.jpeg\u0027)\u0022\u003E\u003C\/div\u003E\n            \u003Cdiv class=\u0022post-cover-alt\u0022 style=\u0022background-image: url(\u0027https:\/\/sobusygirls.fr\/media\/cache\/w330\/uploads\/post\/square\/c563886b86a1bf5d59dad05f127cfffe0341b3f9.jpeg\u0027)\u0022\u003E\u003C\/div\u003E\n                \u003Cdiv class=\u0022post-bottom\u0022\u003E\n            \u003Cspan class=\u0022post-category\u0022\u003EActus\u003C\/span\u003E\n            \u003Cspan class=\u0022post-title\u0022\u003E\u201cTout va commencer le 4 juillet\u201d\u0026nbsp;: ce que pr\u00e9pare vraiment Fort Boyard pour son grand reto...\u003C\/span\u003E\n            \u003Cspan class=\u0022post-author\u0022\u003ECl\u00e9mence\u003C\/span\u003E\n            \u003Cspan class=\u0022post-date\u0022\u003E02 mai 2026\u003C\/span\u003E\n        \u003C\/div\u003E\n    \u003C\/a\u003E\n\u003C\/div\u003E\n            \u003Cdiv class=\u0022post-list-item post-list-item-small col col-4\u0022\u003E\n    \u003Ca href=\u0022\/2026\/04\/23\/de-la-scene-a-la-polemique-comment-la-tournee-de-patrick-bruel-sest-retrouvee-au-coeur-dun-debat-explosif\/\u0022\u003E\n                    \u003Cdiv class=\u0022post-cover\u0022 style=\u0022background-image:url(\u0027https:\/\/sobusygirls.fr\/media\/cache\/w190\/uploads\/post\/large\/0c8b47bf79284383015b9f543562a7e603146f77.jpeg\u0027)\u0022\u003E\u003C\/div\u003E\n            \u003Cdiv class=\u0022post-cover-alt\u0022 style=\u0022background-image: url(\u0027https:\/\/sobusygirls.fr\/media\/cache\/w330\/uploads\/post\/square\/0c8b47bf79284383015b9f543562a7e603146f77.jpeg\u0027)\u0022\u003E\u003C\/div\u003E\n                \u003Cdiv class=\u0022post-bottom\u0022\u003E\n            \u003Cspan class=\u0022post-category\u0022\u003EActus\u003C\/span\u003E\n            \u003Cspan class=\u0022post-title\u0022\u003EDe la sc\u00e8ne \u00e0 la pol\u00e9mique\u0026nbsp;: comment la tourn\u00e9e de Patrick Bruel s\u2019est retrouv\u00e9e au c\u0153ur d...\u003C\/span\u003E\n            \u003Cspan class=\u0022post-author\u0022\u003ECl\u00e9mence\u003C\/span\u003E\n            \u003Cspan class=\u0022post-date\u0022\u003E02 mai 2026\u003C\/span\u003E\n        \u003C\/div\u003E\n    \u003C\/a\u003E\n\u003C\/div\u003E\n            \u003Cdiv class=\u0022post-list-item post-list-item-small col col-4\u0022\u003E\n    \u003Ca href=\u0022\/2026\/01\/01\/voici-les-3-signes-qui-risquent-de-le-moins-supporter-2026-sauf-sils-comprennent-ce-point-precis\/\u0022\u003E\n                    \u003Cdiv class=\u0022post-cover\u0022 style=\u0022background-image:url(\u0027https:\/\/sobusygirls.fr\/media\/cache\/w190\/uploads\/post\/large\/4de0c6e338e8792e4bea8dfcc0656a9a6b284990.jpeg\u0027)\u0022\u003E\u003C\/div\u003E\n            \u003Cdiv class=\u0022post-cover-alt\u0022 style=\u0022background-image: url(\u0027https:\/\/sobusygirls.fr\/media\/cache\/w330\/uploads\/post\/square\/4de0c6e338e8792e4bea8dfcc0656a9a6b284990.jpeg\u0027)\u0022\u003E\u003C\/div\u003E\n                \u003Cdiv class=\u0022post-bottom\u0022\u003E\n            \u003Cspan class=\u0022post-category\u0022\u003EAstrologie\u003C\/span\u003E\n            \u003Cspan class=\u0022post-title\u0022\u003EVoici les 3 signes qui risquent de le moins supporter 2026\u2026 sauf s\u2019ils comprennent ce poin...\u003C\/span\u003E\n            \u003Cspan class=\u0022post-author\u0022\u003ECl\u00e9mence\u003C\/span\u003E\n            \u003Cspan class=\u0022post-date\u0022\u003E02 mai 2026\u003C\/span\u003E\n        \u003C\/div\u003E\n    \u003C\/a\u003E\n\u003C\/div\u003E\n            \u003Cdiv class=\u0022post-list-item post-list-item-small col col-4\u0022\u003E\n    \u003Ca href=\u0022\/2026\/04\/01\/celine-dion-retour-scene-paris-septembre-etat-sante\/\u0022\u003E\n                    \u003Cdiv class=\u0022post-cover\u0022 style=\u0022background-image:url(\u0027https:\/\/sobusygirls.fr\/media\/cache\/w190\/uploads\/post\/large\/06bf804df86bc0cc5b0560529ff8049209748191.jpeg\u0027)\u0022\u003E\u003C\/div\u003E\n            \u003Cdiv class=\u0022post-cover-alt\u0022 style=\u0022background-image: url(\u0027https:\/\/sobusygirls.fr\/media\/cache\/w330\/uploads\/post\/square\/06bf804df86bc0cc5b0560529ff8049209748191.jpeg\u0027)\u0022\u003E\u003C\/div\u003E\n                \u003Cdiv class=\u0022post-bottom\u0022\u003E\n            \u003Cspan class=\u0022post-category\u0022\u003EActus\u003C\/span\u003E\n            \u003Cspan class=\u0022post-title\u0022\u003E\u00ab Je me sens forte \u00bb\u0026nbsp;: C\u00e9line Dion annonce enfin son retour sur sc\u00e8ne et bouleverse ses fa...\u003C\/span\u003E\n            \u003Cspan class=\u0022post-author\u0022\u003ECl\u00e9mence\u003C\/span\u003E\n            \u003Cspan class=\u0022post-date\u0022\u003E02 mai 2026\u003C\/span\u003E\n        \u003C\/div\u003E\n    \u003C\/a\u003E\n\u003C\/div\u003E\n            \u003Cdiv class=\u0022post-list-item post-list-item-small col col-4\u0022\u003E\n    \u003Ca href=\u0022\/2026\/03\/30\/patrick-bruel-prescription-plainte-belgique-karine-viseur\/\u0022\u003E\n                    \u003Cdiv class=\u0022post-cover\u0022 style=\u0022background-image:url(\u0027https:\/\/sobusygirls.fr\/media\/cache\/w190\/uploads\/post\/large\/bc880e7ab12855697a3d25bdcb58d9abffca7d17.jpeg\u0027)\u0022\u003E\u003C\/div\u003E\n            \u003Cdiv class=\u0022post-cover-alt\u0022 style=\u0022background-image: url(\u0027https:\/\/sobusygirls.fr\/media\/cache\/w330\/uploads\/post\/square\/bc880e7ab12855697a3d25bdcb58d9abffca7d17.jpeg\u0027)\u0022\u003E\u003C\/div\u003E\n                \u003Cdiv class=\u0022post-bottom\u0022\u003E\n            \u003Cspan class=\u0022post-category\u0022\u003EActus\u003C\/span\u003E\n            \u003Cspan class=\u0022post-title\u0022\u003E\u00ab Trop de temps est pass\u00e9, mais... \u00bb\u0026nbsp;: cette plainte contre Patrick Bruel qui pose une que...\u003C\/span\u003E\n            \u003Cspan class=\u0022post-author\u0022\u003ECl\u00e9mence\u003C\/span\u003E\n            \u003Cspan class=\u0022post-date\u0022\u003E02 mai 2026\u003C\/span\u003E\n        \u003C\/div\u003E\n    \u003C\/a\u003E\n\u003C\/div\u003E\n            \u003Cdiv class=\u0022post-list-item post-list-item-small col col-4\u0022\u003E\n    \u003Ca href=\u0022\/2026\/03\/23\/ma-fille-est-devenue-linstrument-de-chantage-adriana-karembeu-choque-avec-des-accusations-tres-graves-contre-son-ex-mari\/\u0022\u003E\n                    \u003Cdiv class=\u0022post-cover\u0022 style=\u0022background-image:url(\u0027https:\/\/sobusygirls.fr\/media\/cache\/w190\/uploads\/post\/large\/c63eeb2a9c4e940cd958c5468d07033a2dbb3d35.jpeg\u0027)\u0022\u003E\u003C\/div\u003E\n            \u003Cdiv class=\u0022post-cover-alt\u0022 style=\u0022background-image: url(\u0027https:\/\/sobusygirls.fr\/media\/cache\/w330\/uploads\/post\/square\/c63eeb2a9c4e940cd958c5468d07033a2dbb3d35.jpeg\u0027)\u0022\u003E\u003C\/div\u003E\n                \u003Cdiv class=\u0022post-bottom\u0022\u003E\n            \u003Cspan class=\u0022post-category\u0022\u003EActus\u003C\/span\u003E\n            \u003Cspan class=\u0022post-title\u0022\u003E\u201cMa fille est devenue l\u0027instrument de chantage\u201d\u0026nbsp;: Adriana Karembeu choque avec des accusat...\u003C\/span\u003E\n            \u003Cspan class=\u0022post-author\u0022\u003ECl\u00e9mence\u003C\/span\u003E\n            \u003Cspan class=\u0022post-date\u0022\u003E02 mai 2026\u003C\/span\u003E\n        \u003C\/div\u003E\n    \u003C\/a\u003E\n\u003C\/div\u003E\n            \u003Cdiv class=\u0022post-list-item post-list-item-small col col-4\u0022\u003E\n    \u003Ca href=\u0022\/2026\/03\/24\/des-images-explicites-sur-une-tablette-ce-que-reproche-aram-andre-ohanian-a-adriana-karembeu\/\u0022\u003E\n                    \u003Cdiv class=\u0022post-cover\u0022 style=\u0022background-image:url(\u0027https:\/\/sobusygirls.fr\/media\/cache\/w190\/uploads\/post\/large\/44508daea2d3e7c4f6989ea2dbb80bf29b9f8ddb.jpeg\u0027)\u0022\u003E\u003C\/div\u003E\n            \u003Cdiv class=\u0022post-cover-alt\u0022 style=\u0022background-image: url(\u0027https:\/\/sobusygirls.fr\/media\/cache\/w330\/uploads\/post\/square\/44508daea2d3e7c4f6989ea2dbb80bf29b9f8ddb.jpeg\u0027)\u0022\u003E\u003C\/div\u003E\n                \u003Cdiv class=\u0022post-bottom\u0022\u003E\n            \u003Cspan class=\u0022post-category\u0022\u003EActus\u003C\/span\u003E\n            \u003Cspan class=\u0022post-title\u0022\u003E\u00ab Des images explicites sur une tablette \u00bb\u0026nbsp;: ce que reproche Aram-Andr\u00e9 Ohanian \u00e0 Adriana...\u003C\/span\u003E\n            \u003Cspan class=\u0022post-author\u0022\u003ECl\u00e9mence\u003C\/span\u003E\n            \u003Cspan class=\u0022post-date\u0022\u003E02 mai 2026\u003C\/span\u003E\n        \u003C\/div\u003E\n    \u003C\/a\u003E\n\u003C\/div\u003E\n            \u003Cdiv class=\u0022post-list-item post-list-item-small col col-4\u0022\u003E\n    \u003Ca href=\u0022\/2026\/03\/24\/dwayne-johnson-en-maui-ce-que-revele-vraiment-la-bande-annonce-de-vaiana-qui-fait-deja-tant-parler\/\u0022\u003E\n                    \u003Cdiv class=\u0022post-cover\u0022 style=\u0022background-image:url(\u0027https:\/\/sobusygirls.fr\/media\/cache\/w190\/uploads\/post\/large\/2f44e3c46f88bac402f3dc7c9ca6da48c66f25ac.jpeg\u0027)\u0022\u003E\u003C\/div\u003E\n            \u003Cdiv class=\u0022post-cover-alt\u0022 style=\u0022background-image: url(\u0027https:\/\/sobusygirls.fr\/media\/cache\/w330\/uploads\/post\/square\/2f44e3c46f88bac402f3dc7c9ca6da48c66f25ac.jpeg\u0027)\u0022\u003E\u003C\/div\u003E\n                \u003Cdiv class=\u0022post-bottom\u0022\u003E\n            \u003Cspan class=\u0022post-category\u0022\u003EActus\u003C\/span\u003E\n            \u003Cspan class=\u0022post-title\u0022\u003EDwayne Johnson en Maui\u0026nbsp;: ce que r\u00e9v\u00e8le vraiment la bande-annonce de Vaiana qui fait d\u00e9j\u00e0 t...\u003C\/span\u003E\n            \u003Cspan class=\u0022post-author\u0022\u003ECl\u00e9mence\u003C\/span\u003E\n            \u003Cspan class=\u0022post-date\u0022\u003E02 mai 2026\u003C\/span\u003E\n        \u003C\/div\u003E\n    \u003C\/a\u003E\n\u003C\/div\u003E\n            \u003Cdiv class=\u0022post-list-item post-list-item-small col col-4\u0022\u003E\n    \u003Ca href=\u0022\/2026\/02\/24\/pousse-vers-la-sortie-samuel-etienne-fait-des-revelations-explosives-sur-france-televisions\/\u0022\u003E\n                    \u003Cdiv class=\u0022post-cover\u0022 style=\u0022background-image:url(\u0027https:\/\/sobusygirls.fr\/media\/cache\/w190\/uploads\/post\/large\/02739bcbb0b6643800ae9e2531037fe1acbaf4c2.jpeg\u0027)\u0022\u003E\u003C\/div\u003E\n            \u003Cdiv class=\u0022post-cover-alt\u0022 style=\u0022background-image: url(\u0027https:\/\/sobusygirls.fr\/media\/cache\/w330\/uploads\/post\/square\/02739bcbb0b6643800ae9e2531037fe1acbaf4c2.jpeg\u0027)\u0022\u003E\u003C\/div\u003E\n                \u003Cdiv class=\u0022post-bottom\u0022\u003E\n            \u003Cspan class=\u0022post-category\u0022\u003EActus\u003C\/span\u003E\n            \u003Cspan class=\u0022post-title\u0022\u003EPouss\u00e9 vers la sortie\u0026nbsp;? Samuel \u00c9tienne fait des r\u00e9v\u00e9lations explosives sur France T\u00e9l\u00e9visi...\u003C\/span\u003E\n            \u003Cspan class=\u0022post-author\u0022\u003ECl\u00e9mence\u003C\/span\u003E\n            \u003Cspan class=\u0022post-date\u0022\u003E02 mai 2026\u003C\/span\u003E\n        \u003C\/div\u003E\n    \u003C\/a\u003E\n\u003C\/div\u003E\n    \u003C\/div\u003E\n    \u003Cdiv class=\u0022posts-load-more-container\u0022\u003E\n        \u003Ca href=\u0022\/ajax\/author\/posts?author=clemence\u0026amp;pp=1777743720\u0026amp;pc=1771969548\u0022 id=\u0022posts-load-more\u0022 class=\u0022posts-load-more\u0022\u003ECharger plus d\u0026#039;articles\u003C\/a\u003E\n    \u003C\/div\u003E\n"}