{"content":"\n\u003Cdiv class=\u0022ajax-loaded\u0022\u003E\n    \u003Cdiv class=\u0022posts\u0022\u003E\n                    \u003Cdiv class=\u0022post-list-item post-list-item-inline\u0022\u003E\n    \u003Ca href=\u0022\/2026\/04\/04\/ca-ma-prive-ce-regret-inattendu-de-francois-hollande-apres-un-diner-quil-na-pas-touche\/\u0022\u003E\n                    \u003Cimg class=\u0022post-cover\u0022 src=\u0022https:\/\/sobusygirls.fr\/media\/cache\/w48\/uploads\/post\/square\/60b65599a07c75b857c8248f7d5bb8af73c9c20c.jpeg\u0022 alt=\u0022\u00ab \u00c7a m\u2019a priv\u00e9\u2026 \u00bb : ce regret inattendu de Fran\u00e7ois Hollan...\u0022\/\u003E\n                \u003Cdiv class=\u0022post-bottom\u0022\u003E\n            \u003Cspan class=\u0022post-title\u0022\u003E\u00ab \u00c7a m\u2019a priv\u00e9\u2026 \u00bb\u0026nbsp;: ce regret inattendu de Fran\u00e7ois Hollande apr\u00e8s un d\u00eener qu\u2019il n\u2019a pas...\u003C\/span\u003E\n            \u003Cspan class=\u0022post-author\u0022\u003ELaura\u003C\/span\u003E\n            \u003Cspan class=\u0022post-date\u0022\u003E24 avril 2026 - 22 : 52\u003C\/span\u003E\n        \u003C\/div\u003E\n    \u003C\/a\u003E\n\u003C\/div\u003E\n                    \u003Cdiv class=\u0022post-list-item post-list-item-inline\u0022\u003E\n    \u003Ca href=\u0022\/2026\/04\/24\/ce-qui-est-le-plus-dur-emmanuel-macron-se-confie-sur-la-fin-de-son-mandat-et-surprend-en-parlant-de-son-avenir-apres-2027\/\u0022\u003E\n                    \u003Cimg class=\u0022post-cover\u0022 src=\u0022https:\/\/sobusygirls.fr\/media\/cache\/w48\/uploads\/post\/square\/4ac98bb9b02dcc58e4e3f21ae54bcad217ff7bb6.jpeg\u0022 alt=\u0022\u201cCe qui est le plus dur\u2026\u201d : Emmanuel Macron se confie sur...\u0022\/\u003E\n                \u003Cdiv class=\u0022post-bottom\u0022\u003E\n            \u003Cspan class=\u0022post-title\u0022\u003E\u201cCe qui est le plus dur\u2026\u201d\u0026nbsp;: Emmanuel Macron se confie sur la fin de son mandat et surprend...\u003C\/span\u003E\n            \u003Cspan class=\u0022post-author\u0022\u003ELaura\u003C\/span\u003E\n            \u003Cspan class=\u0022post-date\u0022\u003E24 avril 2026 - 22 : 50\u003C\/span\u003E\n        \u003C\/div\u003E\n    \u003C\/a\u003E\n\u003C\/div\u003E\n                    \u003Cdiv class=\u0022post-list-item post-list-item-inline\u0022\u003E\n    \u003Ca href=\u0022\/2026\/04\/04\/cest-qui-sur-la-photo-le-cliche-de-gabriel-attal-qui-intrigue-enormement-les-internautes\/\u0022\u003E\n                    \u003Cimg class=\u0022post-cover\u0022 src=\u0022https:\/\/sobusygirls.fr\/media\/cache\/w48\/uploads\/post\/square\/4f125e7614cb2998a00a746df2c7a5dd54dd5b7a.jpeg\u0022 alt=\u0022\u00ab C\u2019est qui sur la photo ? \u00bb : le clich\u00e9 de Gabriel Attal...\u0022\/\u003E\n                \u003Cdiv class=\u0022post-bottom\u0022\u003E\n            \u003Cspan class=\u0022post-title\u0022\u003E\u00ab C\u2019est qui sur la photo\u0026nbsp;? \u00bb\u0026nbsp;: le clich\u00e9 de Gabriel Attal qui intrigue \u00e9norm\u00e9ment les inte...\u003C\/span\u003E\n            \u003Cspan class=\u0022post-author\u0022\u003ELaura\u003C\/span\u003E\n            \u003Cspan class=\u0022post-date\u0022\u003E24 avril 2026 - 22 : 47\u003C\/span\u003E\n        \u003C\/div\u003E\n    \u003C\/a\u003E\n\u003C\/div\u003E\n                    \u003Cdiv class=\u0022post-list-item post-list-item-inline\u0022\u003E\n    \u003Ca href=\u0022\/2026\/04\/24\/je-nai-jamais-appele-a-sa-demission-gabriel-attal-trace-une-ligne-tres-claire-face-a-macron\/\u0022\u003E\n                    \u003Cimg class=\u0022post-cover\u0022 src=\u0022https:\/\/sobusygirls.fr\/media\/cache\/w48\/uploads\/post\/square\/b561a6151bc0fd1dbe248a30dca1dd0f195bc4ab.jpeg\u0022 alt=\u0022\u201cJe n\u2019ai jamais appel\u00e9 \u00e0 sa d\u00e9mission\u201d : Gabriel Attal tra...\u0022\/\u003E\n                \u003Cdiv class=\u0022post-bottom\u0022\u003E\n            \u003Cspan class=\u0022post-title\u0022\u003E\u201cJe n\u2019ai jamais appel\u00e9 \u00e0 sa d\u00e9mission\u201d\u0026nbsp;: Gabriel Attal trace une ligne tr\u00e8s claire face \u00e0...\u003C\/span\u003E\n            \u003Cspan class=\u0022post-author\u0022\u003ELaura\u003C\/span\u003E\n            \u003Cspan class=\u0022post-date\u0022\u003E24 avril 2026 - 22 : 45\u003C\/span\u003E\n        \u003C\/div\u003E\n    \u003C\/a\u003E\n\u003C\/div\u003E\n                    \u003Cdiv class=\u0022post-list-item post-list-item-inline\u0022\u003E\n    \u003Ca href=\u0022\/2026\/04\/04\/nicolas-sarkozy-cadeau-71-ans-3500-euros-surprise\/\u0022\u003E\n                    \u003Cimg class=\u0022post-cover\u0022 src=\u0022https:\/\/sobusygirls.fr\/media\/cache\/w48\/uploads\/post\/square\/97bc744b3af94ac1bebac75a41dc30086cb823eb.jpeg\u0022 alt=\u0022\u00ab 3 500 euros pour un objet tr\u00e8s inattendu \u00bb : ce cadeau o...\u0022\/\u003E\n                \u003Cdiv class=\u0022post-bottom\u0022\u003E\n            \u003Cspan class=\u0022post-title\u0022\u003E\u00ab 3 500 euros pour un objet tr\u00e8s inattendu \u00bb\u0026nbsp;: ce cadeau offert \u00e0 Nicolas Sarkozy pour ses...\u003C\/span\u003E\n            \u003Cspan class=\u0022post-author\u0022\u003ELaura\u003C\/span\u003E\n            \u003Cspan class=\u0022post-date\u0022\u003E24 avril 2026 - 22 : 44\u003C\/span\u003E\n        \u003C\/div\u003E\n    \u003C\/a\u003E\n\u003C\/div\u003E\n                    \u003Cdiv class=\u0022post-list-item post-list-item-inline\u0022\u003E\n    \u003Ca href=\u0022\/2026\/03\/12\/fox-news-excuses-donald-trump-casquette-hommage-soldats\/\u0022\u003E\n                    \u003Cimg class=\u0022post-cover\u0022 src=\u0022https:\/\/sobusygirls.fr\/media\/cache\/w48\/uploads\/post\/square\/819a6d29d8b59443484cd335beace4a28fb5fd6d.jpeg\u0022 alt=\u0022Pourquoi Fox News a \u00e9t\u00e9 oblig\u00e9 de s\u2019excuser apr\u00e8s un monta...\u0022\/\u003E\n                \u003Cdiv class=\u0022post-bottom\u0022\u003E\n            \u003Cspan class=\u0022post-title\u0022\u003EPourquoi Fox News a \u00e9t\u00e9 oblig\u00e9 de s\u2019excuser apr\u00e8s un montage suspect pour prot\u00e9ger Donald...\u003C\/span\u003E\n            \u003Cspan class=\u0022post-author\u0022\u003ELaura\u003C\/span\u003E\n            \u003Cspan class=\u0022post-date\u0022\u003E24 avril 2026 - 22 : 37\u003C\/span\u003E\n        \u003C\/div\u003E\n    \u003C\/a\u003E\n\u003C\/div\u003E\n                    \u003Cdiv class=\u0022post-list-item post-list-item-inline\u0022\u003E\n    \u003Ca href=\u0022\/2026\/04\/01\/anne-claire-coudray-lea-salame-20h-tf1-france2-soutien\/\u0022\u003E\n                    \u003Cimg class=\u0022post-cover\u0022 src=\u0022https:\/\/sobusygirls.fr\/media\/cache\/w48\/uploads\/post\/square\/86722fc38bea78a69435b06d07183a409ba2763f.jpeg\u0022 alt=\u0022Concurrence TF1 \/ France 2 : Anne-Claire Coudray prend pos...\u0022\/\u003E\n                \u003Cdiv class=\u0022post-bottom\u0022\u003E\n            \u003Cspan class=\u0022post-title\u0022\u003EConcurrence TF1 \/ France 2\u0026nbsp;: Anne-Claire Coudray prend position pour L\u00e9a Salam\u00e9 et surpren...\u003C\/span\u003E\n            \u003Cspan class=\u0022post-author\u0022\u003ECl\u00e9mence\u003C\/span\u003E\n            \u003Cspan class=\u0022post-date\u0022\u003E24 avril 2026 - 22 : 32\u003C\/span\u003E\n        \u003C\/div\u003E\n    \u003C\/a\u003E\n\u003C\/div\u003E\n                    \u003Cdiv class=\u0022post-list-item post-list-item-inline\u0022\u003E\n    \u003Ca href=\u0022\/2026\/04\/24\/vous-etes-trop-joli-la-reaction-demmanuel-macron-face-a-des-enfants-a-montlucon-fait-fondre-les-internautes\/\u0022\u003E\n                    \u003Cimg class=\u0022post-cover\u0022 src=\u0022https:\/\/sobusygirls.fr\/media\/cache\/w48\/uploads\/post\/square\/905fb1dbe87e681b86340f0cb0056bd314692d30.jpeg\u0022 alt=\u0022\u201cVous \u00eates trop joli !\u201d : la r\u00e9action d\u2019Emmanuel Macron fa...\u0022\/\u003E\n                \u003Cdiv class=\u0022post-bottom\u0022\u003E\n            \u003Cspan class=\u0022post-title\u0022\u003E\u201cVous \u00eates trop joli\u0026nbsp;!\u201d\u0026nbsp;: la r\u00e9action d\u2019Emmanuel Macron face \u00e0 des enfants \u00e0 Montlu\u00e7on fai...\u003C\/span\u003E\n            \u003Cspan class=\u0022post-author\u0022\u003ELaura\u003C\/span\u003E\n            \u003Cspan class=\u0022post-date\u0022\u003E24 avril 2026 - 22 : 30\u003C\/span\u003E\n        \u003C\/div\u003E\n    \u003C\/a\u003E\n\u003C\/div\u003E\n            \u003C\/div\u003E\n            \u003Cdiv class=\u0022posts-load-more-container\u0022\u003E\n            \u003Ca href=\u0022\/ajax\/home\/posts?pp=1777062600\u0026amp;pc=1777061988\u0022 id=\u0022posts-load-more\u0022 class=\u0022posts-load-more\u0022\u003ECharger plus d\u0026#039;articles\u003C\/a\u003E\n        \u003C\/div\u003E\n    \u003C\/div\u003E\n"}